{"id":10000,"date":"2023-06-10T00:42:24","date_gmt":"2023-06-09T22:42:24","guid":{"rendered":"http:\/\/fibrainternacional.org\/?p=10000"},"modified":"2023-06-10T00:42:25","modified_gmt":"2023-06-09T22:42:25","slug":"ato-debate-em-lisboa","status":"publish","type":"post","link":"https:\/\/fibrainternacional.org\/?p=10000","title":{"rendered":"Ato debate em Lisboa","gt_translate_keys":[{"key":"rendered","format":"text"}]},"content":{"rendered":"\n<p><\/p>\n\n\n<div class=\"wp-block-image is-style-default\">\n<figure class=\"alignright size-large is-resized\"><img decoding=\"async\" src=\"http:\/\/fibrainternacional.org\/wp-content\/uploads\/2023\/06\/Screenshot-2023-06-10-at-00.14.38-1024x575.png\" alt=\"\" class=\"wp-image-10001\" width=\"267\" height=\"149\" srcset=\"https:\/\/fibrainternacional.org\/wp-content\/uploads\/2023\/06\/Screenshot-2023-06-10-at-00.14.38-1024x575.png 1024w, https:\/\/fibrainternacional.org\/wp-content\/uploads\/2023\/06\/Screenshot-2023-06-10-at-00.14.38-300x168.png 300w, https:\/\/fibrainternacional.org\/wp-content\/uploads\/2023\/06\/Screenshot-2023-06-10-at-00.14.38-768x431.png 768w, https:\/\/fibrainternacional.org\/wp-content\/uploads\/2023\/06\/Screenshot-2023-06-10-at-00.14.38-1536x862.png 1536w, https:\/\/fibrainternacional.org\/wp-content\/uploads\/2023\/06\/Screenshot-2023-06-10-at-00.14.38-2048x1149.png 2048w, https:\/\/fibrainternacional.org\/wp-content\/uploads\/2023\/06\/Screenshot-2023-06-10-at-00.14.38-1170x657.png 1170w, https:\/\/fibrainternacional.org\/wp-content\/uploads\/2023\/06\/Screenshot-2023-06-10-at-00.14.38-600x337.png 600w\" sizes=\"(max-width: 267px) 100vw, 267px\" \/><\/figure>\n<\/div>\n\n\n<p>O Coletivo Andorinha promoveu na quarta-feira 07 de junho, um ato-debate em apoio aos povos ind\u00edgenas do Brasil. O Ato serviu de alerta contra a imposi\u00e7\u00e3o da agenda conservadora do congresso nacional, cuja aprova\u00e7\u00e3o do Marco Temporal gerar\u00e1 impactos irrevers\u00edveis ao Brasil, em particular aos povos que habitam as florestas e outros territ\u00f3rios nas diversas regi\u00f5es do pa\u00eds.<\/p>\n\n\n\n<p>O ato aconteceu na pra\u00e7a Cam\u00f5es. <\/p>\n\n\n\n<p>Confira abaixo as imagens:<\/p>\n\n\n\n<figure class=\"wp-block-image size-large is-style-default\"><img fetchpriority=\"high\" decoding=\"async\" width=\"1024\" height=\"575\" src=\"http:\/\/fibrainternacional.org\/wp-content\/uploads\/2023\/06\/Screenshot-2023-06-10-at-00.37.43-1024x575.png\" alt=\"\" class=\"wp-image-10002\" srcset=\"https:\/\/fibrainternacional.org\/wp-content\/uploads\/2023\/06\/Screenshot-2023-06-10-at-00.37.43-1024x575.png 1024w, https:\/\/fibrainternacional.org\/wp-content\/uploads\/2023\/06\/Screenshot-2023-06-10-at-00.37.43-300x168.png 300w, https:\/\/fibrainternacional.org\/wp-content\/uploads\/2023\/06\/Screenshot-2023-06-10-at-00.37.43-768x431.png 768w, https:\/\/fibrainternacional.org\/wp-content\/uploads\/2023\/06\/Screenshot-2023-06-10-at-00.37.43-1536x862.png 1536w, https:\/\/fibrainternacional.org\/wp-content\/uploads\/2023\/06\/Screenshot-2023-06-10-at-00.37.43-2048x1149.png 2048w, https:\/\/fibrainternacional.org\/wp-content\/uploads\/2023\/06\/Screenshot-2023-06-10-at-00.37.43-1170x657.png 1170w, https:\/\/fibrainternacional.org\/wp-content\/uploads\/2023\/06\/Screenshot-2023-06-10-at-00.37.43-600x337.png 600w\" sizes=\"(max-width: 1024px) 100vw, 1024px\" \/><figcaption class=\"wp-element-caption\">Cr\u00e9ditos: Coletivo Andorinha<\/figcaption><\/figure>\n","protected":false,"gt_translate_keys":[{"key":"rendered","format":"html"}]},"excerpt":{"rendered":"<p>O Coletivo Andorinha promoveu na quarta-feira 07 de junho, um ato-debate em apoio aos povos ind\u00edgenas do Brasil. O Ato serviu de alerta contra a<\/p>\n","protected":false,"gt_translate_keys":[{"key":"rendered","format":"html"}]},"author":2,"featured_media":10001,"comment_status":"open","ping_status":"open","sticky":false,"template":"","format":"standard","meta":{"om_disable_all_campaigns":false,"_eb_attr":"","footnotes":""},"categories":[10],"tags":[],"class_list":["post-10000","post","type-post","status-publish","format-standard","has-post-thumbnail","hentry","category-reportagens","three-columns"],"aioseo_notices":[],"rttpg_featured_image_url":{"full":["https:\/\/fibrainternacional.org\/wp-content\/uploads\/2023\/06\/Screenshot-2023-06-10-at-00.14.38.png",2548,1430,false],"landscape":["https:\/\/fibrainternacional.org\/wp-content\/uploads\/2023\/06\/Screenshot-2023-06-10-at-00.14.38.png",2548,1430,false],"portraits":["https:\/\/fibrainternacional.org\/wp-content\/uploads\/2023\/06\/Screenshot-2023-06-10-at-00.14.38.png",2548,1430,false],"thumbnail":["https:\/\/fibrainternacional.org\/wp-content\/uploads\/2023\/06\/Screenshot-2023-06-10-at-00.14.38-150x150.png",150,150,true],"medium":["https:\/\/fibrainternacional.org\/wp-content\/uploads\/2023\/06\/Screenshot-2023-06-10-at-00.14.38-300x168.png",300,168,true],"large":["https:\/\/fibrainternacional.org\/wp-content\/uploads\/2023\/06\/Screenshot-2023-06-10-at-00.14.38-1024x575.png",640,359,true],"1536x1536":["https:\/\/fibrainternacional.org\/wp-content\/uploads\/2023\/06\/Screenshot-2023-06-10-at-00.14.38-1536x862.png",1536,862,true],"2048x2048":["https:\/\/fibrainternacional.org\/wp-content\/uploads\/2023\/06\/Screenshot-2023-06-10-at-00.14.38-2048x1149.png",2048,1149,true],"refined-magazine-carousel-img":["https:\/\/fibrainternacional.org\/wp-content\/uploads\/2023\/06\/Screenshot-2023-06-10-at-00.14.38-783x450.png",783,450,true],"refined-magazine-carousel-img-landscape":["https:\/\/fibrainternacional.org\/wp-content\/uploads\/2023\/06\/Screenshot-2023-06-10-at-00.14.38-783x225.png",783,225,true],"refined-magazine-carousel-large-img":["https:\/\/fibrainternacional.org\/wp-content\/uploads\/2023\/06\/Screenshot-2023-06-10-at-00.14.38-1000x574.png",1000,574,true],"refined-magazine-carousel-large-img-landscape":["https:\/\/fibrainternacional.org\/wp-content\/uploads\/2023\/06\/Screenshot-2023-06-10-at-00.14.38-1000x287.png",1000,287,true],"refined-magazine-large-thumb":["https:\/\/fibrainternacional.org\/wp-content\/uploads\/2023\/06\/Screenshot-2023-06-10-at-00.14.38-1170x657.png",1170,657,true],"refined-magazine-small-thumb":["https:\/\/fibrainternacional.org\/wp-content\/uploads\/2023\/06\/Screenshot-2023-06-10-at-00.14.38-350x220.png",350,220,true]},"rttpg_author":{"display_name":"clearwaterdijk","author_link":"https:\/\/fibrainternacional.org\/?author=2"},"rttpg_comment":0,"rttpg_category":"<a href=\"https:\/\/fibrainternacional.org\/?cat=10\" rel=\"category\">Reportagens<\/a>","rttpg_excerpt":"O Coletivo Andorinha promoveu na quarta-feira 07 de junho, um ato-debate em apoio aos povos ind\u00edgenas do Brasil. O Ato serviu de alerta contra a","gt_translate_keys":[{"key":"link","format":"url"}],"_links":{"self":[{"href":"https:\/\/fibrainternacional.org\/index.php?rest_route=\/wp\/v2\/posts\/10000","targetHints":{"allow":["GET"]}}],"collection":[{"href":"https:\/\/fibrainternacional.org\/index.php?rest_route=\/wp\/v2\/posts"}],"about":[{"href":"https:\/\/fibrainternacional.org\/index.php?rest_route=\/wp\/v2\/types\/post"}],"author":[{"embeddable":true,"href":"https:\/\/fibrainternacional.org\/index.php?rest_route=\/wp\/v2\/users\/2"}],"replies":[{"embeddable":true,"href":"https:\/\/fibrainternacional.org\/index.php?rest_route=%2Fwp%2Fv2%2Fcomments&post=10000"}],"version-history":[{"count":1,"href":"https:\/\/fibrainternacional.org\/index.php?rest_route=\/wp\/v2\/posts\/10000\/revisions"}],"predecessor-version":[{"id":10003,"href":"https:\/\/fibrainternacional.org\/index.php?rest_route=\/wp\/v2\/posts\/10000\/revisions\/10003"}],"wp:featuredmedia":[{"embeddable":true,"href":"https:\/\/fibrainternacional.org\/index.php?rest_route=\/wp\/v2\/media\/10001"}],"wp:attachment":[{"href":"https:\/\/fibrainternacional.org\/index.php?rest_route=%2Fwp%2Fv2%2Fmedia&parent=10000"}],"wp:term":[{"taxonomy":"category","embeddable":true,"href":"https:\/\/fibrainternacional.org\/index.php?rest_route=%2Fwp%2Fv2%2Fcategories&post=10000"},{"taxonomy":"post_tag","embeddable":true,"href":"https:\/\/fibrainternacional.org\/index.php?rest_route=%2Fwp%2Fv2%2Ftags&post=10000"}],"curies":[{"name":"wp","href":"https:\/\/api.w.org\/{rel}","templated":true}]}}