{"id":10004,"date":"2023-06-11T00:48:30","date_gmt":"2023-06-10T22:48:30","guid":{"rendered":"http:\/\/fibrainternacional.org\/?p=10004"},"modified":"2023-06-11T00:50:06","modified_gmt":"2023-06-10T22:50:06","slug":"londres-contra-o-marco-temporal","status":"publish","type":"post","link":"https:\/\/fibrainternacional.org\/?p=10004","title":{"rendered":"Londres contra o Marco Temporal","gt_translate_keys":[{"key":"rendered","format":"text"}]},"content":{"rendered":"<div class=\"wp-block-image is-style-default\">\n<figure class=\"alignright size-large is-resized\"><img decoding=\"async\" src=\"http:\/\/fibrainternacional.org\/wp-content\/uploads\/2023\/06\/1-1-1024x576.png\" alt=\"\" class=\"wp-image-10006\" width=\"268\" height=\"150\" srcset=\"https:\/\/fibrainternacional.org\/wp-content\/uploads\/2023\/06\/1-1-1024x576.png 1024w, https:\/\/fibrainternacional.org\/wp-content\/uploads\/2023\/06\/1-1-300x169.png 300w, https:\/\/fibrainternacional.org\/wp-content\/uploads\/2023\/06\/1-1-768x432.png 768w, https:\/\/fibrainternacional.org\/wp-content\/uploads\/2023\/06\/1-1-1536x864.png 1536w, https:\/\/fibrainternacional.org\/wp-content\/uploads\/2023\/06\/1-1-1170x658.png 1170w, https:\/\/fibrainternacional.org\/wp-content\/uploads\/2023\/06\/1-1-600x338.png 600w, https:\/\/fibrainternacional.org\/wp-content\/uploads\/2023\/06\/1-1.png 1600w\" sizes=\"(max-width: 268px) 100vw, 268px\" \/><\/figure>\n<\/div>\n\n\n<p>O Coletivo Democracy for Brazil\/UK juntamente com Amazon Rebellion e BrazilMatters realizaram o Ato STOP BRAZILIAN POLITICIANS STEALING INDIGENOUS LAND. SAY NO TO THE BILL 490! A manifesta\u00e7\u00e3o aconteceu na ter\u00e7a-feira (6 de junho de 2023), na frente da embaixada do Brasil em Londres. <\/p>\n\n\n\n<h1 class=\"wp-block-heading\" style=\"font-size:18px;font-style:normal;font-weight:400\">O evento foi organizado pelos movimentos sociais brit\u00e2nicos: <a href=\"https:\/\/www.instagram.com\/amazonrebellion\/\">@amazonrebellion<\/a><br><a href=\"https:\/\/www.instagram.com\/brazilmatters\/\">@brazilmatters<\/a> e <a href=\"https:\/\/www.instagram.com\/democracy4brasiluk\/\">@democracy4brasiluk<\/a>.<\/h1>\n\n\n\n<h1 class=\"wp-block-heading\" style=\"font-size:18px;font-style:normal;font-weight:400\">Apoio: <a href=\"https:\/\/www.instagram.com\/Greenpeaceuk\/\">@Greenpeaceuk<\/a> e <a href=\"https:\/\/www.instagram.com\/survivalinternational\/\">@survivalinternational<\/a><\/h1>\n\n\n\n<figure class=\"wp-block-image size-large is-style-default\"><img fetchpriority=\"high\" decoding=\"async\" width=\"1024\" height=\"576\" src=\"http:\/\/fibrainternacional.org\/wp-content\/uploads\/2023\/06\/2-1-1024x576.png\" alt=\"\" class=\"wp-image-10007\" srcset=\"https:\/\/fibrainternacional.org\/wp-content\/uploads\/2023\/06\/2-1-1024x576.png 1024w, https:\/\/fibrainternacional.org\/wp-content\/uploads\/2023\/06\/2-1-300x169.png 300w, https:\/\/fibrainternacional.org\/wp-content\/uploads\/2023\/06\/2-1-768x432.png 768w, https:\/\/fibrainternacional.org\/wp-content\/uploads\/2023\/06\/2-1-1536x864.png 1536w, https:\/\/fibrainternacional.org\/wp-content\/uploads\/2023\/06\/2-1-1170x658.png 1170w, https:\/\/fibrainternacional.org\/wp-content\/uploads\/2023\/06\/2-1-600x338.png 600w, https:\/\/fibrainternacional.org\/wp-content\/uploads\/2023\/06\/2-1.png 1600w\" sizes=\"(max-width: 1024px) 100vw, 1024px\" \/><figcaption class=\"wp-element-caption\">Cr\u00e9ditos: Luiz Zanin &#8211; Democracy for BRASIL UK<\/figcaption><\/figure>\n\n\n\n<figure class=\"wp-block-embed is-type-video is-provider-youtube wp-block-embed-youtube wp-embed-aspect-16-9 wp-has-aspect-ratio\"><div class=\"wp-block-embed__wrapper\">\n<iframe title=\"Londres contra o Marco Temporal\" width=\"640\" height=\"360\" src=\"https:\/\/www.youtube.com\/embed\/Ih7dbSc1yx4?feature=oembed\" frameborder=\"0\" allow=\"accelerometer; autoplay; clipboard-write; encrypted-media; gyroscope; picture-in-picture; web-share\" referrerpolicy=\"strict-origin-when-cross-origin\" allowfullscreen><\/iframe>\n<\/div><\/figure>\n\n\n\n<p> <a href=\"https:\/\/www.youtube.com\/hashtag\/fibrafrenteinternacional\">#fibrafrenteinternacional<\/a> <a href=\"https:\/\/www.youtube.com\/hashtag\/fibrainternacional\">#fibrainternacional<\/a> <a href=\"https:\/\/www.youtube.com\/hashtag\/shortsvideo\">#shortsvideo<\/a> <a href=\"https:\/\/www.youtube.com\/hashtag\/shorts\">#shorts<\/a> <a href=\"https:\/\/www.youtube.com\/hashtag\/democracyforbrazil\">#democracyforbrazil<\/a> <a href=\"https:\/\/www.youtube.com\/hashtag\/apib\">#APIB<\/a> <a href=\"https:\/\/www.youtube.com\/hashtag\/marcotemporalnao\">#marcotemporalnao<\/a><\/p>\n","protected":false,"gt_translate_keys":[{"key":"rendered","format":"html"}]},"excerpt":{"rendered":"<p>O Coletivo Democracy for Brazil\/UK juntamente com Amazon Rebellion e BrazilMatters realizaram o Ato STOP BRAZILIAN POLITICIANS STEALING INDIGENOUS LAND. SAY NO TO THE BILL<\/p>\n","protected":false,"gt_translate_keys":[{"key":"rendered","format":"html"}]},"author":2,"featured_media":10006,"comment_status":"open","ping_status":"open","sticky":false,"template":"","format":"standard","meta":{"om_disable_all_campaigns":false,"_eb_attr":"","footnotes":""},"categories":[10],"tags":[],"class_list":["post-10004","post","type-post","status-publish","format-standard","has-post-thumbnail","hentry","category-reportagens","three-columns"],"aioseo_notices":[],"rttpg_featured_image_url":{"full":["https:\/\/fibrainternacional.org\/wp-content\/uploads\/2023\/06\/1-1.png",1600,900,false],"landscape":["https:\/\/fibrainternacional.org\/wp-content\/uploads\/2023\/06\/1-1.png",1600,900,false],"portraits":["https:\/\/fibrainternacional.org\/wp-content\/uploads\/2023\/06\/1-1.png",1600,900,false],"thumbnail":["https:\/\/fibrainternacional.org\/wp-content\/uploads\/2023\/06\/1-1-150x150.png",150,150,true],"medium":["https:\/\/fibrainternacional.org\/wp-content\/uploads\/2023\/06\/1-1-300x169.png",300,169,true],"large":["https:\/\/fibrainternacional.org\/wp-content\/uploads\/2023\/06\/1-1-1024x576.png",640,360,true],"1536x1536":["https:\/\/fibrainternacional.org\/wp-content\/uploads\/2023\/06\/1-1-1536x864.png",1536,864,true],"2048x2048":["https:\/\/fibrainternacional.org\/wp-content\/uploads\/2023\/06\/1-1.png",1600,900,false],"refined-magazine-carousel-img":["https:\/\/fibrainternacional.org\/wp-content\/uploads\/2023\/06\/1-1-783x450.png",783,450,true],"refined-magazine-carousel-img-landscape":["https:\/\/fibrainternacional.org\/wp-content\/uploads\/2023\/06\/1-1-783x225.png",783,225,true],"refined-magazine-carousel-large-img":["https:\/\/fibrainternacional.org\/wp-content\/uploads\/2023\/06\/1-1-1000x574.png",1000,574,true],"refined-magazine-carousel-large-img-landscape":["https:\/\/fibrainternacional.org\/wp-content\/uploads\/2023\/06\/1-1-1000x287.png",1000,287,true],"refined-magazine-large-thumb":["https:\/\/fibrainternacional.org\/wp-content\/uploads\/2023\/06\/1-1-1170x658.png",1170,658,true],"refined-magazine-small-thumb":["https:\/\/fibrainternacional.org\/wp-content\/uploads\/2023\/06\/1-1-350x220.png",350,220,true]},"rttpg_author":{"display_name":"clearwaterdijk","author_link":"https:\/\/fibrainternacional.org\/?author=2"},"rttpg_comment":0,"rttpg_category":"<a href=\"https:\/\/fibrainternacional.org\/?cat=10\" rel=\"category\">Reportagens<\/a>","rttpg_excerpt":"O Coletivo Democracy for Brazil\/UK juntamente com Amazon Rebellion e BrazilMatters realizaram o Ato STOP BRAZILIAN POLITICIANS STEALING INDIGENOUS LAND. SAY NO TO THE BILL","gt_translate_keys":[{"key":"link","format":"url"}],"_links":{"self":[{"href":"https:\/\/fibrainternacional.org\/index.php?rest_route=\/wp\/v2\/posts\/10004","targetHints":{"allow":["GET"]}}],"collection":[{"href":"https:\/\/fibrainternacional.org\/index.php?rest_route=\/wp\/v2\/posts"}],"about":[{"href":"https:\/\/fibrainternacional.org\/index.php?rest_route=\/wp\/v2\/types\/post"}],"author":[{"embeddable":true,"href":"https:\/\/fibrainternacional.org\/index.php?rest_route=\/wp\/v2\/users\/2"}],"replies":[{"embeddable":true,"href":"https:\/\/fibrainternacional.org\/index.php?rest_route=%2Fwp%2Fv2%2Fcomments&post=10004"}],"version-history":[{"count":2,"href":"https:\/\/fibrainternacional.org\/index.php?rest_route=\/wp\/v2\/posts\/10004\/revisions"}],"predecessor-version":[{"id":10009,"href":"https:\/\/fibrainternacional.org\/index.php?rest_route=\/wp\/v2\/posts\/10004\/revisions\/10009"}],"wp:featuredmedia":[{"embeddable":true,"href":"https:\/\/fibrainternacional.org\/index.php?rest_route=\/wp\/v2\/media\/10006"}],"wp:attachment":[{"href":"https:\/\/fibrainternacional.org\/index.php?rest_route=%2Fwp%2Fv2%2Fmedia&parent=10004"}],"wp:term":[{"taxonomy":"category","embeddable":true,"href":"https:\/\/fibrainternacional.org\/index.php?rest_route=%2Fwp%2Fv2%2Fcategories&post=10004"},{"taxonomy":"post_tag","embeddable":true,"href":"https:\/\/fibrainternacional.org\/index.php?rest_route=%2Fwp%2Fv2%2Ftags&post=10004"}],"curies":[{"name":"wp","href":"https:\/\/api.w.org\/{rel}","templated":true}]}}