{"id":10010,"date":"2023-06-11T23:33:51","date_gmt":"2023-06-11T21:33:51","guid":{"rendered":"http:\/\/fibrainternacional.org\/?p=10010"},"modified":"2023-06-12T08:14:19","modified_gmt":"2023-06-12T06:14:19","slug":"alianca-negra-pelo-fim-da-violencia","status":"publish","type":"post","link":"https:\/\/fibrainternacional.org\/?p=10010","title":{"rendered":"Alian\u00e7a Negra pelo fim da Viol\u00eancia","gt_translate_keys":[{"key":"rendered","format":"text"}]},"content":{"rendered":"\n<p><br><\/p>\n\n\n\n<p>Informa\u00e7\u00f5es enviadas pelo Comit\u00ea Defend Democracy in Brazil (DDB\/NY), para o site da Fibra.<\/p>\n\n\n\n<p>Nova York, 09 de junho de 2023.<\/p>\n\n\n\n<p class=\"has-text-align-right has-small-font-size\"><em>&#8220;As participants of the United Nations Second Forum of Afro Descendants,<\/em><br><em>this is the first time that such a large and diverse group of<\/em><br><em>Brazilian Black Women leaders travel together to New York organized as the Black Women Alliance,<\/em><br><em>for a large advocacy and exchange action.&#8221; <\/em>(DDB\/NY @<a href=\"https:\/\/peoplesforum.org\/events\/black-women-alliance\/\" target=\"_blank\" rel=\"noreferrer noopener\">The People&#8217;s Forum<\/a>)<\/p>\n\n\n<div class=\"wp-block-image is-style-default\">\n<figure class=\"alignright size-medium\"><img fetchpriority=\"high\" decoding=\"async\" width=\"300\" height=\"169\" src=\"http:\/\/fibrainternacional.org\/wp-content\/uploads\/2023\/06\/Screenshot-2023-06-11-at-23.37.24-300x169.png\" alt=\"\" class=\"wp-image-10015\" srcset=\"https:\/\/fibrainternacional.org\/wp-content\/uploads\/2023\/06\/Screenshot-2023-06-11-at-23.37.24-300x169.png 300w, https:\/\/fibrainternacional.org\/wp-content\/uploads\/2023\/06\/Screenshot-2023-06-11-at-23.37.24-1024x575.png 1024w, https:\/\/fibrainternacional.org\/wp-content\/uploads\/2023\/06\/Screenshot-2023-06-11-at-23.37.24-768x431.png 768w, https:\/\/fibrainternacional.org\/wp-content\/uploads\/2023\/06\/Screenshot-2023-06-11-at-23.37.24-1536x863.png 1536w, https:\/\/fibrainternacional.org\/wp-content\/uploads\/2023\/06\/Screenshot-2023-06-11-at-23.37.24-2048x1150.png 2048w, https:\/\/fibrainternacional.org\/wp-content\/uploads\/2023\/06\/Screenshot-2023-06-11-at-23.37.24-1170x657.png 1170w, https:\/\/fibrainternacional.org\/wp-content\/uploads\/2023\/06\/Screenshot-2023-06-11-at-23.37.24-600x337.png 600w\" sizes=\"(max-width: 300px) 100vw, 300px\" \/><\/figure>\n<\/div>\n\n\n<p>Nos dias 30 de maio a 02 de junho, a cidade de Nova York transformou-se em palco para um dos mais relevantes eventos promovidos pela ONU quanto ao combate da viol\u00eancia de g\u00eanero e racismo:  <a href=\"https:\/\/www.ohchr.org\/en\/events\/sessions\/2023\/second-session-permanent-forum-people-african-descent\" target=\"_blank\" rel=\"noreferrer noopener\">Segundo Forum de Afro-descendentes das Na\u00e7\u00f5es Unidas (<em>the United Nations Second Forum of Afro Descendants<\/em>)<\/a> marcado pela participa\u00e7\u00e3o de v\u00e1rios grupos e entidades do Brasil, Estados Unidos , pa\u00edses africanos, e pa\u00edses latino-americanos e caribenhos. O foco principal de varias delega\u00e7\u00f5es foi o combate \u00e0s viol\u00eancias a que est\u00e3o submetidas mulheres afrodescendentes na Am\u00e9rica Latina e medidas dando destaque \u00e0 prote\u00e7\u00e3o dos direitos humanos.<\/p>\n\n\n\n<p>O dia 02 de junho foi marcado por um evento p\u00fablico no  <em><a href=\"https:\/\/peoplesforum.org\/\" target=\"_blank\" rel=\"noreferrer noopener\">People\u2019s Forum<\/a><\/em>, em Nova York, organizado pelo  <a href=\"https:\/\/www.facebook.com\/defenddemocracyinbrazil\" target=\"_blank\" rel=\"noreferrer noopener\">Comit\u00ea Defend Democracy in Brazil-NY (DDB\/NY)<\/a>, com apoio do <a href=\"https:\/\/www.instagram.com\/p\/CtNBGDYp0xq\/\" target=\"_blank\" rel=\"noreferrer noopener\">Fundo ELAS+<\/a>, em que l\u00edderes brasileiras organizadas em torno na Alian\u00e7a Negra Pelo Fim da Viol\u00eancia, falaram de suas lutas no combate \u00e0 viol\u00eancia de g\u00eanero e viol\u00eancia racial. Destaque para este que se constituiu no \u00fanico evento p\u00fablico realizado dentre as muitas reuni\u00f5es fechadas que a delega\u00e7\u00e3o da Alian\u00e7a Negra teve com organismos internacionais em Nova York e subsequentemente em Washington DC.<\/p>\n\n\n\n<p><\/p>\n\n\n\n<p class=\"has-background\" style=\"background-color:#d7f8eb\">Saiba mais sobre as atividades:<\/p>\n\n\n\n<ol class=\"wp-block-list\">\n<li><a href=\"https:\/\/mailchi.mp\/9850a855a763\/black-women-alliance-in-new-york?fbclid=IwAR2rcZpG9RsWmRJWpDjJCnivTf2L8Y8Usmwc7XphOpj6aPVaf13ptXv5lEY\" target=\"_blank\" rel=\"noreferrer noopener\">Black Women Alliance: All fighting to end violence. <\/a><br>Brazilian black women leaders in NYC at The People&#8217;s Forum on June 2nd, at 5pm<\/li>\n\n\n\n<li><a href=\"https:\/\/twitter.com\/brazildemocracy\/status\/1664475259645427718?s=48&amp;t=94RP-oZ2BHawSnvix_jmTQ\" target=\"_blank\" rel=\"noreferrer noopener\">J\u00e1 se inscreveu?<\/a><\/li>\n\n\n\n<li><a href=\"https:\/\/peoplesforum.org\/events\/black-women-alliance\/\" target=\"_blank\" rel=\"noreferrer noopener\">Black Women Alliance: Brazilian leaders talk about gender, racism, and their struggle<\/a><\/li>\n\n\n\n<li><a href=\"https:\/\/peoplesdispatch.org\/2023\/06\/08\/black-brazilian-movement-leaders-lead-delegation-to-the-us-to-fight-for-an-end-to-racist-violence\/\" target=\"_blank\" rel=\"noreferrer noopener\">Black Brazilian movement leaders lead delegation to the US to fight for an end to racist violence<\/a><\/li>\n<\/ol>\n\n\n\n<div data-wp-interactive=\"core\/file\" class=\"wp-block-file\"><object data-wp-bind--hidden=\"!state.hasPdfPreview\" hidden class=\"wp-block-file__embed\" data=\"http:\/\/fibrainternacional.org\/wp-content\/uploads\/2023\/06\/RELEASE-PRE-INTERCAMBIO-ALIANCA-NEGRA.pdf\" type=\"application\/pdf\" style=\"width:100%;height:600px\" aria-label=\"Incorporado de RELEASE PRE\u0301-INTERCA\u0302MBIO ALIANC\u0327A NEGRA.\"><\/object><a id=\"wp-block-file--media-40db898c-6a7a-4dd3-ad53-db27dd28746b\" href=\"http:\/\/fibrainternacional.org\/wp-content\/uploads\/2023\/06\/RELEASE-PRE-INTERCAMBIO-ALIANCA-NEGRA.pdf\">RELEASE PRE\u0301-INTERCA\u0302MBIO ALIANC\u0327A NEGRA<\/a><a href=\"http:\/\/fibrainternacional.org\/wp-content\/uploads\/2023\/06\/RELEASE-PRE-INTERCAMBIO-ALIANCA-NEGRA.pdf\" class=\"wp-block-file__button wp-element-button\" download aria-describedby=\"wp-block-file--media-40db898c-6a7a-4dd3-ad53-db27dd28746b\">Baixar<\/a><\/div>\n\n\n\n<div data-wp-interactive=\"core\/file\" class=\"wp-block-file\"><object data-wp-bind--hidden=\"!state.hasPdfPreview\" hidden class=\"wp-block-file__embed\" data=\"http:\/\/fibrainternacional.org\/wp-content\/uploads\/2023\/06\/PROGRAM-Black-Women-Alliance_-All-Fighting-Against-Violence-3.pdf\" type=\"application\/pdf\" style=\"width:100%;height:600px\" aria-label=\"Incorporado de PROGRAM Black Women Alliance_ All Fighting Against Violence-3.\"><\/object><a id=\"wp-block-file--media-ed44be01-5fd9-4195-ab00-0bf3b3a442c9\" href=\"http:\/\/fibrainternacional.org\/wp-content\/uploads\/2023\/06\/PROGRAM-Black-Women-Alliance_-All-Fighting-Against-Violence-3.pdf\">PROGRAM Black Women Alliance_ All Fighting Against Violence-3<\/a><a href=\"http:\/\/fibrainternacional.org\/wp-content\/uploads\/2023\/06\/PROGRAM-Black-Women-Alliance_-All-Fighting-Against-Violence-3.pdf\" class=\"wp-block-file__button wp-element-button\" download aria-describedby=\"wp-block-file--media-ed44be01-5fd9-4195-ab00-0bf3b3a442c9\">Baixar<\/a><\/div>\n\n\n\n<figure class=\"wp-block-embed is-type-video is-provider-youtube wp-block-embed-youtube wp-embed-aspect-16-9 wp-has-aspect-ratio\"><div class=\"wp-block-embed__wrapper\">\n<iframe title=\"Black Women Alliance: All Fighting Against Violence\" width=\"640\" height=\"360\" src=\"https:\/\/www.youtube.com\/embed\/-odsG-Ea68U?feature=oembed\" frameborder=\"0\" allow=\"accelerometer; autoplay; clipboard-write; encrypted-media; gyroscope; picture-in-picture; web-share\" referrerpolicy=\"strict-origin-when-cross-origin\" allowfullscreen><\/iframe>\n<\/div><\/figure>\n\n\n\n<figure class=\"wp-block-embed is-type-video is-provider-youtube wp-block-embed-youtube wp-embed-aspect-16-9 wp-has-aspect-ratio\"><div class=\"wp-block-embed__wrapper\">\n<iframe title=\"Brasil manda representantes para o F\u00f3rum de pessoas afrodescendentes da ONU\" width=\"640\" height=\"360\" src=\"https:\/\/www.youtube.com\/embed\/UCKL2tTr37s?feature=oembed\" frameborder=\"0\" allow=\"accelerometer; autoplay; clipboard-write; encrypted-media; gyroscope; picture-in-picture; web-share\" referrerpolicy=\"strict-origin-when-cross-origin\" allowfullscreen><\/iframe>\n<\/div><figcaption class=\"wp-element-caption\">Informe publicado pela TV\/247<\/figcaption><\/figure>\n","protected":false,"gt_translate_keys":[{"key":"rendered","format":"html"}]},"excerpt":{"rendered":"<p>Informa\u00e7\u00f5es enviadas pelo Comit\u00ea Defend Democracy in Brazil (DDB\/NY), para o site da Fibra. Nova York, 09 de junho de 2023. &#8220;As participants of the<\/p>\n","protected":false,"gt_translate_keys":[{"key":"rendered","format":"html"}]},"author":2,"featured_media":10015,"comment_status":"open","ping_status":"open","sticky":false,"template":"","format":"standard","meta":{"om_disable_all_campaigns":false,"_eb_attr":"","footnotes":""},"categories":[10],"tags":[],"class_list":["post-10010","post","type-post","status-publish","format-standard","has-post-thumbnail","hentry","category-reportagens","three-columns"],"aioseo_notices":[],"rttpg_featured_image_url":{"full":["https:\/\/fibrainternacional.org\/wp-content\/uploads\/2023\/06\/Screenshot-2023-06-11-at-23.37.24.png",2542,1428,false],"landscape":["https:\/\/fibrainternacional.org\/wp-content\/uploads\/2023\/06\/Screenshot-2023-06-11-at-23.37.24.png",2542,1428,false],"portraits":["https:\/\/fibrainternacional.org\/wp-content\/uploads\/2023\/06\/Screenshot-2023-06-11-at-23.37.24.png",2542,1428,false],"thumbnail":["https:\/\/fibrainternacional.org\/wp-content\/uploads\/2023\/06\/Screenshot-2023-06-11-at-23.37.24-150x150.png",150,150,true],"medium":["https:\/\/fibrainternacional.org\/wp-content\/uploads\/2023\/06\/Screenshot-2023-06-11-at-23.37.24-300x169.png",300,169,true],"large":["https:\/\/fibrainternacional.org\/wp-content\/uploads\/2023\/06\/Screenshot-2023-06-11-at-23.37.24-1024x575.png",640,359,true],"1536x1536":["https:\/\/fibrainternacional.org\/wp-content\/uploads\/2023\/06\/Screenshot-2023-06-11-at-23.37.24-1536x863.png",1536,863,true],"2048x2048":["https:\/\/fibrainternacional.org\/wp-content\/uploads\/2023\/06\/Screenshot-2023-06-11-at-23.37.24-2048x1150.png",2048,1150,true],"refined-magazine-carousel-img":["https:\/\/fibrainternacional.org\/wp-content\/uploads\/2023\/06\/Screenshot-2023-06-11-at-23.37.24-783x450.png",783,450,true],"refined-magazine-carousel-img-landscape":["https:\/\/fibrainternacional.org\/wp-content\/uploads\/2023\/06\/Screenshot-2023-06-11-at-23.37.24-783x225.png",783,225,true],"refined-magazine-carousel-large-img":["https:\/\/fibrainternacional.org\/wp-content\/uploads\/2023\/06\/Screenshot-2023-06-11-at-23.37.24-1000x574.png",1000,574,true],"refined-magazine-carousel-large-img-landscape":["https:\/\/fibrainternacional.org\/wp-content\/uploads\/2023\/06\/Screenshot-2023-06-11-at-23.37.24-1000x287.png",1000,287,true],"refined-magazine-large-thumb":["https:\/\/fibrainternacional.org\/wp-content\/uploads\/2023\/06\/Screenshot-2023-06-11-at-23.37.24-1170x657.png",1170,657,true],"refined-magazine-small-thumb":["https:\/\/fibrainternacional.org\/wp-content\/uploads\/2023\/06\/Screenshot-2023-06-11-at-23.37.24-350x220.png",350,220,true]},"rttpg_author":{"display_name":"clearwaterdijk","author_link":"https:\/\/fibrainternacional.org\/?author=2"},"rttpg_comment":0,"rttpg_category":"<a href=\"https:\/\/fibrainternacional.org\/?cat=10\" rel=\"category\">Reportagens<\/a>","rttpg_excerpt":"Informa\u00e7\u00f5es enviadas pelo Comit\u00ea Defend Democracy in Brazil (DDB\/NY), para o site da Fibra. Nova York, 09 de junho de 2023. &#8220;As participants of the","gt_translate_keys":[{"key":"link","format":"url"}],"_links":{"self":[{"href":"https:\/\/fibrainternacional.org\/index.php?rest_route=\/wp\/v2\/posts\/10010","targetHints":{"allow":["GET"]}}],"collection":[{"href":"https:\/\/fibrainternacional.org\/index.php?rest_route=\/wp\/v2\/posts"}],"about":[{"href":"https:\/\/fibrainternacional.org\/index.php?rest_route=\/wp\/v2\/types\/post"}],"author":[{"embeddable":true,"href":"https:\/\/fibrainternacional.org\/index.php?rest_route=\/wp\/v2\/users\/2"}],"replies":[{"embeddable":true,"href":"https:\/\/fibrainternacional.org\/index.php?rest_route=%2Fwp%2Fv2%2Fcomments&post=10010"}],"version-history":[{"count":6,"href":"https:\/\/fibrainternacional.org\/index.php?rest_route=\/wp\/v2\/posts\/10010\/revisions"}],"predecessor-version":[{"id":10024,"href":"https:\/\/fibrainternacional.org\/index.php?rest_route=\/wp\/v2\/posts\/10010\/revisions\/10024"}],"wp:featuredmedia":[{"embeddable":true,"href":"https:\/\/fibrainternacional.org\/index.php?rest_route=\/wp\/v2\/media\/10015"}],"wp:attachment":[{"href":"https:\/\/fibrainternacional.org\/index.php?rest_route=%2Fwp%2Fv2%2Fmedia&parent=10010"}],"wp:term":[{"taxonomy":"category","embeddable":true,"href":"https:\/\/fibrainternacional.org\/index.php?rest_route=%2Fwp%2Fv2%2Fcategories&post=10010"},{"taxonomy":"post_tag","embeddable":true,"href":"https:\/\/fibrainternacional.org\/index.php?rest_route=%2Fwp%2Fv2%2Ftags&post=10010"}],"curies":[{"name":"wp","href":"https:\/\/api.w.org\/{rel}","templated":true}]}}