{"id":10025,"date":"2023-06-23T10:20:58","date_gmt":"2023-06-23T08:20:58","guid":{"rendered":"http:\/\/fibrainternacional.org\/?p=10025"},"modified":"2023-06-23T10:20:59","modified_gmt":"2023-06-23T08:20:59","slug":"ja-se-nasce-no-jogo-a-capoeira-do-pensamento-de-tigana-santana","status":"publish","type":"post","link":"https:\/\/fibrainternacional.org\/?p=10025","title":{"rendered":"J\u00e1 se nasce no jogo. A Capoeira do Pensamento de Tigan\u00e1 Santana.","gt_translate_keys":[{"key":"rendered","format":"text"}]},"content":{"rendered":"\n<p>De <strong>Fl\u00e1vio Carvalho<\/strong>, para o site da FIBRA.<br><strong>@1flaviocarvalho<\/strong>, @quixotemacunaima. Soci\u00f3logo e Escritor.<\/p>\n\n\n\n<p>Barcelona, 23 de junho de 2023.<\/p>\n\n\n\n<p class=\"has-text-align-right has-small-font-size\">\u201cA minha interlocu\u00e7\u00e3o com o mundo. <br>N\u00e3o diria que se trata de uma contraposi\u00e7\u00e3o, propriamente, <br>em rela\u00e7\u00e3o aos batuques e percuss\u00f5es fortes, mas de outra perspectiva negra <br>para se ler o mundo e apresentar-se a ele\u201d. <br>(Tigan\u00e1 Santana, em entrevista \u00e0 Revista Caros Amigos)<\/p>\n\n\n<div class=\"wp-block-image is-style-default\">\n<figure class=\"alignright size-large is-resized\"><img decoding=\"async\" src=\"http:\/\/fibrainternacional.org\/wp-content\/uploads\/2023\/06\/Screenshot-2023-06-23-at-10.15.38-1024x617.png\" alt=\"\" class=\"wp-image-10026\" width=\"228\" height=\"137\" srcset=\"https:\/\/fibrainternacional.org\/wp-content\/uploads\/2023\/06\/Screenshot-2023-06-23-at-10.15.38-1024x617.png 1024w, https:\/\/fibrainternacional.org\/wp-content\/uploads\/2023\/06\/Screenshot-2023-06-23-at-10.15.38-300x181.png 300w, https:\/\/fibrainternacional.org\/wp-content\/uploads\/2023\/06\/Screenshot-2023-06-23-at-10.15.38-768x463.png 768w, https:\/\/fibrainternacional.org\/wp-content\/uploads\/2023\/06\/Screenshot-2023-06-23-at-10.15.38-1536x925.png 1536w, https:\/\/fibrainternacional.org\/wp-content\/uploads\/2023\/06\/Screenshot-2023-06-23-at-10.15.38-2048x1233.png 2048w, https:\/\/fibrainternacional.org\/wp-content\/uploads\/2023\/06\/Screenshot-2023-06-23-at-10.15.38-1170x705.png 1170w, https:\/\/fibrainternacional.org\/wp-content\/uploads\/2023\/06\/Screenshot-2023-06-23-at-10.15.38-600x361.png 600w\" sizes=\"(max-width: 228px) 100vw, 228px\" \/><\/figure>\n<\/div>\n\n\n<p><a href=\"https:\/\/www.facebook.com\/amadoubocar.sam\/\">Amadou Bocar Sam<\/a>, um senegal\u00eas com quem tive oportunidade de trabalhar em Barcelona, ensinou-me a lidar melhor, na vida, com a conjun\u00e7\u00e3o alternativa OU. Principalmente, vindo de um pa\u00eds cheio de complementaridades, como o Brasil. Foi Gilberto Gil que definiu o nosso pa\u00eds como o do \u201cisso E aquilo\u201d; e n\u00e3o como do \u201cisso OU aquilo\u201d. Viol\u00e3o, por exemplo, \u00e9 instrumento de corda ou de percuss\u00e3o? O m\u00fasico e fil\u00f3sofo brasileiro <a href=\"https:\/\/tiganasantana.net\/\">Tigan\u00e1 Santana<\/a>, na minha opini\u00e3o, vai na mesma boa linha. Foi aquele senegal\u00eas quem me orientou tamb\u00e9m a questionar se a base da filosofia ocidental n\u00e3o seria outra, se &#8211; al\u00e9m da matriz europeia e da primazia grega &#8211; houvesse buscado outras leituras, como as africanas, principalmente.<\/p>\n\n\n\n<p>Leiam esta deliciosa entrevista com o Tigan\u00e1 &#8211; das melhores coisas que eu escutei nos \u00faltimos tempos. Ele estar\u00e1 em Barcelona, em turn\u00ea internacional (Espanha, Portugal e Su\u00e9cia). E, al\u00e9m disso, far\u00e1 uma conversa especial, <em>online<\/em>, <a href=\"https:\/\/www.facebook.com\/photo\/?fbid=659666115981215&amp;set=a.160553822559116\" target=\"_blank\" rel=\"noreferrer noopener\">\u201cCaros Amigos\u201d<\/a>, neste domingo, 25 de junho, com o nosso querido <a href=\"https:\/\/pt.wikipedia.org\/wiki\/Jean_Wyllys\">Jean Wyllys<\/a>.<\/p>\n\n\n\n<p>Em todas as entrevistas mais recentes, pedi sugest\u00e3o de nomes recomendados pelos entrevistados, no final. Chico C\u00e9sar fez uma lista imensa, maior que a entrevista. <a href=\"https:\/\/pt.wikipedia.org\/wiki\/Luedji_Luna\" target=\"_blank\" rel=\"noreferrer noopener\">Luedji Luna<\/a> fez quest\u00e3o de indicar somente artistas negras. Tigan\u00e1 fez diferente. Eu, portanto, me atrevo a recomendar: integrem na sua vida Tigan\u00e1 E Tigan\u00e1. Ou, n\u00e3o. Ele, eu recomendo. Al\u00e9m disso, dou um toque importante. O acompanha no show, ao Tigan\u00e1, o meu amigo <a href=\"https:\/\/nabuka.net\/?ht_portfolios=mu\">M\u00fb MBana<\/a>. Prestem aten\u00e7\u00e3o neste nome. Sigam-no pelas redes. Acompanhem o seu talento. M\u00fb, da Guin\u00e9 Bissau, esteve no Brasil, recentemente. De onde acho que ele realmente sempre foi.<\/p>\n\n\n\n<p>Com agradecimentos \u00e0 Ana B\u00e1rbara e a Nits de Brasil.<\/p>\n\n\n\n<p>Aquele abra\u00e7o.<\/p>\n\n\n\n<hr class=\"wp-block-separator has-alpha-channel-opacity\"\/>\n\n\n\n<p><strong>Tigan\u00e1 Santana<\/strong>, <a href=\"https:\/\/desacato.info\/tigana-santana-entrevista\/\" target=\"_blank\" rel=\"noreferrer noopener\">Entrevista<\/a>. Por Fl\u00e1vio Carvalho, soci\u00f3logo e escritor.<\/p>\n\n\n\n<p><br>(<strong>Fl\u00e1vio<\/strong>) &#8211; &nbsp;Tudo bem, Tigan\u00e1? Como est\u00e1 sendo o seu dia? Como foi? Como ser\u00e1?<br>(<strong>Tingan\u00e1<\/strong>) &#8211; Em geral, me dou muito bem com a vida que experiencio! Os dias s\u00e3o essa vida se dando&#8230; s\u00e3o bons mesmo quando n\u00e3o s\u00e3o!<\/p>\n\n\n\n<p>(<strong>F<\/strong>) &#8211; Voc\u00ea estudou viol\u00e3o cl\u00e1ssico. Logo criou estrutura pr\u00f3pria. Quem s\u00e3o e foram as suas e os seus mestres musicais? <em>O Houve circunda-se<\/em>. Reverencie, por favor.<br>(<strong>T<\/strong>) &#8211; Foram diversos e diversas. Nem gosto muito de elencar essas pessoas, pois me faltar\u00e3o nomes \u00e0 mem\u00f3ria&#8230; Mas vamos l\u00e1: de casa, o meu av\u00f4 m\u00fasico (que est\u00e1 chegando aos 98 anos de vida), os viol\u00f5es do tio Jorge e tio Luiz, a voz da minha m\u00e3e, o pandeiro e o berimbau do meu pai, as m\u00fasicas dos Candombl\u00e9s; de fora de casa, Pixinguinha, Caymmi, Jo\u00e3o Gilberto, Clementina de Jesus, D. Ivone Lara, Elizeth Cardoso, m\u00fasicas tantas do mundo afora (de v\u00e1rias \u00e1fricas, \u00e1sias, am\u00e9ricas).<\/p>\n\n\n\n<p>(<strong>F<\/strong>) &#8211; Conhece o <a href=\"https:\/\/pt.wikipedia.org\/wiki\/Flamenco\">flamenco<\/a>, sim? Bases musicais africanas reconhec\u00edveis?<br>(<strong>T<\/strong>) &#8211; Conhe\u00e7o como ouvinte admirador, o flamenco, mas n\u00e3o como pesquisador. Precisaria estudar para lhe dizer com maior assertividade com bases musicais de qual \u00c1frica o flamenco se encontra. E isto no cruzamento, por exemplo, com os referenciais \u00e1rabes naturalmente.<\/p>\n\n\n\n<p>(<strong>F<\/strong>) &#8211; Viol\u00e3o \u00e9 corda ou percuss\u00e3o? Esta pergunta \u00e9 uma provoca\u00e7\u00e3o.<br>(<strong>T<\/strong>) &#8211; N\u00e3o me parece haver exatamente um \u201cou\u201d na sua quest\u00e3o. Corda pode ser percuss\u00e3o.<\/p>\n\n\n\n<p>(<strong>F<\/strong>) &#8211; Luedji Luna me comentou, aqui em Barcelona, que n\u00e3o gosta de falar de racismo o tempo todo. Mas que se sente na obriga\u00e7\u00e3o. O que me dizes? <br>(<strong>T<\/strong>) &#8211; Entendo, a partir do que a querida Luedji coloca, que o racismo, embora acabe por nos \u201cdefinir\u201d nas sociedades racistas (o que nos obriga, conscientes, a tratarmos do assunto-experi\u00eancia continuamente, pois h\u00e1 que mudar, h\u00e1 que, inegociavelmente, morrer\/matar o mundo racista), n\u00e3o nos define na nossa experi\u00eancia alargada de existir.<\/p>\n\n\n\n<p>(<strong>F<\/strong>) &#8211; <a href=\"https:\/\/www.instagram.com\/oficialchicocesar\/\">Chico C\u00e9sar<\/a>, por outro lado, tamb\u00e9m aqui, nesta cidade, numa entrevista, revelou-me um segredo: h\u00e1 perguntas que ele gostaria que lhe fizessem (pois \u00e9 disso que quer falar). Quais perguntas voc\u00ea gostaria de tentar responder? <br>(<strong>T<\/strong>) &#8211; Sobre criar, existir, viver, morrer, voar&#8230;<\/p>\n\n\n\n<p>(<strong>F<\/strong>) &#8211; Fale-me das suas andan\u00e7as, nacionais e internacionais, por favor. E das diferen\u00e7as entre seus espet\u00e1culos, em territ\u00f3rios diferentes, se poss\u00edvel.<br>(<strong>T<\/strong>) &#8211; Foram e t\u00eam sido acontecimentos que enriquecem a minha experi\u00eancia de vida e de estabelecimento de rela\u00e7\u00f5es. Tenho enorme satisfa\u00e7\u00e3o pelo fato de p\u00fablicos que dividem e n\u00e3o dividem culturas comigo poderem se relacionar com minha m\u00fasica imergindo no que produzo (e nesse sentido, de modos equivalentes, at\u00e9 onde posso identificar).<\/p>\n\n\n\n<p>(<strong>F<\/strong>) &#8211; Um fil\u00f3sofo brasileiro l\u00ea muitos livros \u2013 at\u00e9 mesmo os mais libert\u00e1rios \u2013 desde uma perspetiva indissociavelmente colonialista. \u00c9 poss\u00edvel, hoje, no Brasil, construir uma nova dimens\u00e3o filos\u00f3fica a partir de novas bases?<br>(<strong>T<\/strong>) &#8211; Esta pergunta n\u00e3o \u00e9 simples e nem sei mesmo se h\u00e1 para ela alguma resposta. \u00c9 preciso perguntar, por exemplo, sobre o que seria essa nova dimens\u00e3o filos\u00f3fica, bem como o que seriam novas bases. <\/p>\n\n\n\n<p>(<strong>F<\/strong>) &#8211; Expectativa e esperan\u00e7a s\u00e3o duas palavras pr\u00f3ximas, mas ao mesmo tempo complementares. Uma e outra, para o nosso pa\u00eds, hoje, na sua percep\u00e7\u00e3o&#8230;<br>(<strong>T<\/strong>) &#8211; Expectativa nenhuma, nem em rela\u00e7\u00e3o ao Brasil, nem em rela\u00e7\u00e3o a nenhum outro territ\u00f3rio. Esperan\u00e7a em rela\u00e7\u00e3o \u00e0s for\u00e7as de vida, que apresentam a sua din\u00e2mica pr\u00f3pria, as transmuta\u00e7\u00f5es, o que se destr\u00f3i e constr\u00f3i, sem que se decifre linearmente o que seja viver (no Brasil ou em qualquer lugar). As coisas s\u00e3o simultaneamente encantadoras e terr\u00edveis, e a nossa dan\u00e7a transita constantemente nesse paradoxo.<\/p>\n\n\n\n<p>(<strong>F<\/strong>) &#8211; Barcelona? Catalunha? Espanha? Europa? Comentas algo? Gostarias?<br>(<strong>T<\/strong>) &#8211; Hist\u00f3rias dif\u00edceis, hist\u00f3rias e presen\u00e7as pr\u00f3prias desses territ\u00f3rios, colonialidade acesa, algum questionamentos dessa colonialidade cujos tent\u00e1culos se regeneram, e paisagens lind\u00edssimas. Lugares interessantes, alguns amigos que nelas vivem. A Espanha \u00e9 um belo pa\u00eds e, assim como o Brasil e todo o universo colonial, precisa pensar sobre racismo, sobre as suas pr\u00e1ticas racistas (como, ali\u00e1s, se viu recentemente com o epis\u00f3dio do jogador de futebol Vin\u00edcius Jr.).<\/p>\n\n\n\n<p>(<strong>F<\/strong>) &#8211; Salvador, Bahia, Brasil, Am\u00e9rica Latina? Igual \u00e0 quest\u00e3o anterior&#8230;<br>(<strong>T<\/strong>) &#8211; Territ\u00f3rios que me formaram, informaram, deformaram, e que, assim como colocado na quest\u00e3o anterior, precisam encarar o seu racismo, a sua pletora de problemas para pessoas que l\u00e1 vivem. S\u00e3o lugares reais (n\u00e3o h\u00e1 aqui romantismos). H\u00e1 beleza e encanto tamb\u00e9m, ao lado do que pode ser absurdamente indignante.<\/p>\n\n\n\n<p>(<strong>F<\/strong>) &#8211; Como anda hoje (atemporal?) a capoeira do Seu pensamento?<br>(<strong>T<\/strong>) &#8211; Em tr\u00e2nsito; sem se fixar numa tend\u00eancia, eixo ou corrente. Tenho tentado que ela se movimente com meu corpo e com como a vida me faz dan\u00e7ar.<\/p>\n\n\n\n<p>(<strong>F<\/strong>) &#8211; O que N\u00e3o podemos esperar da sua vinda, do seu trabalho, em Barcelona? E o que, Sim, podemos esperar?<br>(<strong>T<\/strong>) &#8211; N\u00e3o se pode esperar que eu \u201cfa\u00e7a\u201d m\u00fasica sem querer fazer (para o p\u00fablico, exibirei o que sou ao lado dos m\u00fasicos e amigos <a href=\"https:\/\/siterg.uol.com.br\/cultura\/2020\/07\/01\/leonardo-mendes-apresenta-no-na-garganta-uma-parceria-com-seu-irmao-joao-mendes-e-mestre-sapopemba\/\">Leonardo Mendes<\/a>, <a href=\"https:\/\/www.deezer.com\/en\/artist\/11172522\">Ldson Galter<\/a> e M\u00fb Mbana). Podemos esperar m\u00fasica, que ser\u00e1 tratada como a grande protagonista do nosso \u201cenredo\u201d.<\/p>\n\n\n\n<p>(<strong>F<\/strong>) &#8211; Brasileiro no exterior com mania de ficar pedindo sugest\u00e3o de bons artistas na nossa terrinha. Podemos acabar assim, esta conversinha?<br>(<strong>T<\/strong>) &#8211; Agora voc\u00ea me pegou&#8230; n\u00e3o sei bem ir por a\u00ed, n\u00e3o, meu caro! Deixo um grande abra\u00e7o e os meus mais sinceros agradecimentos.<\/p>\n\n\n\n<hr class=\"wp-block-separator has-alpha-channel-opacity\"\/>\n\n\n\n<p>T<em>witter e Instagram: <strong>@1flaviocarvalho<\/strong><\/em><br><em>Facebook: <strong>@quixotemacunaima<\/strong><\/em> | <strong>@amaconaima<\/strong><\/p>\n\n\n\n<p>#maconaima #quixotemacunaima<\/p>\n\n\n\n<p class=\"has-background\" style=\"background-color:#f1e7fa\"><strong>Nota: <\/strong>Os textos, cita\u00e7\u00f5es, e opini\u00f5es s\u00e3o fornecidos pelo autor, sendo de sua exclusiva responsabilidade, e podem n\u00e3o expressar \u2013 no todo ou em parte, a opini\u00e3o dos Coletivos da Fibra<\/p>\n","protected":false,"gt_translate_keys":[{"key":"rendered","format":"html"}]},"excerpt":{"rendered":"<p>De Fl\u00e1vio Carvalho, para o site da FIBRA.@1flaviocarvalho, @quixotemacunaima. Soci\u00f3logo e Escritor. Barcelona, 23 de junho de 2023. \u201cA minha interlocu\u00e7\u00e3o com o mundo. N\u00e3o<\/p>\n","protected":false,"gt_translate_keys":[{"key":"rendered","format":"html"}]},"author":2,"featured_media":10026,"comment_status":"open","ping_status":"open","sticky":false,"template":"","format":"standard","meta":{"om_disable_all_campaigns":false,"_eb_attr":"","footnotes":""},"categories":[197,202,10],"tags":[],"class_list":["post-10025","post","type-post","status-publish","format-standard","has-post-thumbnail","hentry","category-colunistas","category-flavio","category-reportagens","three-columns"],"aioseo_notices":[],"rttpg_featured_image_url":{"full":["https:\/\/fibrainternacional.org\/wp-content\/uploads\/2023\/06\/Screenshot-2023-06-23-at-10.15.38.png",2494,1502,false],"landscape":["https:\/\/fibrainternacional.org\/wp-content\/uploads\/2023\/06\/Screenshot-2023-06-23-at-10.15.38.png",2494,1502,false],"portraits":["https:\/\/fibrainternacional.org\/wp-content\/uploads\/2023\/06\/Screenshot-2023-06-23-at-10.15.38.png",2494,1502,false],"thumbnail":["https:\/\/fibrainternacional.org\/wp-content\/uploads\/2023\/06\/Screenshot-2023-06-23-at-10.15.38-150x150.png",150,150,true],"medium":["https:\/\/fibrainternacional.org\/wp-content\/uploads\/2023\/06\/Screenshot-2023-06-23-at-10.15.38-300x181.png",300,181,true],"large":["https:\/\/fibrainternacional.org\/wp-content\/uploads\/2023\/06\/Screenshot-2023-06-23-at-10.15.38-1024x617.png",640,386,true],"1536x1536":["https:\/\/fibrainternacional.org\/wp-content\/uploads\/2023\/06\/Screenshot-2023-06-23-at-10.15.38-1536x925.png",1536,925,true],"2048x2048":["https:\/\/fibrainternacional.org\/wp-content\/uploads\/2023\/06\/Screenshot-2023-06-23-at-10.15.38-2048x1233.png",2048,1233,true],"refined-magazine-carousel-img":["https:\/\/fibrainternacional.org\/wp-content\/uploads\/2023\/06\/Screenshot-2023-06-23-at-10.15.38-783x450.png",783,450,true],"refined-magazine-carousel-img-landscape":["https:\/\/fibrainternacional.org\/wp-content\/uploads\/2023\/06\/Screenshot-2023-06-23-at-10.15.38-783x225.png",783,225,true],"refined-magazine-carousel-large-img":["https:\/\/fibrainternacional.org\/wp-content\/uploads\/2023\/06\/Screenshot-2023-06-23-at-10.15.38-1000x574.png",1000,574,true],"refined-magazine-carousel-large-img-landscape":["https:\/\/fibrainternacional.org\/wp-content\/uploads\/2023\/06\/Screenshot-2023-06-23-at-10.15.38-1000x287.png",1000,287,true],"refined-magazine-large-thumb":["https:\/\/fibrainternacional.org\/wp-content\/uploads\/2023\/06\/Screenshot-2023-06-23-at-10.15.38-1170x705.png",1170,705,true],"refined-magazine-small-thumb":["https:\/\/fibrainternacional.org\/wp-content\/uploads\/2023\/06\/Screenshot-2023-06-23-at-10.15.38-350x220.png",350,220,true]},"rttpg_author":{"display_name":"clearwaterdijk","author_link":"https:\/\/fibrainternacional.org\/?author=2"},"rttpg_comment":0,"rttpg_category":"<a href=\"https:\/\/fibrainternacional.org\/?cat=197\" rel=\"category\">Colunistas<\/a> <a href=\"https:\/\/fibrainternacional.org\/?cat=202\" rel=\"category\">Fl\u00e1vio Carvalho<\/a> <a href=\"https:\/\/fibrainternacional.org\/?cat=10\" rel=\"category\">Reportagens<\/a>","rttpg_excerpt":"De Fl\u00e1vio Carvalho, para o site da FIBRA.@1flaviocarvalho, @quixotemacunaima. Soci\u00f3logo e Escritor. Barcelona, 23 de junho de 2023. \u201cA minha interlocu\u00e7\u00e3o com o mundo. N\u00e3o","gt_translate_keys":[{"key":"link","format":"url"}],"_links":{"self":[{"href":"https:\/\/fibrainternacional.org\/index.php?rest_route=\/wp\/v2\/posts\/10025","targetHints":{"allow":["GET"]}}],"collection":[{"href":"https:\/\/fibrainternacional.org\/index.php?rest_route=\/wp\/v2\/posts"}],"about":[{"href":"https:\/\/fibrainternacional.org\/index.php?rest_route=\/wp\/v2\/types\/post"}],"author":[{"embeddable":true,"href":"https:\/\/fibrainternacional.org\/index.php?rest_route=\/wp\/v2\/users\/2"}],"replies":[{"embeddable":true,"href":"https:\/\/fibrainternacional.org\/index.php?rest_route=%2Fwp%2Fv2%2Fcomments&post=10025"}],"version-history":[{"count":1,"href":"https:\/\/fibrainternacional.org\/index.php?rest_route=\/wp\/v2\/posts\/10025\/revisions"}],"predecessor-version":[{"id":10027,"href":"https:\/\/fibrainternacional.org\/index.php?rest_route=\/wp\/v2\/posts\/10025\/revisions\/10027"}],"wp:featuredmedia":[{"embeddable":true,"href":"https:\/\/fibrainternacional.org\/index.php?rest_route=\/wp\/v2\/media\/10026"}],"wp:attachment":[{"href":"https:\/\/fibrainternacional.org\/index.php?rest_route=%2Fwp%2Fv2%2Fmedia&parent=10025"}],"wp:term":[{"taxonomy":"category","embeddable":true,"href":"https:\/\/fibrainternacional.org\/index.php?rest_route=%2Fwp%2Fv2%2Fcategories&post=10025"},{"taxonomy":"post_tag","embeddable":true,"href":"https:\/\/fibrainternacional.org\/index.php?rest_route=%2Fwp%2Fv2%2Ftags&post=10025"}],"curies":[{"name":"wp","href":"https:\/\/api.w.org\/{rel}","templated":true}]}}