{"id":10046,"date":"2023-06-30T09:19:45","date_gmt":"2023-06-30T07:19:45","guid":{"rendered":"http:\/\/fibrainternacional.org\/?p=10046"},"modified":"2023-06-30T09:34:50","modified_gmt":"2023-06-30T07:34:50","slug":"um-novo-pacto-financeiro-global-e-possivel","status":"publish","type":"post","link":"https:\/\/fibrainternacional.org\/?p=10046","title":{"rendered":"Um novo pacto financeiro global \u00e9 poss\u00edvel?","gt_translate_keys":[{"key":"rendered","format":"text"}]},"content":{"rendered":"\n<p>Por <a href=\"https:\/\/www.instagram.com\/alertefrancebresil\/\">M\u00e1rcia Camargos<\/a> e <a href=\"https:\/\/www.instagram.com\/alertefrancebresil\/\">Solange Cidreira<\/a><br>Publicado originalmente no <a href=\"https:\/\/operamundi.uol.com.br\/opiniao\/81442\/um-novo-pacto-financeiro-global-e-possivel\" target=\"_blank\" rel=\"noreferrer noopener\">Jornal Opera Mundi<\/a><\/p>\n\n\n\n<p>Paris (Fran\u00e7a), 29 de jun de 2023 <\/p>\n\n\n<div class=\"wp-block-image is-style-default\">\n<figure class=\"alignright size-large is-resized\"><img fetchpriority=\"high\" decoding=\"async\" src=\"http:\/\/fibrainternacional.org\/wp-content\/uploads\/2023\/06\/Screenshot-2023-06-30-at-08.54.11-1024x573.png\" alt=\"\" class=\"wp-image-10047\" width=\"312\" height=\"175\" srcset=\"https:\/\/fibrainternacional.org\/wp-content\/uploads\/2023\/06\/Screenshot-2023-06-30-at-08.54.11-1024x573.png 1024w, https:\/\/fibrainternacional.org\/wp-content\/uploads\/2023\/06\/Screenshot-2023-06-30-at-08.54.11-300x168.png 300w, https:\/\/fibrainternacional.org\/wp-content\/uploads\/2023\/06\/Screenshot-2023-06-30-at-08.54.11-768x429.png 768w, https:\/\/fibrainternacional.org\/wp-content\/uploads\/2023\/06\/Screenshot-2023-06-30-at-08.54.11-1536x859.png 1536w, https:\/\/fibrainternacional.org\/wp-content\/uploads\/2023\/06\/Screenshot-2023-06-30-at-08.54.11-2048x1145.png 2048w, https:\/\/fibrainternacional.org\/wp-content\/uploads\/2023\/06\/Screenshot-2023-06-30-at-08.54.11-1170x654.png 1170w, https:\/\/fibrainternacional.org\/wp-content\/uploads\/2023\/06\/Screenshot-2023-06-30-at-08.54.11-600x336.png 600w\" sizes=\"(max-width: 312px) 100vw, 312px\" \/><\/figure>\n<\/div>\n\n\n<p>Um dos chefes de Estado mais aguardados no F\u00f3rum sobre o Novo Pacto Global de Financiamento que, de 22 a 23 de junho reuniu, em Paris, cerca de 100 dirigentes dos quatro pontos cardeais, Luiz In\u00e1cio Lula da Silva parece ter sacudido a mesmice de tais encontros ao colocar duas perguntas retiradas do t\u00edtulo do evento. O presidente do Brasil, que resgata a dignidade do seu povo, ap\u00f3s os anos f\u00fanebres da era Temer-Bolsonaro, veio para colocar o dedo na ferida, ecoando quest\u00f5es da maior import\u00e2ncia na presente conjuntura mundial.&nbsp;<\/p>\n\n\n\n<p>Primeiro, em que termos o pacto seria realmente novo? Depois, ele serve a quem? N\u00e3o \u00e0 toa, no \u201cDi\u00e1logo de Alto N\u00edvel\u201d, que encerrava a C\u00fapula, Lula comentou que precisamos nos indignar contra a desigualdade em todos os n\u00edveis, sejam sociais, salariais, clim\u00e1ticas ou de g\u00eanero. Para ele, torna-se urgente estabelecer princ\u00edpios para reformar as institui\u00e7\u00f5es financeiras internacionais e forjar parcerias mais equilibradas entre pa\u00edses desenvolvidos e em desenvolvimento, conforme preconizavam seus articuladores.&nbsp;<\/p>\n\n\n\n<p>Segundo afirmou, \u00f3rg\u00e3os como o Banco Mundial, FMI e mesmo a ONU, est\u00e3o ultrapassados, e n\u00e3o atendem \u00e0s necessidades contempor\u00e2neas, exigindo transforma\u00e7\u00f5es na sua organiza\u00e7\u00e3o e lideran\u00e7a.&nbsp;<\/p>\n\n\n\n<p>No s\u00e1bado (24\/06), Lula recebeu jornalistas para uma esp\u00e9cie de balan\u00e7o da sua estadia. Avaliou que o <a href=\"https:\/\/www.youtube.com\/watch?v=ixztYdhVMTg\" target=\"_blank\" rel=\"noreferrer noopener\">acordo entre a Uni\u00e3o Europeia e o Mercosul<\/a>, tema do almo\u00e7o com o presidente franc\u00eas Emmanuel Macron, \u00e9 crucial para ambas as partes. No entanto, as medidas econ\u00f4micas precisar\u00e3o estar sincronizadas com as preocupa\u00e7\u00f5es sociais, diferentemente do ponto de vista do seu antecessor, que teria, conforme explicou, cedido em todos os pontos, agora demandando uma revis\u00e3o minuciosa.<\/p>\n\n\n\n<p>\u201cAssim como a Fran\u00e7a quer resguardar os interesses agr\u00edcolas deles, n\u00f3s temos que proteger os interesses das nossas pequenas e m\u00e9dias empresas\u201d, pontuou o brasileiro.<\/p>\n\n\n<div class=\"wp-block-image is-style-default\">\n<figure class=\"aligncenter size-large is-resized\"><img decoding=\"async\" src=\"http:\/\/fibrainternacional.org\/wp-content\/uploads\/2023\/06\/Screenshot-2023-06-30-at-08.39.18-1024x611.png\" alt=\"Imagem: R. Stuckert\" class=\"wp-image-10048\" width=\"659\" height=\"393\" srcset=\"https:\/\/fibrainternacional.org\/wp-content\/uploads\/2023\/06\/Screenshot-2023-06-30-at-08.39.18-1024x611.png 1024w, https:\/\/fibrainternacional.org\/wp-content\/uploads\/2023\/06\/Screenshot-2023-06-30-at-08.39.18-300x179.png 300w, https:\/\/fibrainternacional.org\/wp-content\/uploads\/2023\/06\/Screenshot-2023-06-30-at-08.39.18-768x458.png 768w, https:\/\/fibrainternacional.org\/wp-content\/uploads\/2023\/06\/Screenshot-2023-06-30-at-08.39.18-1170x698.png 1170w, https:\/\/fibrainternacional.org\/wp-content\/uploads\/2023\/06\/Screenshot-2023-06-30-at-08.39.18-600x358.png 600w, https:\/\/fibrainternacional.org\/wp-content\/uploads\/2023\/06\/Screenshot-2023-06-30-at-08.39.18.png 1270w\" sizes=\"(max-width: 659px) 100vw, 659px\" \/><figcaption class=\"wp-element-caption\">Imagem: Ricardo Stuckert<\/figcaption><\/figure>\n<\/div>\n\n\n<p>Apesar das restri\u00e7\u00f5es, ele espera que, com o apoio dos partidos de esquerda na Assembleia Nacional francesa, at\u00e9 o final do ano alcancem uma decis\u00e3o sobre o assunto, que come\u00e7ou a ser tratado em 1999. Nessa coletiva, Lula ainda mencionou a urg\u00eancia de unir o bloco latino-americano para fazer frente ao grande capital. Tamb\u00e9m pronunciou-se sobre o Haiti, relegado \u00e0 pr\u00f3pria sorte, e pagando at\u00e9 hoje o pre\u00e7o de ter se libertado do jugo colonial. Prometeu levar o t\u00f3pico ao G20 e ao <a href=\"https:\/\/www.cartacapital.com.br\/economia\/o-peso-de-dilma-rousseff-na-presidencia-do-banco-dos-brics\/\">Brics<\/a>, para coloc\u00e1-lo no centro das delibera\u00e7\u00f5es intercontinentais.<\/p>\n\n\n\n<p>Na frente do hotel em que se hospedou com a sua comitiva, incans\u00e1veis apoiadores agitavam bandeiras, cantavam e gritavam palavras de ordem, assim que o presidente chegava ou sa\u00eda para mais uma das numerosas reuni\u00f5es bilaterais. Da mesma forma, <a href=\"https:\/\/operamundi.uol.com.br\/politica-e-economia\/81349\/paris-lula-e-aclamado-por-20-mil-pessoas-ao-falar-sobre-a-amazonia-em-frente-a-torre-eiffel\" target=\"_blank\" rel=\"noreferrer noopener\">Lula foi ovacionado por milhares de pessoas<\/a>, quando discursou como convidado especial do Coldplay, no show Power Our Planet, aos p\u00e9s da Torre Eiffel, onde reafirmou a responsabilidade dos pa\u00edses ocidentais com o aumento da polui\u00e7\u00e3o.<\/p>\n\n\n<div class=\"wp-block-image is-style-default\">\n<figure class=\"alignright size-full is-resized\"><img decoding=\"async\" src=\"http:\/\/fibrainternacional.org\/wp-content\/uploads\/2023\/06\/Screenshot-2023-06-30-at-09.22.42.png\" alt=\"\" class=\"wp-image-10051\" width=\"167\" height=\"195\" srcset=\"https:\/\/fibrainternacional.org\/wp-content\/uploads\/2023\/06\/Screenshot-2023-06-30-at-09.22.42.png 812w, https:\/\/fibrainternacional.org\/wp-content\/uploads\/2023\/06\/Screenshot-2023-06-30-at-09.22.42-256x300.png 256w, https:\/\/fibrainternacional.org\/wp-content\/uploads\/2023\/06\/Screenshot-2023-06-30-at-09.22.42-768x899.png 768w, https:\/\/fibrainternacional.org\/wp-content\/uploads\/2023\/06\/Screenshot-2023-06-30-at-09.22.42-600x702.png 600w\" sizes=\"(max-width: 167px) 100vw, 167px\" \/><figcaption class=\"wp-element-caption\">Solange Cidreira<\/figcaption><\/figure>\n<\/div>\n\n<div class=\"wp-block-image is-style-default\">\n<figure class=\"alignleft size-full is-resized\"><img loading=\"lazy\" decoding=\"async\" src=\"http:\/\/fibrainternacional.org\/wp-content\/uploads\/2023\/06\/Screenshot-2023-06-30-at-09.22.27.png\" alt=\"\" class=\"wp-image-10050\" width=\"171\" height=\"170\" srcset=\"https:\/\/fibrainternacional.org\/wp-content\/uploads\/2023\/06\/Screenshot-2023-06-30-at-09.22.27.png 954w, https:\/\/fibrainternacional.org\/wp-content\/uploads\/2023\/06\/Screenshot-2023-06-30-at-09.22.27-300x300.png 300w, https:\/\/fibrainternacional.org\/wp-content\/uploads\/2023\/06\/Screenshot-2023-06-30-at-09.22.27-150x150.png 150w, https:\/\/fibrainternacional.org\/wp-content\/uploads\/2023\/06\/Screenshot-2023-06-30-at-09.22.27-768x765.png 768w, https:\/\/fibrainternacional.org\/wp-content\/uploads\/2023\/06\/Screenshot-2023-06-30-at-09.22.27-600x597.png 600w, https:\/\/fibrainternacional.org\/wp-content\/uploads\/2023\/06\/Screenshot-2023-06-30-at-09.22.27-100x100.png 100w\" sizes=\"(max-width: 171px) 100vw, 171px\" \/><figcaption class=\"wp-element-caption\">M\u00e1rcia Camargos \u00e9 integrante do <a href=\"https:\/\/www.facebook.com\/alertefrancebresilmd18officiel\" target=\"_blank\" rel=\"noreferrer noopener\">Colectief Alerte France Br\u00e9sil\/MD18<\/a>, e integrante da Fibra.<\/figcaption><\/figure>\n<\/div>\n\n\n<p>Em que pesem algumas cr\u00edticas da imprensa francesa, e a cobertura seletiva da m\u00eddia brasileira, a visita de Lula marcou um important\u00edssimo ponto de inflex\u00e3o nas rela\u00e7\u00f5es Norte-Sul. Pela primeira vez na hist\u00f3ria, o governante de um pa\u00eds em desenvolvimento deslocou a perspectiva numa c\u00fapula de tal magnitude, ao afirmar que n\u00e3o basta apenas falar da Amaz\u00f4nia.&nbsp;<\/p>\n\n\n\n<p>Ele argumentou que de nada adianta discutir meio-ambiente e clima sem levar em conta a desigualdade, fruto da concentra\u00e7\u00e3o de riqueza, que s\u00f3 fez aumentar o abismo social nas ultimas tr\u00eas d\u00e9cadas. \u201cSe a gente n\u00e3o mudar as institui\u00e7\u00f5es, o mundo permanecer\u00e1 o mesmo\u201d, disse ele.&nbsp;<\/p>\n\n\n\n<p>\u201cQuem \u00e9 rico vai seguir rico, e quem \u00e9 pobre vai continuar pobre\u201d.<\/p>\n\n\n\n<hr class=\"wp-block-separator has-alpha-channel-opacity\"\/>\n\n\n\n<p><\/p>\n\n\n\n<p><\/p>\n\n\n\n<p><\/p>\n\n\n\n<p><\/p>\n\n\n\n<p class=\"has-background\" style=\"background-color:#e3f2fb\"><strong>Nota: <\/strong>Os textos, cita\u00e7\u00f5es, e opini\u00f5es s\u00e3o fornecidos pelo autor, sendo de sua exclusiva responsabilidade, e podem n\u00e3o expressar \u2013 no todo ou em parte, a opini\u00e3o dos Coletivos da Fibra<\/p>\n","protected":false,"gt_translate_keys":[{"key":"rendered","format":"html"}]},"excerpt":{"rendered":"<p>Por M\u00e1rcia Camargos e Solange CidreiraPublicado originalmente no Jornal Opera Mundi Paris (Fran\u00e7a), 29 de jun de 2023 Um dos chefes de Estado mais aguardados<\/p>\n","protected":false,"gt_translate_keys":[{"key":"rendered","format":"html"}]},"author":2,"featured_media":10047,"comment_status":"open","ping_status":"open","sticky":false,"template":"","format":"standard","meta":{"om_disable_all_campaigns":false,"_eb_attr":"","footnotes":""},"categories":[197,332,10],"tags":[],"class_list":["post-10046","post","type-post","status-publish","format-standard","has-post-thumbnail","hentry","category-colunistas","category-outras-autorias","category-reportagens","three-columns"],"aioseo_notices":[],"rttpg_featured_image_url":{"full":["https:\/\/fibrainternacional.org\/wp-content\/uploads\/2023\/06\/Screenshot-2023-06-30-at-08.54.11.png",2550,1426,false],"landscape":["https:\/\/fibrainternacional.org\/wp-content\/uploads\/2023\/06\/Screenshot-2023-06-30-at-08.54.11.png",2550,1426,false],"portraits":["https:\/\/fibrainternacional.org\/wp-content\/uploads\/2023\/06\/Screenshot-2023-06-30-at-08.54.11.png",2550,1426,false],"thumbnail":["https:\/\/fibrainternacional.org\/wp-content\/uploads\/2023\/06\/Screenshot-2023-06-30-at-08.54.11-150x150.png",150,150,true],"medium":["https:\/\/fibrainternacional.org\/wp-content\/uploads\/2023\/06\/Screenshot-2023-06-30-at-08.54.11-300x168.png",300,168,true],"large":["https:\/\/fibrainternacional.org\/wp-content\/uploads\/2023\/06\/Screenshot-2023-06-30-at-08.54.11-1024x573.png",640,358,true],"1536x1536":["https:\/\/fibrainternacional.org\/wp-content\/uploads\/2023\/06\/Screenshot-2023-06-30-at-08.54.11-1536x859.png",1536,859,true],"2048x2048":["https:\/\/fibrainternacional.org\/wp-content\/uploads\/2023\/06\/Screenshot-2023-06-30-at-08.54.11-2048x1145.png",2048,1145,true],"refined-magazine-carousel-img":["https:\/\/fibrainternacional.org\/wp-content\/uploads\/2023\/06\/Screenshot-2023-06-30-at-08.54.11-783x450.png",783,450,true],"refined-magazine-carousel-img-landscape":["https:\/\/fibrainternacional.org\/wp-content\/uploads\/2023\/06\/Screenshot-2023-06-30-at-08.54.11-783x225.png",783,225,true],"refined-magazine-carousel-large-img":["https:\/\/fibrainternacional.org\/wp-content\/uploads\/2023\/06\/Screenshot-2023-06-30-at-08.54.11-1000x574.png",1000,574,true],"refined-magazine-carousel-large-img-landscape":["https:\/\/fibrainternacional.org\/wp-content\/uploads\/2023\/06\/Screenshot-2023-06-30-at-08.54.11-1000x287.png",1000,287,true],"refined-magazine-large-thumb":["https:\/\/fibrainternacional.org\/wp-content\/uploads\/2023\/06\/Screenshot-2023-06-30-at-08.54.11-1170x654.png",1170,654,true],"refined-magazine-small-thumb":["https:\/\/fibrainternacional.org\/wp-content\/uploads\/2023\/06\/Screenshot-2023-06-30-at-08.54.11-350x220.png",350,220,true]},"rttpg_author":{"display_name":"clearwaterdijk","author_link":"https:\/\/fibrainternacional.org\/?author=2"},"rttpg_comment":0,"rttpg_category":"<a href=\"https:\/\/fibrainternacional.org\/?cat=197\" rel=\"category\">Colunistas<\/a> <a href=\"https:\/\/fibrainternacional.org\/?cat=332\" rel=\"category\">Outras autorias<\/a> <a href=\"https:\/\/fibrainternacional.org\/?cat=10\" rel=\"category\">Reportagens<\/a>","rttpg_excerpt":"Por M\u00e1rcia Camargos e Solange CidreiraPublicado originalmente no Jornal Opera Mundi Paris (Fran\u00e7a), 29 de jun de 2023 Um dos chefes de Estado mais aguardados","gt_translate_keys":[{"key":"link","format":"url"}],"_links":{"self":[{"href":"https:\/\/fibrainternacional.org\/index.php?rest_route=\/wp\/v2\/posts\/10046","targetHints":{"allow":["GET"]}}],"collection":[{"href":"https:\/\/fibrainternacional.org\/index.php?rest_route=\/wp\/v2\/posts"}],"about":[{"href":"https:\/\/fibrainternacional.org\/index.php?rest_route=\/wp\/v2\/types\/post"}],"author":[{"embeddable":true,"href":"https:\/\/fibrainternacional.org\/index.php?rest_route=\/wp\/v2\/users\/2"}],"replies":[{"embeddable":true,"href":"https:\/\/fibrainternacional.org\/index.php?rest_route=%2Fwp%2Fv2%2Fcomments&post=10046"}],"version-history":[{"count":6,"href":"https:\/\/fibrainternacional.org\/index.php?rest_route=\/wp\/v2\/posts\/10046\/revisions"}],"predecessor-version":[{"id":10058,"href":"https:\/\/fibrainternacional.org\/index.php?rest_route=\/wp\/v2\/posts\/10046\/revisions\/10058"}],"wp:featuredmedia":[{"embeddable":true,"href":"https:\/\/fibrainternacional.org\/index.php?rest_route=\/wp\/v2\/media\/10047"}],"wp:attachment":[{"href":"https:\/\/fibrainternacional.org\/index.php?rest_route=%2Fwp%2Fv2%2Fmedia&parent=10046"}],"wp:term":[{"taxonomy":"category","embeddable":true,"href":"https:\/\/fibrainternacional.org\/index.php?rest_route=%2Fwp%2Fv2%2Fcategories&post=10046"},{"taxonomy":"post_tag","embeddable":true,"href":"https:\/\/fibrainternacional.org\/index.php?rest_route=%2Fwp%2Fv2%2Ftags&post=10046"}],"curies":[{"name":"wp","href":"https:\/\/api.w.org\/{rel}","templated":true}]}}