{"id":10059,"date":"2023-06-30T10:09:03","date_gmt":"2023-06-30T08:09:03","guid":{"rendered":"http:\/\/fibrainternacional.org\/?p=10059"},"modified":"2023-06-30T10:09:04","modified_gmt":"2023-06-30T08:09:04","slug":"lutar-construir-reforma-agraria-popular","status":"publish","type":"post","link":"https:\/\/fibrainternacional.org\/?p=10059","title":{"rendered":"Lutar, Construir Reforma Agr\u00e1ria Popular.","gt_translate_keys":[{"key":"rendered","format":"text"}]},"content":{"rendered":"\n<p>Genebra, 30 de junho de 2023.<\/p>\n\n\n<div class=\"wp-block-image is-style-default\">\n<figure class=\"alignright size-large is-resized\"><img fetchpriority=\"high\" decoding=\"async\" src=\"http:\/\/fibrainternacional.org\/wp-content\/uploads\/2023\/06\/Texto-do-seu-paragrafo-1024x512.jpg\" alt=\"\" class=\"wp-image-10061\" width=\"365\" height=\"183\" srcset=\"https:\/\/fibrainternacional.org\/wp-content\/uploads\/2023\/06\/Texto-do-seu-paragrafo-1024x512.jpg 1024w, https:\/\/fibrainternacional.org\/wp-content\/uploads\/2023\/06\/Texto-do-seu-paragrafo-300x150.jpg 300w, https:\/\/fibrainternacional.org\/wp-content\/uploads\/2023\/06\/Texto-do-seu-paragrafo-768x384.jpg 768w, https:\/\/fibrainternacional.org\/wp-content\/uploads\/2023\/06\/Texto-do-seu-paragrafo-1536x768.jpg 1536w, https:\/\/fibrainternacional.org\/wp-content\/uploads\/2023\/06\/Texto-do-seu-paragrafo-2048x1024.jpg 2048w, https:\/\/fibrainternacional.org\/wp-content\/uploads\/2023\/06\/Texto-do-seu-paragrafo-1170x585.jpg 1170w, https:\/\/fibrainternacional.org\/wp-content\/uploads\/2023\/06\/Texto-do-seu-paragrafo-600x300.jpg 600w\" sizes=\"(max-width: 365px) 100vw, 365px\" \/><\/figure>\n<\/div>\n\n\n<p>O <a href=\"https:\/\/www.facebook.com\/lulalivre.genebra\/videos\/273850591980184\">Comit\u00ea Internacional Lulalivre<\/a> e amigos, amigas e amigues do MST, com apoio de Am\u00e9rica Unida, em manifesta\u00e7\u00e3o na manh\u00e3 de 29 de junho, em Genebra &#8211; \ud83c\udde8\ud83c\uddedem frente \u00e0 ONU. Estas organiza\u00e7\u00f5es uniram-se para refor\u00e7ar seu apoio a tantas lutas necess\u00e1rias na Am\u00e9rica Latina, dentre elas a defesa do Movimento dos Trabalhadores Rurais Sem Terra no Brasil, neste momento, sob ataque da parte do Congresso brasileiro que serve de voz ao agroneg\u00f3cio e contra os interesses dos trabalhadores do campo e da agricultura familiar, sem agrot\u00f3xico e solid\u00e1ria no combate \u00e0 fome no Brasil.<\/p>\n\n\n\n<figure class=\"wp-block-image size-large is-style-default\"><img decoding=\"async\" width=\"1024\" height=\"563\" src=\"http:\/\/fibrainternacional.org\/wp-content\/uploads\/2023\/06\/Screenshot-2023-06-30-at-09.55.43-1024x563.png\" alt=\"\" class=\"wp-image-10062\" srcset=\"https:\/\/fibrainternacional.org\/wp-content\/uploads\/2023\/06\/Screenshot-2023-06-30-at-09.55.43-1024x563.png 1024w, https:\/\/fibrainternacional.org\/wp-content\/uploads\/2023\/06\/Screenshot-2023-06-30-at-09.55.43-300x165.png 300w, https:\/\/fibrainternacional.org\/wp-content\/uploads\/2023\/06\/Screenshot-2023-06-30-at-09.55.43-768x423.png 768w, https:\/\/fibrainternacional.org\/wp-content\/uploads\/2023\/06\/Screenshot-2023-06-30-at-09.55.43-1536x845.png 1536w, https:\/\/fibrainternacional.org\/wp-content\/uploads\/2023\/06\/Screenshot-2023-06-30-at-09.55.43-2048x1127.png 2048w, https:\/\/fibrainternacional.org\/wp-content\/uploads\/2023\/06\/Screenshot-2023-06-30-at-09.55.43-1170x644.png 1170w, https:\/\/fibrainternacional.org\/wp-content\/uploads\/2023\/06\/Screenshot-2023-06-30-at-09.55.43-600x330.png 600w\" sizes=\"(max-width: 1024px) 100vw, 1024px\" \/><figcaption class=\"wp-element-caption\">Imagem: Comit\u00ea Internacional Lula Livre\/Genebra<\/figcaption><\/figure>\n\n\n\n<p>#T\u00f4comMST #LibertadAMilagroSala #JujuyResiste #agriculturafamiliar #agrotoxicomata<\/p>\n","protected":false,"gt_translate_keys":[{"key":"rendered","format":"html"}]},"excerpt":{"rendered":"<p>Genebra, 30 de junho de 2023. O Comit\u00ea Internacional Lulalivre e amigos, amigas e amigues do MST, com apoio de Am\u00e9rica Unida, em manifesta\u00e7\u00e3o na<\/p>\n","protected":false,"gt_translate_keys":[{"key":"rendered","format":"html"}]},"author":2,"featured_media":10061,"comment_status":"open","ping_status":"open","sticky":false,"template":"","format":"standard","meta":{"om_disable_all_campaigns":false,"_eb_attr":"","footnotes":""},"categories":[10],"tags":[],"class_list":["post-10059","post","type-post","status-publish","format-standard","has-post-thumbnail","hentry","category-reportagens","three-columns"],"aioseo_notices":[],"rttpg_featured_image_url":{"full":["https:\/\/fibrainternacional.org\/wp-content\/uploads\/2023\/06\/Texto-do-seu-paragrafo-scaled.jpg",2560,1280,false],"landscape":["https:\/\/fibrainternacional.org\/wp-content\/uploads\/2023\/06\/Texto-do-seu-paragrafo-scaled.jpg",2560,1280,false],"portraits":["https:\/\/fibrainternacional.org\/wp-content\/uploads\/2023\/06\/Texto-do-seu-paragrafo-scaled.jpg",2560,1280,false],"thumbnail":["https:\/\/fibrainternacional.org\/wp-content\/uploads\/2023\/06\/Texto-do-seu-paragrafo-150x150.jpg",150,150,true],"medium":["https:\/\/fibrainternacional.org\/wp-content\/uploads\/2023\/06\/Texto-do-seu-paragrafo-300x150.jpg",300,150,true],"large":["https:\/\/fibrainternacional.org\/wp-content\/uploads\/2023\/06\/Texto-do-seu-paragrafo-1024x512.jpg",640,320,true],"1536x1536":["https:\/\/fibrainternacional.org\/wp-content\/uploads\/2023\/06\/Texto-do-seu-paragrafo-1536x768.jpg",1536,768,true],"2048x2048":["https:\/\/fibrainternacional.org\/wp-content\/uploads\/2023\/06\/Texto-do-seu-paragrafo-2048x1024.jpg",2048,1024,true],"refined-magazine-carousel-img":["https:\/\/fibrainternacional.org\/wp-content\/uploads\/2023\/06\/Texto-do-seu-paragrafo-783x450.jpg",783,450,true],"refined-magazine-carousel-img-landscape":["https:\/\/fibrainternacional.org\/wp-content\/uploads\/2023\/06\/Texto-do-seu-paragrafo-783x225.jpg",783,225,true],"refined-magazine-carousel-large-img":["https:\/\/fibrainternacional.org\/wp-content\/uploads\/2023\/06\/Texto-do-seu-paragrafo-1000x574.jpg",1000,574,true],"refined-magazine-carousel-large-img-landscape":["https:\/\/fibrainternacional.org\/wp-content\/uploads\/2023\/06\/Texto-do-seu-paragrafo-1000x287.jpg",1000,287,true],"refined-magazine-large-thumb":["https:\/\/fibrainternacional.org\/wp-content\/uploads\/2023\/06\/Texto-do-seu-paragrafo-1170x585.jpg",1170,585,true],"refined-magazine-small-thumb":["https:\/\/fibrainternacional.org\/wp-content\/uploads\/2023\/06\/Texto-do-seu-paragrafo-350x220.jpg",350,220,true]},"rttpg_author":{"display_name":"clearwaterdijk","author_link":"https:\/\/fibrainternacional.org\/?author=2"},"rttpg_comment":0,"rttpg_category":"<a href=\"https:\/\/fibrainternacional.org\/?cat=10\" rel=\"category\">Reportagens<\/a>","rttpg_excerpt":"Genebra, 30 de junho de 2023. O Comit\u00ea Internacional Lulalivre e amigos, amigas e amigues do MST, com apoio de Am\u00e9rica Unida, em manifesta\u00e7\u00e3o na","gt_translate_keys":[{"key":"link","format":"url"}],"_links":{"self":[{"href":"https:\/\/fibrainternacional.org\/index.php?rest_route=\/wp\/v2\/posts\/10059","targetHints":{"allow":["GET"]}}],"collection":[{"href":"https:\/\/fibrainternacional.org\/index.php?rest_route=\/wp\/v2\/posts"}],"about":[{"href":"https:\/\/fibrainternacional.org\/index.php?rest_route=\/wp\/v2\/types\/post"}],"author":[{"embeddable":true,"href":"https:\/\/fibrainternacional.org\/index.php?rest_route=\/wp\/v2\/users\/2"}],"replies":[{"embeddable":true,"href":"https:\/\/fibrainternacional.org\/index.php?rest_route=%2Fwp%2Fv2%2Fcomments&post=10059"}],"version-history":[{"count":1,"href":"https:\/\/fibrainternacional.org\/index.php?rest_route=\/wp\/v2\/posts\/10059\/revisions"}],"predecessor-version":[{"id":10063,"href":"https:\/\/fibrainternacional.org\/index.php?rest_route=\/wp\/v2\/posts\/10059\/revisions\/10063"}],"wp:featuredmedia":[{"embeddable":true,"href":"https:\/\/fibrainternacional.org\/index.php?rest_route=\/wp\/v2\/media\/10061"}],"wp:attachment":[{"href":"https:\/\/fibrainternacional.org\/index.php?rest_route=%2Fwp%2Fv2%2Fmedia&parent=10059"}],"wp:term":[{"taxonomy":"category","embeddable":true,"href":"https:\/\/fibrainternacional.org\/index.php?rest_route=%2Fwp%2Fv2%2Fcategories&post=10059"},{"taxonomy":"post_tag","embeddable":true,"href":"https:\/\/fibrainternacional.org\/index.php?rest_route=%2Fwp%2Fv2%2Ftags&post=10059"}],"curies":[{"name":"wp","href":"https:\/\/api.w.org\/{rel}","templated":true}]}}