{"id":10068,"date":"2023-07-17T22:38:24","date_gmt":"2023-07-17T20:38:24","guid":{"rendered":"http:\/\/fibrainternacional.org\/?p=10068"},"modified":"2023-07-23T12:06:33","modified_gmt":"2023-07-23T10:06:33","slug":"manifesto-em-apoio-a-maria-dantas","status":"publish","type":"post","link":"https:\/\/fibrainternacional.org\/?p=10068","title":{"rendered":"Manifesto em Apoio \u00e0 Maria Dantas","gt_translate_keys":[{"key":"rendered","format":"text"}]},"content":{"rendered":"\n<p class=\"has-background\" style=\"background-color:#fbbd91\"><strong>Nota de Apoio \u00e0 candidatura da brasileira<\/strong> <strong>Maria Dantas ao Parlamento Espanhol<\/strong><\/p>\n\n\n\n<p>No pr\u00f3ximo dia 23 de julho de 2023, haver\u00e1 elei\u00e7\u00f5es na Espanha para escolher os parlamentares do pa\u00eds. As pessoas abaixo assinadas,&nbsp; incluindo integrantes da FIBRA, tem o orgulho de assinar um <strong>Manifesto de Apoio<\/strong> pessoal \u00e0 brasileira Maria Dantas, por representar a dignidade na defesa dos direitos humanos e pelo excelente desempenho no mandato que concluiu.<\/p>\n\n\n<div class=\"wp-block-image is-style-default\">\n<figure class=\"alignright size-large is-resized\"><img fetchpriority=\"high\" decoding=\"async\" src=\"http:\/\/fibrainternacional.org\/wp-content\/uploads\/2023\/07\/Screenshot-2023-07-17-at-15.57.32-1024x572.png\" alt=\"\" class=\"wp-image-10069\" width=\"561\" height=\"313\" srcset=\"https:\/\/fibrainternacional.org\/wp-content\/uploads\/2023\/07\/Screenshot-2023-07-17-at-15.57.32-1024x572.png 1024w, https:\/\/fibrainternacional.org\/wp-content\/uploads\/2023\/07\/Screenshot-2023-07-17-at-15.57.32-300x168.png 300w, https:\/\/fibrainternacional.org\/wp-content\/uploads\/2023\/07\/Screenshot-2023-07-17-at-15.57.32-768x429.png 768w, https:\/\/fibrainternacional.org\/wp-content\/uploads\/2023\/07\/Screenshot-2023-07-17-at-15.57.32-1536x858.png 1536w, https:\/\/fibrainternacional.org\/wp-content\/uploads\/2023\/07\/Screenshot-2023-07-17-at-15.57.32-2048x1144.png 2048w, https:\/\/fibrainternacional.org\/wp-content\/uploads\/2023\/07\/Screenshot-2023-07-17-at-15.57.32-1170x654.png 1170w, https:\/\/fibrainternacional.org\/wp-content\/uploads\/2023\/07\/Screenshot-2023-07-17-at-15.57.32-600x335.png 600w\" sizes=\"(max-width: 561px) 100vw, 561px\" \/><\/figure>\n<\/div>\n\n\n<p>Maria, desta vez candidata \u00e0 reelei\u00e7\u00e3o, tem sido pessoa corajosa e devotada na luta anti-racista e pelos direitos humanos, sobretudo \u00e0s causas que defendem os imigantes, os indocumentados, as mulheres e a comunidade LGBTQIAP+.<\/p>\n\n\n\n<p>Reconduzir Maria Dantas ao Parlamento Espanhol se constitui em importante contribui\u00e7\u00e3o \u00e0 Catalunha, \u00e0 Espanha, \u00e0 Europa e ao mundo, contra o fortalecimento da extrema-direita espanhola e suas conex\u00f5es com o bolsonarismo e a extrema-direita brasileira. Votar em Maria Dantas significa enviar um claro sinal de rep\u00fadio ao crescimento do fascismo e da xenofobia.<\/p>\n\n\n\n<p>Assim sendo, rogamos aqui aos que l\u00eaem, que assinem e divulguem esta nota, oferecendo seu apoio e referendando a candidatura de Maria, para que ela possa continuar ser agente de transforma\u00e7\u00e3o da sociedade. Seu apoio \u00e9 uma forte demonstra\u00e7\u00e3o de apre\u00e7o \u00e0 democracia e resist\u00eancia contra o fascismo e a extrema-direita.<\/p>\n\n\n\n<p><strong>Como participar da Lista de apoiadores:<\/strong><\/p>\n\n\n\n<ol class=\"wp-block-list\" type=\"1\">\n<li>acrescente na Caixa de Coment\u00e1rios abaixo: nome, profiss\u00e3o, grupo, projeto, empresa, organiza\u00e7\u00e3o etc\u2026 e pa\u00eds onde reside.<br>P.S. &#8211; Esta lista ser\u00e1 atualizada na medida da entrada de novos apoios. Fique atento!<\/li>\n<\/ol>\n\n\n\n<hr class=\"wp-block-separator has-alpha-channel-opacity\"\/>\n\n\n\n<ol class=\"wp-block-list\">\n<li>Adriana Pimentel &#8211; fot\u00f3grafa e jornalista, Espanha;<\/li>\n\n\n\n<li>Alda Cotta &#8211; historiadora, Coletivo Amsterdam, Holanda;<\/li>\n\n\n\n<li>Am\u00e9lia Bemerguy \u2013 historiadora. Bel\u00e9m\/Par\u00e1\/Brasil;<\/li>\n\n\n\n<li>Ana B\u00e1rbara Rodrigues &#8211; pedagoga, Espanha;<\/li>\n\n\n\n<li>Ana Isa v Dijk &#8211; arquiteta e ativista do Coletivo Amsterdam pela Democracia, Holanda;<\/li>\n\n\n\n<li>Ang\u00e9lica Franca Padovani &#8211; escritora, Espanha; <\/li>\n\n\n\n<li>Anna Guillamet &#8211; sacerdotisa, Espanha;<\/li>\n\n\n\n<li>Barbara Arisi &#8211; antrop\u00f3loga e jornalista;<\/li>\n\n\n\n<li>Bartira Fortes &#8211; antrop\u00f3loga e artivista, Su\u00e9cia;<\/li>\n\n\n\n<li>Benjami Valc\u00e0rcel. M\u00e9dico, Espanha; <\/li>\n\n\n\n<li>Boca Rica &#8211; mestre de Capoeira e artista, Espanha; <\/li>\n\n\n\n<li>Breno Pentagna &#8211; profesor, Espanha;<\/li>\n\n\n\n<li>Bruno Rebou\u00e7as &#8211; escritor;<\/li>\n\n\n\n<li>Carlinhos Pitera &#8211; m\u00fasico e compositor, Espanha;<\/li>\n\n\n\n<li>Cassio Paz &#8211; ativista social, Espanha;<\/li>\n\n\n\n<li>Cecilia Helena Toledo Brambilla &#8211; bi\u00f3loga, Espanha; <\/li>\n\n\n\n<li>Cesar Nave &#8211; @cesar_musical, m\u00fasico, Espanha; <\/li>\n\n\n\n<li>Clara Nascimento &#8211; atriz, presidente da Associa\u00e7\u00e3o Brasil Au\u00ea, Espanha;<\/li>\n\n\n\n<li>Claudia &#8211; Restaurante Manga Rosa, Espanha;<\/li>\n\n\n\n<li>Dai Sombra Aisha &#8211; Ativista antirracista decolonial, capoeirista e integrante do grupo Mujeres Brasile\u00f1as contra el Fascismo. Espanha; <\/li>\n\n\n\n<li>Danilo Marinho &#8211; Artista e rela\u00e7\u00f5es p\u00fablicas, Colectivo Natura Po\u00e9tica, Espanha; <\/li>\n\n\n\n<li>Denilson Carneiro Durval &#8211; aut\u00f4nomo, importador e distribuidor de cosm\u00e9ticos. Noa Organic Cosm\u00e9ticos; <\/li>\n\n\n\n<li>Denise Cogo &#8211; professora universit\u00e1ria e pesquisadora em migra\u00e7\u00f5es e m\u00eddia; <\/li>\n\n\n\n<li>Ediandro &#8211; mestre de capoeira, Espanha; <\/li>\n\n\n\n<li>Edna Lucia Tillessen &#8211; pedagoga, Kreuztal\/Alemanha;<\/li>\n\n\n\n<li>Ellen Bianchi Alaver &#8211; periodista, Espanha; <\/li>\n\n\n\n<li>Emilene Donato &#8211; psic\u00f3loga; <\/li>\n\n\n\n<li>Esther Bemerguy de Albuquerque \u2013 economista, Brasil;<\/li>\n\n\n\n<li>Estev\u00e3o Pires da Silva &#8211; periodista, Espanha;<\/li>\n\n\n\n<li>F\u00e1tima Rosa de Carvalho;<\/li>\n\n\n\n<li>Fernanda Medeiros &#8211; cineasta e empreendedora, volunt\u00e1ria na Casa da Gente, Espanha; <\/li>\n\n\n\n<li>Flavia Costa &#8211; administradora de empresas, Espanha; <\/li>\n\n\n\n<li>Flavio Carvalho &#8211; soci\u00f3logo, Espanha; <\/li>\n\n\n\n<li>Flavio Morais &#8211; Artista pl\u00e1stico, Espanha; <\/li>\n\n\n\n<li>Gaia Terra, Espanha; <\/li>\n\n\n\n<li>Germano de Sousa &#8211; cineasta, Espanha;<\/li>\n\n\n\n<li>Gerytza Chadas de Alcantara &#8211; m\u00e9dica, Espanha; <\/li>\n\n\n\n<li>Gisele Fernandes &#8211; psic\u00f3loga, Integrante do Coletivo Andorinha, Lisboa;<\/li>\n\n\n\n<li>Glaucenira Maximino &#8211; advogada, Espanha;<\/li>\n\n\n\n<li>Heike Weege &#8211; coordenadora do N\u00facleo do Partido dos Trabalhadores do Brasil em Barcelona, Espanha; <\/li>\n\n\n\n<li>Isabel Viana &#8211; arte-educadora, Espanha; <\/li>\n\n\n\n<li>Jab\u00fa Morales &#8211; artista, Espanha; <\/li>\n\n\n\n<li>Jarbas Cardona &#8211; ator e dramaturgo, Espanha; <\/li>\n\n\n\n<li>Jeca M\u00f3 &#8211; artista, Espanha;<\/li>\n\n\n\n<li>Jo\u00e3o Ernesto Mota Martins &#8211; escritor e cozinheiro. Revista Berro, Espanha;<\/li>\n\n\n\n<li>Leila Abrah\u00e3o &#8211; bailarina e atriz, Espanha;<\/li>\n\n\n\n<li>Lourdes Vidrier &#8211; neta del deportat 4446 Mauthausen i 13262 assessinat al Camp Nazi de Gusen. Activista antifeixista i lluitadora per la Mem\u00f2ria. Espanha;<\/li>\n\n\n\n<li>Lu\u00edza Monteiro &#8211; Coletivo Amsterdam, Holanda;<\/li>\n\n\n\n<li>@luraiter, @pedrobennaton, @errogrupo, Espanha; <\/li>\n\n\n\n<li>Mair\u00ea Carli &#8211; advogada feminista e defensora dos direitos humanos, Espanha; <\/li>\n\n\n\n<li>Marcia Nunes &#8211; ativista e assistente social, Holanda;<\/li>\n\n\n\n<li>Mar\u00e9 Folino &#8211; cantora, Espanha; <\/li>\n\n\n\n<li>Maria Badet &#8211; jornalista e ativista social, Espanha; <\/li>\n\n\n\n<li>Maria Cristina Fernandes Francisco &#8211; educadora, Hamburgo\/Alemanha;<\/li>\n\n\n\n<li>Maria dos Santos &#8211; historiadora s\u00f3cia fundadora do Madri de Hist\u00f3rias, Espanha;<\/li>\n\n\n\n<li>Mariana Ara\u00fajo &#8211; ativista social, Espanha;<\/li>\n\n\n\n<li>Millena Fontoura &#8211; advogada e Professora Direitos Humanos, Brasil;<\/li>\n\n\n\n<li>Miriam R. de Andrade Guimar\u00e3es &#8211; professora universit\u00e1ria aposentada, Partido dos Trabalhadores do BR, Coletivo Andorinha, FIBRA, Portugal;<\/li>\n\n\n\n<li>Naty Oliveira &#8211; ativiste antirracista, Espanha; <\/li>\n\n\n\n<li>Oriana Gonti\u00e8s &#8211; arquiteta, personal organizer e estudante de psicologia, Espanha; <\/li>\n\n\n\n<li>Patr\u00edcia Cassemiro &#8211; periodista, Espanha; <\/li>\n\n\n\n<li>Pedro Mox \u2013 jornalista;<\/li>\n\n\n\n<li>Pere Petit &#8211; professor e escritor; <\/li>\n\n\n\n<li>Pollyanna Silva &#8211; educadora social, Espanha; <\/li>\n\n\n\n<li>Priscila Barbosa &#8211; historiadora, artista e radialista, Espanha; <\/li>\n\n\n\n<li>Rita Stylus &#8211; profesora de samba, Espanha; <\/li>\n\n\n\n<li>Roberta dos Santos Nunes &#8211; Designer Gr\u00e1fico\/ilustradora, Freiburg am Breisgau\/Alemanha;<\/li>\n\n\n\n<li>Rose Lopes &#8211; aRtivista e produtora cultural, MBCF Bcn, Espanha; <\/li>\n\n\n\n<li>Rosemeire Jorge &#8211; Asociaci\u00f3n Cultural Brasile\u00f1a Maloka, Espanha; <\/li>\n\n\n\n<li>Rubens Kunca &#8211; m\u00fasico e jornalista, Espanha; <\/li>\n\n\n\n<li>Silva S\u00e0iz &#8211; ativista antifeixista; <\/li>\n\n\n\n<li>T\u00e2nia Veiga \u2013 historiadora. Coletivo Andorinha, Di\u00e1spora Sem Fronteiras, FIBRA. Portugal;<\/li>\n\n\n\n<li>Val\u00e9ria da Silva Fekete &#8211; jornalista e instrutora em workshops antiracismo, integrante do Coletivo Brasil-Alemanha pela Democracia, Grupo Freiburg, Freiburg\/Alemanha;<\/li>\n\n\n\n<li>Vera Espar \u2013 Pedagoga e Filiada ao Partido dos Trabalhadores. Lleida \u2013 Catalunya, Espanha;<\/li>\n\n\n\n<li>Victor Arrebola Buscariolo &#8211; DJ Arrebo.lab., Espanha;<\/li>\n\n\n\n<li>Vivian Campos &#8211; Presidente da APEC\/Associa\u00e7\u00e3o dos Estudantes de P\u00f3s-gradua\u00e7\u00e3o brasileiros na Catalunha, e doutoranda em antropologia, Espanha;<\/li>\n\n\n\n<li>Walmir Rocha Palma &#8211; artista;<\/li>\n\n\n\n<li>Wanderson Wesley de Lima Freire, Bolinha &#8211; construtor, administrador de restaurante, Espanha;<\/li>\n\n\n\n<li>Zeus Moreno Romero &#8211; historiador e professor universit\u00e1rio.<\/li>\n<\/ol>\n\n\n\n<hr class=\"wp-block-separator has-alpha-channel-opacity\"\/>\n\n\n\n<p class=\"has-background\" style=\"background-color:#fbbd91\">Para ajudar a ampliar este apoio divulgue em suas redes sociais: <strong>basta seguir os seguintes passos:<\/strong><\/p>\n\n\n\n<ol class=\"wp-block-list\" type=\"1\">\n<li>Copie o texto principal desta nota de apoio seguido por: <br>\u2705 &#8220;Sim, eu apoio Maria Dantas como candidata ao Parlamento Espanhol, nas elei\u00e7\u00f5es de 23 de julho de 2023&#8221;;<\/li>\n\n\n\n<li>Acrescente seus dados: nome, profiss\u00e3o, grupo, projeto, empresa, organiza\u00e7\u00e3o etc\u2026 e pa\u00eds onde reside, logo ap\u00f3s os nomes de todos os apoiadores;<\/li>\n\n\n\n<li>Seguido da hashtag #apoyomariadantas;<\/li>\n\n\n\n<li>Publique em suas redes sociais.<\/li>\n<\/ol>\n","protected":false,"gt_translate_keys":[{"key":"rendered","format":"html"}]},"excerpt":{"rendered":"<p>Nota de Apoio \u00e0 candidatura da brasileira Maria Dantas ao Parlamento Espanhol No pr\u00f3ximo dia 23 de julho de 2023, haver\u00e1 elei\u00e7\u00f5es na Espanha para<\/p>\n","protected":false,"gt_translate_keys":[{"key":"rendered","format":"html"}]},"author":2,"featured_media":10069,"comment_status":"open","ping_status":"open","sticky":false,"template":"","format":"standard","meta":{"om_disable_all_campaigns":false,"_eb_attr":"","footnotes":""},"categories":[10],"tags":[],"class_list":["post-10068","post","type-post","status-publish","format-standard","has-post-thumbnail","hentry","category-reportagens","three-columns"],"aioseo_notices":[],"rttpg_featured_image_url":{"full":["https:\/\/fibrainternacional.org\/wp-content\/uploads\/2023\/07\/Screenshot-2023-07-17-at-15.57.32.png",2556,1428,false],"landscape":["https:\/\/fibrainternacional.org\/wp-content\/uploads\/2023\/07\/Screenshot-2023-07-17-at-15.57.32.png",2556,1428,false],"portraits":["https:\/\/fibrainternacional.org\/wp-content\/uploads\/2023\/07\/Screenshot-2023-07-17-at-15.57.32.png",2556,1428,false],"thumbnail":["https:\/\/fibrainternacional.org\/wp-content\/uploads\/2023\/07\/Screenshot-2023-07-17-at-15.57.32-150x150.png",150,150,true],"medium":["https:\/\/fibrainternacional.org\/wp-content\/uploads\/2023\/07\/Screenshot-2023-07-17-at-15.57.32-300x168.png",300,168,true],"large":["https:\/\/fibrainternacional.org\/wp-content\/uploads\/2023\/07\/Screenshot-2023-07-17-at-15.57.32-1024x572.png",640,358,true],"1536x1536":["https:\/\/fibrainternacional.org\/wp-content\/uploads\/2023\/07\/Screenshot-2023-07-17-at-15.57.32-1536x858.png",1536,858,true],"2048x2048":["https:\/\/fibrainternacional.org\/wp-content\/uploads\/2023\/07\/Screenshot-2023-07-17-at-15.57.32-2048x1144.png",2048,1144,true],"refined-magazine-carousel-img":["https:\/\/fibrainternacional.org\/wp-content\/uploads\/2023\/07\/Screenshot-2023-07-17-at-15.57.32-783x450.png",783,450,true],"refined-magazine-carousel-img-landscape":["https:\/\/fibrainternacional.org\/wp-content\/uploads\/2023\/07\/Screenshot-2023-07-17-at-15.57.32-783x225.png",783,225,true],"refined-magazine-carousel-large-img":["https:\/\/fibrainternacional.org\/wp-content\/uploads\/2023\/07\/Screenshot-2023-07-17-at-15.57.32-1000x574.png",1000,574,true],"refined-magazine-carousel-large-img-landscape":["https:\/\/fibrainternacional.org\/wp-content\/uploads\/2023\/07\/Screenshot-2023-07-17-at-15.57.32-1000x287.png",1000,287,true],"refined-magazine-large-thumb":["https:\/\/fibrainternacional.org\/wp-content\/uploads\/2023\/07\/Screenshot-2023-07-17-at-15.57.32-1170x654.png",1170,654,true],"refined-magazine-small-thumb":["https:\/\/fibrainternacional.org\/wp-content\/uploads\/2023\/07\/Screenshot-2023-07-17-at-15.57.32-350x220.png",350,220,true]},"rttpg_author":{"display_name":"clearwaterdijk","author_link":"https:\/\/fibrainternacional.org\/?author=2"},"rttpg_comment":30,"rttpg_category":"<a href=\"https:\/\/fibrainternacional.org\/?cat=10\" rel=\"category\">Reportagens<\/a>","rttpg_excerpt":"Nota de Apoio \u00e0 candidatura da brasileira Maria Dantas ao Parlamento Espanhol No pr\u00f3ximo dia 23 de julho de 2023, haver\u00e1 elei\u00e7\u00f5es na Espanha para","gt_translate_keys":[{"key":"link","format":"url"}],"_links":{"self":[{"href":"https:\/\/fibrainternacional.org\/index.php?rest_route=\/wp\/v2\/posts\/10068","targetHints":{"allow":["GET"]}}],"collection":[{"href":"https:\/\/fibrainternacional.org\/index.php?rest_route=\/wp\/v2\/posts"}],"about":[{"href":"https:\/\/fibrainternacional.org\/index.php?rest_route=\/wp\/v2\/types\/post"}],"author":[{"embeddable":true,"href":"https:\/\/fibrainternacional.org\/index.php?rest_route=\/wp\/v2\/users\/2"}],"replies":[{"embeddable":true,"href":"https:\/\/fibrainternacional.org\/index.php?rest_route=%2Fwp%2Fv2%2Fcomments&post=10068"}],"version-history":[{"count":20,"href":"https:\/\/fibrainternacional.org\/index.php?rest_route=\/wp\/v2\/posts\/10068\/revisions"}],"predecessor-version":[{"id":10100,"href":"https:\/\/fibrainternacional.org\/index.php?rest_route=\/wp\/v2\/posts\/10068\/revisions\/10100"}],"wp:featuredmedia":[{"embeddable":true,"href":"https:\/\/fibrainternacional.org\/index.php?rest_route=\/wp\/v2\/media\/10069"}],"wp:attachment":[{"href":"https:\/\/fibrainternacional.org\/index.php?rest_route=%2Fwp%2Fv2%2Fmedia&parent=10068"}],"wp:term":[{"taxonomy":"category","embeddable":true,"href":"https:\/\/fibrainternacional.org\/index.php?rest_route=%2Fwp%2Fv2%2Fcategories&post=10068"},{"taxonomy":"post_tag","embeddable":true,"href":"https:\/\/fibrainternacional.org\/index.php?rest_route=%2Fwp%2Fv2%2Ftags&post=10068"}],"curies":[{"name":"wp","href":"https:\/\/api.w.org\/{rel}","templated":true}]}}