{"id":10101,"date":"2023-07-24T15:36:25","date_gmt":"2023-07-24T13:36:25","guid":{"rendered":"http:\/\/fibrainternacional.org\/?p=10101"},"modified":"2023-07-24T16:03:42","modified_gmt":"2023-07-24T14:03:42","slug":"politica-espanhola-para-brasileiros","status":"publish","type":"post","link":"https:\/\/fibrainternacional.org\/?p=10101","title":{"rendered":"Pol\u00edtica espanhola para brasileiros","gt_translate_keys":[{"key":"rendered","format":"text"}]},"content":{"rendered":"\n<p class=\"has-medium-font-size\"><strong>6 resumos, muita complexidade.<\/strong><\/p>\n\n\n\n<p>De <strong>Fl\u00e1vio Carvalho<\/strong>, para o site da FIBRA.<br><strong>@1flaviocarvalho<\/strong>, @quixotemacunaima. Soci\u00f3logo e Escritor.<\/p>\n\n\n\n<p>Barcelona, 24 de julho de 2023.<\/p>\n\n\n<div class=\"wp-block-image is-style-default\">\n<figure class=\"alignright size-large is-resized\"><img fetchpriority=\"high\" decoding=\"async\" src=\"http:\/\/fibrainternacional.org\/wp-content\/uploads\/2023\/07\/Screenshot-2023-07-24-at-15.24.58-1024x573.png\" alt=\"\" class=\"wp-image-10102\" width=\"336\" height=\"188\" srcset=\"https:\/\/fibrainternacional.org\/wp-content\/uploads\/2023\/07\/Screenshot-2023-07-24-at-15.24.58-1024x573.png 1024w, https:\/\/fibrainternacional.org\/wp-content\/uploads\/2023\/07\/Screenshot-2023-07-24-at-15.24.58-300x168.png 300w, https:\/\/fibrainternacional.org\/wp-content\/uploads\/2023\/07\/Screenshot-2023-07-24-at-15.24.58-768x430.png 768w, https:\/\/fibrainternacional.org\/wp-content\/uploads\/2023\/07\/Screenshot-2023-07-24-at-15.24.58-1536x859.png 1536w, https:\/\/fibrainternacional.org\/wp-content\/uploads\/2023\/07\/Screenshot-2023-07-24-at-15.24.58-2048x1145.png 2048w, https:\/\/fibrainternacional.org\/wp-content\/uploads\/2023\/07\/Screenshot-2023-07-24-at-15.24.58-1170x654.png 1170w, https:\/\/fibrainternacional.org\/wp-content\/uploads\/2023\/07\/Screenshot-2023-07-24-at-15.24.58-600x336.png 600w\" sizes=\"(max-width: 336px) 100vw, 336px\" \/><\/figure>\n<\/div>\n\n\n<p>A Espanha \u00e9 o pa\u00eds do mundo onde os mortos est\u00e3o mais vivos do que nunca, disse algu\u00e9m, certa vez. A Guerra Civil mais longa da hist\u00f3ria ainda \u00e9 um tabu para muitas fam\u00edlias. O pa\u00eds do ditador que \u2013 diferente de Mussolini, enforcado, e Hitler, suicidado \u2013 morreu na cama, de velhinho, com honras de Chefe de Estado. E um dos poucos de toda a Europa que ainda permite que o partido de Franco, a <a href=\"https:\/\/es.wikipedia.org\/wiki\/La_Falange_(partido)\" target=\"_blank\" rel=\"noreferrer noopener\">Falange<\/a>, exista e receba subven\u00e7\u00e3o p\u00fablica \u2013 em nome de uma falaciosa liberdade de express\u00e3o.<br><\/p>\n\n\n\n<p>O dia que mais se fala de pol\u00edtica partid\u00e1ria, na Espanha, \u00e9 no dia seguinte \u00e0s elei\u00e7\u00f5es, quando os votos j\u00e1 est\u00e3o apurados e a sorte j\u00e1 est\u00e1 lan\u00e7ada. O voto n\u00e3o \u00e9 obrigat\u00f3rio e a absten\u00e7\u00e3o \u00e9 grande. Com poucos votos, proporcionalmente, se elege o Parlamento. A pol\u00edtica partid\u00e1ria espanhola \u00e9 considerada uma das mais complicadas do mundo. Os dois \u00faltimos presidentes, Rajoy e S\u00e1nchez, chegaram a ficar mais de 300 e de 200 dias, respectivamente, como Presidentes Em Fun\u00e7\u00e3o, que \u00e9 como eles chamam aqueles que foram eleitos pelo parlamento como presidentes (e nomeados pelo Rei, \u00e9 claro) mesmo com poderes limitados, sem votos suficientes, com o bloqueio da maioria de partidos que n\u00e3o os apoiava. N\u00e3o \u00e9 novidade o que pode acontecer daqui pra frente, portanto. Mente quem disser que sabe exatamente o que poder\u00e1 acontecer.<br><\/p>\n\n\n\n<p>Em Madri, hoje, na sede do Partido Socialista, nunca houve tanta vontade de que a Catalunha j\u00e1 fosse um Estado pr\u00f3prio, independente \u2013 pra que a Espanha n\u00e3o houvesse que depender da Catalunha para mais nada. Que ainda depende. Muito! A governabilidade de Pedro S\u00e1nchez (ou o pesadelo de ter que repetir as elei\u00e7\u00f5es) depende da pessoa que S\u00e1nchez menos gostaria de depender. Depende do voto do partido do ex-presidente da Catalunha, independentista de direita, o exilado parlamentar europeu Carles Puigdemont, o \u00fanico (\u00faltimo?) que hoje poderia decantar a balan\u00e7a a favor de S\u00e1nchez. Ou acabar de bloquear tudo.<br><\/p>\n\n\n\n<p>O que est\u00e1 em jogo? Exatamente o indulto de Puigdemont, que a direita espanhola vaticinou para todos os lados que seria a bola da vez. S\u00e1nchez foi o primeiro l\u00edder europeu a denunciar o <a href=\"http:\/\/fibrainternacional.org\/?p=9499\" target=\"_blank\" rel=\"noreferrer noopener\">Lawfare contra Lula<\/a> e posou com um cartaz \u2013 cedido por uma militante brasileira da Fibra, em Madri \u2013 onde estava escrito: <em>Lula Libre<\/em>. A primeira l\u00edder latino-americana a defender a liberdade dos presos pol\u00edticos catal\u00e3es foi a Presidenta Dilma Roussef.<br><\/p>\n\n\n\n<p>A Espanha \u00e9 o \u00fanico pa\u00eds europeu onde, na atualidade, a extrema-direita (fascistas, sem meias palavras, a meu ver), perdeu votos. Na Europa, sempre se comentou que a Espanha era o \u00faltimo dos pa\u00edses a ter uma extrema-direita assumida, grosseira, fascista, bolsonariana. Exatamente porque esse \u201cbolsonarismo\u201d esteve embutido, inserido, contido, dentro do grande partido de direita, herdeiro direto do franquismo, o PP. Abascal, o fascista propriet\u00e1rio de VOX, bem subvencionado com dinheiro p\u00fablico e apoiado pelas grandes empresas, \u00e9 filho e neto de pol\u00edticos hist\u00f3ricos do PP e, at\u00e9 pouco tempo, era assessor do PP. Atribui-se a perda de votos de VOX, desde poucas semanas atr\u00e1s, quando cresceu muito nas elei\u00e7\u00f5es municipais, a recentes bolsonarismos toscos: censura contra pe\u00e7as de teatro, persegui\u00e7\u00e3o contra o idioma catal\u00e3o (que chegou a ser proibido por Franco) e pol\u00edtica de retorno das touradas, por um pol\u00edtico toureiro, eleito por VOX.<br><\/p>\n\n\n\n<p>A \u00faltima coisa que a Espanha quer debater \u00e9 sobre como incorporar o voto dos imigrantes, atualmente exclu\u00eddos do sistema eleitoral. Sendo um dos pa\u00edses europeus com maior quantidade de imigrantes, s\u00f3 existe um partido que defende abertamente, claramente, sem desvios, a possibilidade de que os imigrantes votem e possam ser votados em todas as inst\u00e2ncias: Esquerda Republicana da Catalunha, o partido que elegeu a primeira deputada brasileira para o parlamento espanhol. E que acabamos de perder. Maria Dantas n\u00e3o se reelegeu. <br>N\u00e3o \u00e9 um mero detalhe: os argumentos n\u00e3o assumidos por todo o resto da esquerda espanhola \u00e9 que n\u00e3o se saberia o que poderia acontecer se votassem, por exemplo, os imigrantes relacionados ao pa\u00eds vizinho, o Marrocos (os maiores em quantidade na Espanha). O maior absurdo \u00e9 que esse \u00e9 o mesmo argumento daquela esquerda que no in\u00edcio do s\u00e9culo passado impedia o voto das mulheres, dizendo o mesmo: ningu\u00e9m sabe o que pode acontecer quando as mulheres passassem a decidir elas mesmas, e n\u00e3o os seus pais e maridos. <br>A economia europeia mais importante para o Brasil, segunda maior em investimentos privados no nosso pa\u00eds, a atual presid\u00eancia de turno da Uni\u00e3o Europeia (no exato momento de for\u00e7ar a aprova\u00e7\u00e3o <strong>do acordo<\/strong> da UE com o Mercosul), no meio das mais importantes decis\u00f5es sobre a ofensiva da OTAN na Guerra contra a R\u00fassia&#8230; Sem Presidente!<\/p>\n\n\n\n<p>As elei\u00e7\u00f5es se repetir\u00e3o?<\/p>\n\n\n\n<hr class=\"wp-block-separator has-alpha-channel-opacity\"\/>\n\n\n\n<p>T<em>witter e Instagram: <strong>@1flaviocarvalho<\/strong><\/em><br><em>Facebook: <strong>@quixotemacunaima<\/strong><\/em> | <strong>@amaconaima<\/strong><\/p>\n\n\n\n<p>#maconaima #quixotemacunaima<\/p>\n\n\n\n<p class=\"has-background\" style=\"background-color:#bed8e9\"><strong>Nota: <\/strong>Os textos, cita\u00e7\u00f5es, e opini\u00f5es s\u00e3o fornecidos pelo autor, sendo de sua exclusiva responsabilidade, e podem n\u00e3o expressar \u2013 no todo ou em parte, a opini\u00e3o dos Coletivos da Fibra<\/p>\n","protected":false,"gt_translate_keys":[{"key":"rendered","format":"html"}]},"excerpt":{"rendered":"<p>6 resumos, muita complexidade. De Fl\u00e1vio Carvalho, para o site da FIBRA.@1flaviocarvalho, @quixotemacunaima. Soci\u00f3logo e Escritor. Barcelona, 24 de julho de 2023. A Espanha \u00e9<\/p>\n","protected":false,"gt_translate_keys":[{"key":"rendered","format":"html"}]},"author":2,"featured_media":10102,"comment_status":"open","ping_status":"open","sticky":false,"template":"","format":"standard","meta":{"om_disable_all_campaigns":false,"_eb_attr":"","footnotes":""},"categories":[197,202,10],"tags":[],"class_list":["post-10101","post","type-post","status-publish","format-standard","has-post-thumbnail","hentry","category-colunistas","category-flavio","category-reportagens","three-columns"],"aioseo_notices":[],"rttpg_featured_image_url":{"full":["https:\/\/fibrainternacional.org\/wp-content\/uploads\/2023\/07\/Screenshot-2023-07-24-at-15.24.58.png",2546,1424,false],"landscape":["https:\/\/fibrainternacional.org\/wp-content\/uploads\/2023\/07\/Screenshot-2023-07-24-at-15.24.58.png",2546,1424,false],"portraits":["https:\/\/fibrainternacional.org\/wp-content\/uploads\/2023\/07\/Screenshot-2023-07-24-at-15.24.58.png",2546,1424,false],"thumbnail":["https:\/\/fibrainternacional.org\/wp-content\/uploads\/2023\/07\/Screenshot-2023-07-24-at-15.24.58-150x150.png",150,150,true],"medium":["https:\/\/fibrainternacional.org\/wp-content\/uploads\/2023\/07\/Screenshot-2023-07-24-at-15.24.58-300x168.png",300,168,true],"large":["https:\/\/fibrainternacional.org\/wp-content\/uploads\/2023\/07\/Screenshot-2023-07-24-at-15.24.58-1024x573.png",640,358,true],"1536x1536":["https:\/\/fibrainternacional.org\/wp-content\/uploads\/2023\/07\/Screenshot-2023-07-24-at-15.24.58-1536x859.png",1536,859,true],"2048x2048":["https:\/\/fibrainternacional.org\/wp-content\/uploads\/2023\/07\/Screenshot-2023-07-24-at-15.24.58-2048x1145.png",2048,1145,true],"refined-magazine-carousel-img":["https:\/\/fibrainternacional.org\/wp-content\/uploads\/2023\/07\/Screenshot-2023-07-24-at-15.24.58-783x450.png",783,450,true],"refined-magazine-carousel-img-landscape":["https:\/\/fibrainternacional.org\/wp-content\/uploads\/2023\/07\/Screenshot-2023-07-24-at-15.24.58-783x225.png",783,225,true],"refined-magazine-carousel-large-img":["https:\/\/fibrainternacional.org\/wp-content\/uploads\/2023\/07\/Screenshot-2023-07-24-at-15.24.58-1000x574.png",1000,574,true],"refined-magazine-carousel-large-img-landscape":["https:\/\/fibrainternacional.org\/wp-content\/uploads\/2023\/07\/Screenshot-2023-07-24-at-15.24.58-1000x287.png",1000,287,true],"refined-magazine-large-thumb":["https:\/\/fibrainternacional.org\/wp-content\/uploads\/2023\/07\/Screenshot-2023-07-24-at-15.24.58-1170x654.png",1170,654,true],"refined-magazine-small-thumb":["https:\/\/fibrainternacional.org\/wp-content\/uploads\/2023\/07\/Screenshot-2023-07-24-at-15.24.58-350x220.png",350,220,true]},"rttpg_author":{"display_name":"clearwaterdijk","author_link":"https:\/\/fibrainternacional.org\/?author=2"},"rttpg_comment":0,"rttpg_category":"<a href=\"https:\/\/fibrainternacional.org\/?cat=197\" rel=\"category\">Colunistas<\/a> <a href=\"https:\/\/fibrainternacional.org\/?cat=202\" rel=\"category\">Fl\u00e1vio Carvalho<\/a> <a href=\"https:\/\/fibrainternacional.org\/?cat=10\" rel=\"category\">Reportagens<\/a>","rttpg_excerpt":"6 resumos, muita complexidade. De Fl\u00e1vio Carvalho, para o site da FIBRA.@1flaviocarvalho, @quixotemacunaima. Soci\u00f3logo e Escritor. Barcelona, 24 de julho de 2023. A Espanha \u00e9","gt_translate_keys":[{"key":"link","format":"url"}],"_links":{"self":[{"href":"https:\/\/fibrainternacional.org\/index.php?rest_route=\/wp\/v2\/posts\/10101","targetHints":{"allow":["GET"]}}],"collection":[{"href":"https:\/\/fibrainternacional.org\/index.php?rest_route=\/wp\/v2\/posts"}],"about":[{"href":"https:\/\/fibrainternacional.org\/index.php?rest_route=\/wp\/v2\/types\/post"}],"author":[{"embeddable":true,"href":"https:\/\/fibrainternacional.org\/index.php?rest_route=\/wp\/v2\/users\/2"}],"replies":[{"embeddable":true,"href":"https:\/\/fibrainternacional.org\/index.php?rest_route=%2Fwp%2Fv2%2Fcomments&post=10101"}],"version-history":[{"count":3,"href":"https:\/\/fibrainternacional.org\/index.php?rest_route=\/wp\/v2\/posts\/10101\/revisions"}],"predecessor-version":[{"id":10106,"href":"https:\/\/fibrainternacional.org\/index.php?rest_route=\/wp\/v2\/posts\/10101\/revisions\/10106"}],"wp:featuredmedia":[{"embeddable":true,"href":"https:\/\/fibrainternacional.org\/index.php?rest_route=\/wp\/v2\/media\/10102"}],"wp:attachment":[{"href":"https:\/\/fibrainternacional.org\/index.php?rest_route=%2Fwp%2Fv2%2Fmedia&parent=10101"}],"wp:term":[{"taxonomy":"category","embeddable":true,"href":"https:\/\/fibrainternacional.org\/index.php?rest_route=%2Fwp%2Fv2%2Fcategories&post=10101"},{"taxonomy":"post_tag","embeddable":true,"href":"https:\/\/fibrainternacional.org\/index.php?rest_route=%2Fwp%2Fv2%2Ftags&post=10101"}],"curies":[{"name":"wp","href":"https:\/\/api.w.org\/{rel}","templated":true}]}}