{"id":10107,"date":"2023-07-24T16:42:33","date_gmt":"2023-07-24T14:42:33","guid":{"rendered":"http:\/\/fibrainternacional.org\/?p=10107"},"modified":"2023-07-24T18:27:33","modified_gmt":"2023-07-24T16:27:33","slug":"gracias","status":"publish","type":"post","link":"https:\/\/fibrainternacional.org\/?p=10107","title":{"rendered":"\u00a1Gracias!","gt_translate_keys":[{"key":"rendered","format":"text"}]},"content":{"rendered":"\n<p>De <strong>Maria Dantas<\/strong>, para o site da FIBRA.<br>Instagram: <strong>@_maria_dantas_<\/strong> <\/p>\n\n\n\n<p>Barcelona, 24 de julho de 2023.<\/p>\n\n\n<div class=\"wp-block-image is-style-default\">\n<figure class=\"alignright size-medium\"><img fetchpriority=\"high\" decoding=\"async\" width=\"300\" height=\"168\" src=\"http:\/\/fibrainternacional.org\/wp-content\/uploads\/2023\/07\/Screenshot-2023-07-24-at-18.00.32-300x168.png\" alt=\"\" class=\"wp-image-10111\" srcset=\"https:\/\/fibrainternacional.org\/wp-content\/uploads\/2023\/07\/Screenshot-2023-07-24-at-18.00.32-300x168.png 300w, https:\/\/fibrainternacional.org\/wp-content\/uploads\/2023\/07\/Screenshot-2023-07-24-at-18.00.32-1024x573.png 1024w, https:\/\/fibrainternacional.org\/wp-content\/uploads\/2023\/07\/Screenshot-2023-07-24-at-18.00.32-768x430.png 768w, https:\/\/fibrainternacional.org\/wp-content\/uploads\/2023\/07\/Screenshot-2023-07-24-at-18.00.32-1536x859.png 1536w, https:\/\/fibrainternacional.org\/wp-content\/uploads\/2023\/07\/Screenshot-2023-07-24-at-18.00.32-2048x1145.png 2048w, https:\/\/fibrainternacional.org\/wp-content\/uploads\/2023\/07\/Screenshot-2023-07-24-at-18.00.32-1170x654.png 1170w, https:\/\/fibrainternacional.org\/wp-content\/uploads\/2023\/07\/Screenshot-2023-07-24-at-18.00.32-600x336.png 600w\" sizes=\"(max-width: 300px) 100vw, 300px\" \/><\/figure>\n<\/div>\n\n\n<p>Amores,<\/p>\n\n\n\n<p>Sei que nenhum partido \u00e9 a solu\u00e7\u00e3o de todos os problemas, e que a campanha eleitoral \u00e9 a pior parte da Pol\u00edtica. Tamb\u00e9m sei que \u00e9 urgent\u00edssimo um c\u00e2mbio estrutural e que somente uma pessoa (ou duas, ou cinco, ou vinte) num lugar de poder n\u00e3o modifica o sistema. O que eu tentei foi n\u00e3o me dobrar ao sistema, e isso significava estar contra todo mundo e mantendo o di\u00e1logo, sempre, para mostrar fatos que todo mundo sabe, mas nunca se trata realmente, pois \u00e9 um calo no p\u00e9 do mesmo sistema. Tive que dizer e pleitear coisas b\u00e1sicas, e repetia cada dia em todas partes: <em><a href=\"https:\/\/www.congreso.es\/es\/hemiciclo\" target=\"_blank\" rel=\"noreferrer noopener\">Hemiciclo<\/a><\/em> (congresso espanhol), comiss\u00f5es, etc&#8230;<\/p>\n\n\n\n<p>Outra coisa imprescind\u00edvel \u00e9 colocar as causas na frente do partido, sempre! E estar muito, muito em contato e ter escuta atenta dos movimentos, entidades, e pessoas referentes. E, isso, eu humildemente fiz em toda a legislatura do Congresso. Os partidos deveriam ser ferramentas para pautar as diversas causas e tentar conseguir cambiar paradigmas, melhorar a vida do povo. Quando a l\u00f3gica de partido entra, muitas vezes as causas saem pela porta dos fundos.<\/p>\n\n\n\n<p>Eu creio infinitamente nas lutas de cada dia como a que voc\u00eas fazem, ou o <a href=\"https:\/\/manteros.org\/\" target=\"_blank\" rel=\"noreferrer noopener\">coletivo <em>mantero<\/em> de vendedores ambulantes<\/a> &#8211; todos negros e migrantes, vindos em balsas \u00e0 Espanha, ou o pessoal da <a href=\"https:\/\/www.facebook.com\/EmergenciaFS\/\" target=\"_blank\" rel=\"noreferrer noopener\">Emerg\u00eancia <em>Frontera Sur<\/em><\/a>, as que param os despejos, a <a href=\"https:\/\/ucfr.cat\/\" target=\"_blank\" rel=\"noreferrer noopener\">Unidade Contra o Fascismo e o Racismo<\/a>, o <a href=\"https:\/\/regularizacionya.com\/\" target=\"_blank\" rel=\"noreferrer noopener\">Movimento Regularizaci\u00f3nYa<\/a>, \u2026 e um enorme etc. \u00c9 quase imposs\u00edvel que eu seja eleita, sendo a 6<sup>a<\/sup> por Barcelona. O que eu queria eu j\u00e1 fiz, que foi encher de conte\u00fado migrante, antirracista e antilgtbifobia essa campanha t\u00e3o dif\u00edcil e com o fascismo babando para governar e acabar com tudo.<\/p>\n\n\n\n<p>Algo que realmente agrade\u00e7o ao <a href=\"https:\/\/es.wikipedia.org\/wiki\/Esquerra_Republicana_de_Catalunya\" target=\"_blank\" rel=\"noreferrer noopener\">Partido ERC <\/a>\u00e9 jamais ter tentado influir no meu discurso nem no meu trabalho. No Congresso tive total confian\u00e7a e liberdade de dizer e fazer o que pensava (eu n\u00e3o deixaria se fizessem isso, mas igualmente \u00e9 de agradecer, pois n\u00e3o \u00e9 habitual que isso ocorra e dou f\u00e9!). Isso \u00e9 essencial para qualquer pessoa dos movimentos que entre em postos de tomada de decis\u00e3o: as causas sempre na frente do partido e que este n\u00e3o condicione jamais as suas a\u00e7\u00f5es.<\/p>\n\n\n\n<p>Agrade\u00e7o \u00e0s lutas por me manterem alerta e com os p\u00e9s no ch\u00e3o, sempre. Porque isso que dizem \u201co poder corrompe\u201d s\u00f3 \u00e9 certo para quem quer se corromper, e da forma que seja, ou pelo ego, ou pela grana, ou pelo poder. O principal \u00e9 ter clar\u00edssimo o que fazer com o poder que se tem em m\u00e3os; eu usei esse poder tempor\u00e1rio para colocar as diversas opress\u00f5es sobre a mesa do Poder Legislativo espanhol e tentei conseguir melhoras para a vida de muita gente.<\/p>\n\n\n\n<p>Ali naquele Congresso tive a oportunidade de conhecer e de trabalhar ao lado de algumas pessoas maravilhosas de outras foma\u00e7\u00f5es pol\u00edticas, e a nossa amizade continuar\u00e1 para sempre. Espero que possamos ter gente l\u00e1 dentro que trabalhe cada dia (para al\u00e9m do hor\u00e1rio normal, pois isso l\u00e1 \u00e9 muito necess\u00e1rio!), transversal e interseccionalmente em todas as comiss\u00f5es (isso aqui \u00e9 o principal, pois \u00e9 de onde saem as leis e todas as iniciativas parlamentares que v\u00e3o pautar as nossas vidas!!), algu\u00e9m que fa\u00e7a do Legislativo um espa\u00e7o perme\u00e1vel \u00e0 cidadania, um espa\u00e7o de luta tamb\u00e9m.<\/p>\n\n\n\n<p>Nenhum partido sozinho pode acabar com a extrema direita. Precisamos de unidade da maioria das pessoas, de baixo, contra o fascismo e o racismo, contra a lgtbifobia e todos os discursos de \u00f3dio.<\/p>\n\n\n\n<p>Tamo juntes! \ud83d\ude4b\ud83c\udffd\u200d\u2640\ufe0f\u270a\ud83c\udffe<\/p>\n\n\n\n<p>Mando um abra\u00e7o forte, amores meus, muita gratid\u00e3o pela confian\u00e7a. \ud83d\ude4f\ud83c\udffe\ud83d\udc9c<\/p>\n\n\n\n<p>Muita, mesmo!<\/p>\n\n\n\n<p>Voc\u00eas s\u00e3o maravilhosas!<\/p>\n\n\n\n<p><strong>Maria Dantas<\/strong><\/p>\n\n\n\n<p>\ud83d\udc9c\ud83d\udc9c\ud83d\udc9c\ud83d\udc9c\ud83d\udc9c\ud83c\udf08\ud83c\udf08\ud83c\udf08\ud83d\udc9c\ud83d\udc9c\ud83d\udc9c\ud83d\udc9c\ud83d\udc9c \ud83c\udff3\ufe0f\u200d\u26a7\ufe0f \ud83c\udff3\ufe0f\u200d\u26a7\ufe0f \ud83c\udff3\ufe0f\u200d\u26a7\ufe0f \ud83c\udff3\ufe0f\u200d\u26a7\ufe0f \ud83c\udff3\ufe0f\u200d\u26a7\ufe0f \ud83c\udff3\ufe0f\u200d\u26a7\ufe0f \ud83c\udff3\ufe0f\u200d\u26a7\ufe0f \ud83c\udff3\ufe0f\u200d\u26a7\ufe0f \ud83c\udff3\ufe0f\u200d\u26a7\ufe0f \ud83c\udff3\ufe0f\u200d\u26a7\ufe0f \ud83c\udff3\ufe0f\u200d\u26a7\ufe0f \ud83c\udff3\ufe0f\u200d\u26a7\ufe0f \ud83c\udff3\ufe0f\u200d\u26a7\ufe0f \ud83c\udff3\ufe0f\u200d\u26a7\ufe0f \ud83c\udff3\ufe0f\u200d\u26a7\ufe0f \ud83c\udff3\ufe0f\u200d\u26a7\ufe0f<\/p>\n\n\n\n<hr class=\"wp-block-separator has-alpha-channel-opacity\"\/>\n\n\n\n<p>Maria Dantas: Sergipana, barcelonina, jurista social pels drets humans, diputada al @Congreso_Es per @Esquerra_ERC <\/p>\n\n\n\n<p>Instagram: <strong>@_maria_dantas_<\/strong><br><\/p>\n\n\n\n<p class=\"has-background\" style=\"background-color:#e6cffb\"><strong>Nota: <\/strong>Os textos, cita\u00e7\u00f5es, e opini\u00f5es s\u00e3o fornecidos pela autora, sendo de sua exclusiva responsabilidade, e podem n\u00e3o expressar \u2013 no todo ou em parte, a opini\u00e3o dos Coletivos da Fibra.<\/p>\n","protected":false,"gt_translate_keys":[{"key":"rendered","format":"html"}]},"excerpt":{"rendered":"<p>De Maria Dantas, para o site da FIBRA.Instagram: @_maria_dantas_ Barcelona, 24 de julho de 2023. Amores, Sei que nenhum partido \u00e9 a solu\u00e7\u00e3o de todos<\/p>\n","protected":false,"gt_translate_keys":[{"key":"rendered","format":"html"}]},"author":2,"featured_media":10111,"comment_status":"open","ping_status":"open","sticky":false,"template":"","format":"standard","meta":{"om_disable_all_campaigns":false,"_eb_attr":"","footnotes":""},"categories":[197,332,10],"tags":[],"class_list":["post-10107","post","type-post","status-publish","format-standard","has-post-thumbnail","hentry","category-colunistas","category-outras-autorias","category-reportagens","three-columns"],"aioseo_notices":[],"rttpg_featured_image_url":{"full":["https:\/\/fibrainternacional.org\/wp-content\/uploads\/2023\/07\/Screenshot-2023-07-24-at-18.00.32.png",2546,1424,false],"landscape":["https:\/\/fibrainternacional.org\/wp-content\/uploads\/2023\/07\/Screenshot-2023-07-24-at-18.00.32.png",2546,1424,false],"portraits":["https:\/\/fibrainternacional.org\/wp-content\/uploads\/2023\/07\/Screenshot-2023-07-24-at-18.00.32.png",2546,1424,false],"thumbnail":["https:\/\/fibrainternacional.org\/wp-content\/uploads\/2023\/07\/Screenshot-2023-07-24-at-18.00.32-150x150.png",150,150,true],"medium":["https:\/\/fibrainternacional.org\/wp-content\/uploads\/2023\/07\/Screenshot-2023-07-24-at-18.00.32-300x168.png",300,168,true],"large":["https:\/\/fibrainternacional.org\/wp-content\/uploads\/2023\/07\/Screenshot-2023-07-24-at-18.00.32-1024x573.png",640,358,true],"1536x1536":["https:\/\/fibrainternacional.org\/wp-content\/uploads\/2023\/07\/Screenshot-2023-07-24-at-18.00.32-1536x859.png",1536,859,true],"2048x2048":["https:\/\/fibrainternacional.org\/wp-content\/uploads\/2023\/07\/Screenshot-2023-07-24-at-18.00.32-2048x1145.png",2048,1145,true],"refined-magazine-carousel-img":["https:\/\/fibrainternacional.org\/wp-content\/uploads\/2023\/07\/Screenshot-2023-07-24-at-18.00.32-783x450.png",783,450,true],"refined-magazine-carousel-img-landscape":["https:\/\/fibrainternacional.org\/wp-content\/uploads\/2023\/07\/Screenshot-2023-07-24-at-18.00.32-783x225.png",783,225,true],"refined-magazine-carousel-large-img":["https:\/\/fibrainternacional.org\/wp-content\/uploads\/2023\/07\/Screenshot-2023-07-24-at-18.00.32-1000x574.png",1000,574,true],"refined-magazine-carousel-large-img-landscape":["https:\/\/fibrainternacional.org\/wp-content\/uploads\/2023\/07\/Screenshot-2023-07-24-at-18.00.32-1000x287.png",1000,287,true],"refined-magazine-large-thumb":["https:\/\/fibrainternacional.org\/wp-content\/uploads\/2023\/07\/Screenshot-2023-07-24-at-18.00.32-1170x654.png",1170,654,true],"refined-magazine-small-thumb":["https:\/\/fibrainternacional.org\/wp-content\/uploads\/2023\/07\/Screenshot-2023-07-24-at-18.00.32-350x220.png",350,220,true]},"rttpg_author":{"display_name":"clearwaterdijk","author_link":"https:\/\/fibrainternacional.org\/?author=2"},"rttpg_comment":0,"rttpg_category":"<a href=\"https:\/\/fibrainternacional.org\/?cat=197\" rel=\"category\">Colunistas<\/a> <a href=\"https:\/\/fibrainternacional.org\/?cat=332\" rel=\"category\">Outras autorias<\/a> <a href=\"https:\/\/fibrainternacional.org\/?cat=10\" rel=\"category\">Reportagens<\/a>","rttpg_excerpt":"De Maria Dantas, para o site da FIBRA.Instagram: @_maria_dantas_ Barcelona, 24 de julho de 2023. Amores, Sei que nenhum partido \u00e9 a solu\u00e7\u00e3o de todos","gt_translate_keys":[{"key":"link","format":"url"}],"_links":{"self":[{"href":"https:\/\/fibrainternacional.org\/index.php?rest_route=\/wp\/v2\/posts\/10107","targetHints":{"allow":["GET"]}}],"collection":[{"href":"https:\/\/fibrainternacional.org\/index.php?rest_route=\/wp\/v2\/posts"}],"about":[{"href":"https:\/\/fibrainternacional.org\/index.php?rest_route=\/wp\/v2\/types\/post"}],"author":[{"embeddable":true,"href":"https:\/\/fibrainternacional.org\/index.php?rest_route=\/wp\/v2\/users\/2"}],"replies":[{"embeddable":true,"href":"https:\/\/fibrainternacional.org\/index.php?rest_route=%2Fwp%2Fv2%2Fcomments&post=10107"}],"version-history":[{"count":5,"href":"https:\/\/fibrainternacional.org\/index.php?rest_route=\/wp\/v2\/posts\/10107\/revisions"}],"predecessor-version":[{"id":10116,"href":"https:\/\/fibrainternacional.org\/index.php?rest_route=\/wp\/v2\/posts\/10107\/revisions\/10116"}],"wp:featuredmedia":[{"embeddable":true,"href":"https:\/\/fibrainternacional.org\/index.php?rest_route=\/wp\/v2\/media\/10111"}],"wp:attachment":[{"href":"https:\/\/fibrainternacional.org\/index.php?rest_route=%2Fwp%2Fv2%2Fmedia&parent=10107"}],"wp:term":[{"taxonomy":"category","embeddable":true,"href":"https:\/\/fibrainternacional.org\/index.php?rest_route=%2Fwp%2Fv2%2Fcategories&post=10107"},{"taxonomy":"post_tag","embeddable":true,"href":"https:\/\/fibrainternacional.org\/index.php?rest_route=%2Fwp%2Fv2%2Ftags&post=10107"}],"curies":[{"name":"wp","href":"https:\/\/api.w.org\/{rel}","templated":true}]}}