{"id":10123,"date":"2023-08-03T16:17:00","date_gmt":"2023-08-03T14:17:00","guid":{"rendered":"http:\/\/fibrainternacional.org\/?p=10123"},"modified":"2023-08-03T16:17:01","modified_gmt":"2023-08-03T14:17:01","slug":"dani-alves-kung-fu-panda-e-a-tia-de-rosalia","status":"publish","type":"post","link":"https:\/\/fibrainternacional.org\/?p=10123","title":{"rendered":"Dani Alves, Kung-Fu Panda e a tia de Rosal\u00eda","gt_translate_keys":[{"key":"rendered","format":"text"}]},"content":{"rendered":"\n<p>De <strong>Fl\u00e1vio Carvalho<\/strong>, para o site da FIBRA.<br>Soci\u00f3logo e escritor pernambucano que reside desde 2005 na Catalunha.<br><strong>@1flaviocarvalho<\/strong>, @quixotemacunaima.<\/p>\n\n\n\n<p>Barcelona, 03 de agosto de 2023.<\/p>\n\n\n\n<p class=\"has-text-align-right\" style=\"font-size:14px\">\u201c<em>Se eu largar o freio, voc\u00ea n\u00e3o vai me ver mais. <\/em><br><em>Se eu largar o freio, vai ver do que sou capaz. <\/em><br><em>Se eu largar o freio, vai dizer que sou ruim. <\/em><br><em>Se eu largar o freio, vai dar mais valor pra mim. <\/em><br><em>Paracund\u00ea, paracund\u00ea, paracund\u00ea, paracund\u00ea, paracund\u00ea \u00ea \u00f4<\/em>\u201d (<a href=\"https:\/\/youtu.be\/aSfyjDLvcVo\" target=\"_blank\" rel=\"noreferrer noopener\">P\u00e9ricles, pagodista brasileiro<\/a>).<\/p>\n\n\n<div class=\"wp-block-image is-style-default\">\n<figure class=\"alignright size-large is-resized\"><img decoding=\"async\" src=\"http:\/\/fibrainternacional.org\/wp-content\/uploads\/2023\/08\/Screenshot-2023-08-03-at-16.14.06-1024x574.png\" alt=\"\" class=\"wp-image-10124\" width=\"285\" height=\"159\" srcset=\"https:\/\/fibrainternacional.org\/wp-content\/uploads\/2023\/08\/Screenshot-2023-08-03-at-16.14.06-1024x574.png 1024w, https:\/\/fibrainternacional.org\/wp-content\/uploads\/2023\/08\/Screenshot-2023-08-03-at-16.14.06-300x168.png 300w, https:\/\/fibrainternacional.org\/wp-content\/uploads\/2023\/08\/Screenshot-2023-08-03-at-16.14.06-768x430.png 768w, https:\/\/fibrainternacional.org\/wp-content\/uploads\/2023\/08\/Screenshot-2023-08-03-at-16.14.06-1536x861.png 1536w, https:\/\/fibrainternacional.org\/wp-content\/uploads\/2023\/08\/Screenshot-2023-08-03-at-16.14.06-2048x1148.png 2048w, https:\/\/fibrainternacional.org\/wp-content\/uploads\/2023\/08\/Screenshot-2023-08-03-at-16.14.06-1170x656.png 1170w, https:\/\/fibrainternacional.org\/wp-content\/uploads\/2023\/08\/Screenshot-2023-08-03-at-16.14.06-600x336.png 600w\" sizes=\"(max-width: 285px) 100vw, 285px\" \/><\/figure>\n<\/div>\n\n\n<p>Estive com Dani Alves pela primeira vez numa das suas famosas festas de anivers\u00e1rio de Barcelona. Aquela foi nas Ramblas, o cora\u00e7\u00e3o tur\u00edstico da capital da Catalunha. Habilitou-se um antigo teatro para que o seu fiel Chef de Cozinha nos apresentasse experimentos gastron\u00f4micos sofisticados. Um rabo de touro ao vinho do Porto, realmente inesquec\u00edvel. <\/p>\n\n\n\n<p>Eu prestava servi\u00e7os de l\u00edngua portuguesa, aulas e tradu\u00e7\u00e3o, numa empresa perto da minha casa, contratado por um representante da FIFA, dono daquela empresa onde eu atuava. Dani Alves n\u00e3o o tratou bem. De fato, o destratou diante de v\u00e1rias pessoas. Eu o admirava, ao baiano, no Bar\u00e7a, onde foi o maior assistente de gols do inigual\u00e1vel Messi. Mas tamb\u00e9m por alguma atitude sua, antirracista, fora do gramado. Surpreendi-me com a minha pr\u00f3pria decep\u00e7\u00e3o e a arrog\u00e2ncia do jogador. Superioridade moral mal calculada? Bola pra frente.<\/p>\n\n\n\n<p>&#8211; &#8220;Deve estar num mal momento, talvez &#8216;inferno astral'&#8221;, comentou na mesa, ao lado da sua esposa, o <a href=\"https:\/\/pt.wikipedia.org\/wiki\/Adriano_Correia\" target=\"_blank\" rel=\"noreferrer noopener\">jogador Adriano<\/a>, brasileiro, tamb\u00e9m do Bar\u00e7a e companheiro de Dani.<\/p>\n\n\n<div class=\"wp-block-image is-style-default\">\n<figure class=\"alignleft size-large is-resized\"><img fetchpriority=\"high\" decoding=\"async\" src=\"http:\/\/fibrainternacional.org\/wp-content\/uploads\/2023\/08\/Screenshot-2023-08-03-at-14.22.40-1024x815.png\" alt=\"\" class=\"wp-image-10125\" width=\"313\" height=\"248\" srcset=\"https:\/\/fibrainternacional.org\/wp-content\/uploads\/2023\/08\/Screenshot-2023-08-03-at-14.22.40-1024x815.png 1024w, https:\/\/fibrainternacional.org\/wp-content\/uploads\/2023\/08\/Screenshot-2023-08-03-at-14.22.40-300x239.png 300w, https:\/\/fibrainternacional.org\/wp-content\/uploads\/2023\/08\/Screenshot-2023-08-03-at-14.22.40-768x611.png 768w, https:\/\/fibrainternacional.org\/wp-content\/uploads\/2023\/08\/Screenshot-2023-08-03-at-14.22.40-1170x931.png 1170w, https:\/\/fibrainternacional.org\/wp-content\/uploads\/2023\/08\/Screenshot-2023-08-03-at-14.22.40-600x478.png 600w, https:\/\/fibrainternacional.org\/wp-content\/uploads\/2023\/08\/Screenshot-2023-08-03-at-14.22.40.png 1382w\" sizes=\"(max-width: 313px) 100vw, 313px\" \/><\/figure>\n<\/div>\n\n\n<p>Uma grande amiga, tamb\u00e9m baiana, coincidiu em alertar-me com o mesmo coment\u00e1rio proferido por outro imenso jogador, campe\u00e3o do mundo, com quem compart\u00edamos mesa: &#8211; \u201cEle, Dani, \u00e9 assim\u201d. Nunca mais esqueci aquele coment\u00e1rio a dois. N\u00e3o lembro se a frase correta foi: \u201cEle \u00e9 assim, mesmo\u201d. Essa mera palavra ao final da frase hoje faz muito mais significado pra mim. Pareciam estar me avisando ou apresentando algu\u00e9m que eles talvez j\u00e1 conhecessem.<\/p>\n\n\n\n<p>Uma das quest\u00f5es mais profundas nos piores machistas \u00e9 sentir-se dotado de uma autoridade moral, julgando-se (melhor do que realmente pode ser) e julgando as demais pessoas, ao mesmo tempo. Pode ser juiz, algoz e vitimizar-se, em quest\u00e3o de segundos.&nbsp;<\/p>\n\n\n\n<p>Dani Alvez diz-se decepcionado com os trabalhadores da <a href=\"https:\/\/suitelife.com\/nightlife-in-barcelona\/barcelona-clubs-chasing-the-party-2-sutton-club\/\" target=\"_blank\" rel=\"noreferrer noopener\">boate Sutton<\/a>, onde a viol\u00eancia sexual aconteceu. Diz que todos lhe tratavam com muita amabilidade, que jamais imaginava que poderiam testemunhar contra ele, e que o deixaram ir embora sem no\u00e7\u00e3o do que estava acontecendo naquela noite. At\u00e9 pegou um avi\u00e3o pro M\u00e9xico&#8230; Ing\u00eanuo?<\/p>\n\n\n\n<p>Hoje saiu a <a href=\"https:\/\/onefootball.com\/fr\/news\/daniel-alves-aceita-processo-por-estupro-para-adiantar-julgamento-37963145\" target=\"_blank\" rel=\"noreferrer noopener\">decis\u00e3o judicial<\/a> que pede para o jogador em pris\u00e3o preventiva, Dani Alves, uma senten\u00e7a severa pela agress\u00e3o sexual que cometeu. Porque tudo indica que, sim, cometeu.<\/p>\n\n\n\n<p>\u201cOutros cumprem ordens; eu rompo o sistema&#8230; O que faz poderoso ao ser humano \u00e9 o conhecimento de suas virtudes e defeitos&#8230; Os filmes infantis ensinam muito ao que presta aten\u00e7\u00e3o. Kung Fu Panda diz que o futuro \u00e9 uma inc\u00f3gnita e o presente \u00e9 o mais formoso que h\u00e1. Por isso se chama presente. Porque h\u00e1 que abrir-lhe todos os dias\u201d, dizia Dani ao El Pa\u00eds, durante a Copa, menos de um ano atr\u00e1s.<\/p>\n\n\n\n<p>\u201cSomente ela e eu sabemos o que ocorreu naquela madrugada dentro do banheiro&#8230; Eu a perdoo\u201d sentenciou, recentemente. Numa entrevista exclusiva que condenou a jornalista entrevistadora, a catal\u00e3, <a href=\"https:\/\/www.marca.com\/en\/football\/2023\/06\/21\/6492c74bca4741503a8b45af.html\" target=\"_blank\" rel=\"noreferrer noopener\">Mayka Navarro<\/a>, como \u201cPassadora de Pano\u201d, em diversos meios de comunica\u00e7\u00e3o da Espanha. Destacou-se em todo o pa\u00eds a express\u00e3o Am\u00e1vel, atribu\u00edda ao jogador pela jornalista, naquela entrevista exclusiva no jornal La Vanguardia \u2013 a primeira que Dani concedia depois de preso, \u201ccon los ojos que abre y cierra con intenci\u00f3n\u201d.<\/p>\n\n\n\n<p>O grande desafio nas pol\u00edticas p\u00fablicas contra a viol\u00eancia machista e o feminic\u00eddio \u00e9 convencer boa parte da sociedade de que n\u00e3o \u00e9 preciso ser anormal ou fora do normal, para ser um assassino de mulheres. A maioria dos casos ocorre dentro de casa, dentro dos relacionamentos amorosos, onde menos se espera brutalidade. Por sua vez, o espectro da viol\u00eancia machista possui uma variedade de caras e express\u00f5es que vinculam, de forma escalada, uma cantada, uma punhalada e um \u00e1cido jogado na cara. Uma amostra recente de 64% dos jovens do sexo masculino entrevistados nas escolas p\u00fablicas da Catalunha dizia-se preocupados porque se sentem v\u00edtimas, eles. E elas, o que sentem e o que s\u00e3o? O problema, segundo estes jovens estudantes, \u00e9 o feminismo. E n\u00e3o a praga mundial patriarcal, que vem mais que dobrando o n\u00famero de jovens mortas na Espanha, por exemplo, ano ap\u00f3s ano.<\/p>\n\n\n\n<p>Por isso, quando Lula diz que Bolsonaro \u00e9 um \u201cmonstro\u201d, contribui, mesmo sem querer, para esta confus\u00e3o mental que faz com que boa parte da popula\u00e7\u00e3o pense que os monstros s\u00e3o os outros. E n\u00e3o que est\u00e1 aqui, dentro de n\u00f3s (todos!) prestes a agarrar-se na primeira desculpa esfarrapada e hip\u00f3crita para cometer qualquer tipo de viol\u00eancia sobre um corpo que ele pensa, no fundo, que lhe pertence.<\/p>\n\n\n\n<p>Claro que Bolsonaro ganhou uma elei\u00e7\u00e3o por assumir-se como um monstro, criando identifica\u00e7\u00e3o com tantos outros que n\u00e3o se assumem. Claro que Lula, ao contr\u00e1rio, representa o oposto. Mas eu, Lula, voc\u00ea que me l\u00ea, que parcela de responsabilidade \u201cnormal\u201d chegaremos algum dia a assumir, como pessoas normais que somos \u2013 e aparentamos ser?<\/p>\n\n\n\n<p>Concluo com uma historinha.<\/p>\n\n\n\n<p>Muito antes de conhecer Dani Alves, visitei diversas vezes brasileiros e brasileiras presos naquele mesmo pres\u00eddio onde ele se encontra. Numa destas visitas, fui apresentado, por casualidade \u2013 e por curiosidade, por uma funcion\u00e1ria da pris\u00e3o, parente da <a href=\"https:\/\/pt.wikipedia.org\/wiki\/Rosal%C3%ADa\" target=\"_blank\" rel=\"noreferrer noopener\">cantora Rosal\u00eda<\/a>, da mesma cidade do pres\u00eddio \u2013 a uma dupla de brasileiros que haviam sido namorados num cruzeiro de luxo, antes de serem presos por porte de drogas. De alguma forma, ele a havia incriminado, segundo me relatou a pr\u00f3pria m\u00e3e do brasileiro preso.<\/p>\n\n\n\n<p>Mulheres e homens ali convivem em m\u00f3dulos separados. E a funcion\u00e1ria, parente da famosa artista, dizia que ela, a brasileira, estava enfocada na biblioteca, onde passava horas e pedia livros, romances, sempre De Amor. E ele? Perguntei-lhe, ao que me respondeu: ele s\u00f3 tem uma obsess\u00e3o que repete cada dia: sonha em casar-se com ela. Diz que a ama.<\/p>\n\n\n\n<p>E ela, o que sentia sobre isso?<\/p>\n\n\n\n<p>A frase final, a decisiva resposta que escutei, me voltou, nestes dias.<\/p>\n\n\n\n<p>\u201cAqui na pris\u00e3o de Brians, escutamos muito dizer-se que ele parece ser uma pessoa bastante am\u00e1vel. Por\u00e9m ela, por sua vez, diz que \u00e9 um monstro, que tem muito medo e que seu pesadelo de cada noite \u00e9 saber que ele dorme detr\u00e1s da parede ao lado\u201d.<\/p>\n\n\n\n<p>Fl\u00e1vio Carvalho<\/p>\n\n\n\n<hr class=\"wp-block-separator has-alpha-channel-opacity\"\/>\n\n\n\n<p>T<em>witter e Instagram: <strong>@1flaviocarvalho<\/strong><\/em><br><em>Facebook: <strong>@quixotemacunaima<\/strong><\/em> | <strong>@amaconaima<\/strong><\/p>\n\n\n\n<p>#maconaima #quixotemacunaima<\/p>\n\n\n\n<p class=\"has-background\" style=\"background-color:#f3ebfb\"><strong>Nota: <\/strong>Os textos, cita\u00e7\u00f5es, e opini\u00f5es s\u00e3o fornecidos pelo autor, sendo de sua exclusiva responsabilidade, e podem n\u00e3o expressar \u2013 no todo ou em parte, a opini\u00e3o dos Coletivos da Fibra<\/p>\n","protected":false,"gt_translate_keys":[{"key":"rendered","format":"html"}]},"excerpt":{"rendered":"<p>De Fl\u00e1vio Carvalho, para o site da FIBRA.Soci\u00f3logo e escritor pernambucano que reside desde 2005 na Catalunha.@1flaviocarvalho, @quixotemacunaima. Barcelona, 03 de agosto de 2023. \u201cSe<\/p>\n","protected":false,"gt_translate_keys":[{"key":"rendered","format":"html"}]},"author":2,"featured_media":10124,"comment_status":"open","ping_status":"open","sticky":false,"template":"","format":"standard","meta":{"om_disable_all_campaigns":false,"_eb_attr":"","footnotes":""},"categories":[6,197,202],"tags":[],"class_list":["post-10123","post","type-post","status-publish","format-standard","has-post-thumbnail","hentry","category-artigos","category-colunistas","category-flavio","three-columns"],"aioseo_notices":[],"rttpg_featured_image_url":{"full":["https:\/\/fibrainternacional.org\/wp-content\/uploads\/2023\/08\/Screenshot-2023-08-03-at-16.14.06.png",2544,1426,false],"landscape":["https:\/\/fibrainternacional.org\/wp-content\/uploads\/2023\/08\/Screenshot-2023-08-03-at-16.14.06.png",2544,1426,false],"portraits":["https:\/\/fibrainternacional.org\/wp-content\/uploads\/2023\/08\/Screenshot-2023-08-03-at-16.14.06.png",2544,1426,false],"thumbnail":["https:\/\/fibrainternacional.org\/wp-content\/uploads\/2023\/08\/Screenshot-2023-08-03-at-16.14.06-150x150.png",150,150,true],"medium":["https:\/\/fibrainternacional.org\/wp-content\/uploads\/2023\/08\/Screenshot-2023-08-03-at-16.14.06-300x168.png",300,168,true],"large":["https:\/\/fibrainternacional.org\/wp-content\/uploads\/2023\/08\/Screenshot-2023-08-03-at-16.14.06-1024x574.png",640,359,true],"1536x1536":["https:\/\/fibrainternacional.org\/wp-content\/uploads\/2023\/08\/Screenshot-2023-08-03-at-16.14.06-1536x861.png",1536,861,true],"2048x2048":["https:\/\/fibrainternacional.org\/wp-content\/uploads\/2023\/08\/Screenshot-2023-08-03-at-16.14.06-2048x1148.png",2048,1148,true],"refined-magazine-carousel-img":["https:\/\/fibrainternacional.org\/wp-content\/uploads\/2023\/08\/Screenshot-2023-08-03-at-16.14.06-783x450.png",783,450,true],"refined-magazine-carousel-img-landscape":["https:\/\/fibrainternacional.org\/wp-content\/uploads\/2023\/08\/Screenshot-2023-08-03-at-16.14.06-783x225.png",783,225,true],"refined-magazine-carousel-large-img":["https:\/\/fibrainternacional.org\/wp-content\/uploads\/2023\/08\/Screenshot-2023-08-03-at-16.14.06-1000x574.png",1000,574,true],"refined-magazine-carousel-large-img-landscape":["https:\/\/fibrainternacional.org\/wp-content\/uploads\/2023\/08\/Screenshot-2023-08-03-at-16.14.06-1000x287.png",1000,287,true],"refined-magazine-large-thumb":["https:\/\/fibrainternacional.org\/wp-content\/uploads\/2023\/08\/Screenshot-2023-08-03-at-16.14.06-1170x656.png",1170,656,true],"refined-magazine-small-thumb":["https:\/\/fibrainternacional.org\/wp-content\/uploads\/2023\/08\/Screenshot-2023-08-03-at-16.14.06-350x220.png",350,220,true]},"rttpg_author":{"display_name":"clearwaterdijk","author_link":"https:\/\/fibrainternacional.org\/?author=2"},"rttpg_comment":0,"rttpg_category":"<a href=\"https:\/\/fibrainternacional.org\/?cat=6\" rel=\"category\">Artigos<\/a> <a href=\"https:\/\/fibrainternacional.org\/?cat=197\" rel=\"category\">Colunistas<\/a> <a href=\"https:\/\/fibrainternacional.org\/?cat=202\" rel=\"category\">Fl\u00e1vio Carvalho<\/a>","rttpg_excerpt":"De Fl\u00e1vio Carvalho, para o site da FIBRA.Soci\u00f3logo e escritor pernambucano que reside desde 2005 na Catalunha.@1flaviocarvalho, @quixotemacunaima. Barcelona, 03 de agosto de 2023. \u201cSe","gt_translate_keys":[{"key":"link","format":"url"}],"_links":{"self":[{"href":"https:\/\/fibrainternacional.org\/index.php?rest_route=\/wp\/v2\/posts\/10123","targetHints":{"allow":["GET"]}}],"collection":[{"href":"https:\/\/fibrainternacional.org\/index.php?rest_route=\/wp\/v2\/posts"}],"about":[{"href":"https:\/\/fibrainternacional.org\/index.php?rest_route=\/wp\/v2\/types\/post"}],"author":[{"embeddable":true,"href":"https:\/\/fibrainternacional.org\/index.php?rest_route=\/wp\/v2\/users\/2"}],"replies":[{"embeddable":true,"href":"https:\/\/fibrainternacional.org\/index.php?rest_route=%2Fwp%2Fv2%2Fcomments&post=10123"}],"version-history":[{"count":1,"href":"https:\/\/fibrainternacional.org\/index.php?rest_route=\/wp\/v2\/posts\/10123\/revisions"}],"predecessor-version":[{"id":10126,"href":"https:\/\/fibrainternacional.org\/index.php?rest_route=\/wp\/v2\/posts\/10123\/revisions\/10126"}],"wp:featuredmedia":[{"embeddable":true,"href":"https:\/\/fibrainternacional.org\/index.php?rest_route=\/wp\/v2\/media\/10124"}],"wp:attachment":[{"href":"https:\/\/fibrainternacional.org\/index.php?rest_route=%2Fwp%2Fv2%2Fmedia&parent=10123"}],"wp:term":[{"taxonomy":"category","embeddable":true,"href":"https:\/\/fibrainternacional.org\/index.php?rest_route=%2Fwp%2Fv2%2Fcategories&post=10123"},{"taxonomy":"post_tag","embeddable":true,"href":"https:\/\/fibrainternacional.org\/index.php?rest_route=%2Fwp%2Fv2%2Ftags&post=10123"}],"curies":[{"name":"wp","href":"https:\/\/api.w.org\/{rel}","templated":true}]}}