{"id":10127,"date":"2023-08-07T13:57:20","date_gmt":"2023-08-07T11:57:20","guid":{"rendered":"http:\/\/fibrainternacional.org\/?p=10127"},"modified":"2023-08-08T09:22:30","modified_gmt":"2023-08-08T07:22:30","slug":"uneafro-campanha","status":"publish","type":"post","link":"https:\/\/fibrainternacional.org\/?p=10127","title":{"rendered":"UNEAFRO CAMPANHA","gt_translate_keys":[{"key":"rendered","format":"text"}]},"content":{"rendered":"<div class=\"wp-block-image is-style-default\">\n<figure class=\"alignright size-large is-resized\"><img fetchpriority=\"high\" decoding=\"async\" src=\"http:\/\/fibrainternacional.org\/wp-content\/uploads\/2023\/08\/Screenshot-2023-08-07-at-13.54.50-1024x574.png\" alt=\"\" class=\"wp-image-10128\" width=\"324\" height=\"181\" srcset=\"https:\/\/fibrainternacional.org\/wp-content\/uploads\/2023\/08\/Screenshot-2023-08-07-at-13.54.50-1024x574.png 1024w, https:\/\/fibrainternacional.org\/wp-content\/uploads\/2023\/08\/Screenshot-2023-08-07-at-13.54.50-300x168.png 300w, https:\/\/fibrainternacional.org\/wp-content\/uploads\/2023\/08\/Screenshot-2023-08-07-at-13.54.50-768x430.png 768w, https:\/\/fibrainternacional.org\/wp-content\/uploads\/2023\/08\/Screenshot-2023-08-07-at-13.54.50-1536x861.png 1536w, https:\/\/fibrainternacional.org\/wp-content\/uploads\/2023\/08\/Screenshot-2023-08-07-at-13.54.50-2048x1148.png 2048w, https:\/\/fibrainternacional.org\/wp-content\/uploads\/2023\/08\/Screenshot-2023-08-07-at-13.54.50-1170x656.png 1170w, https:\/\/fibrainternacional.org\/wp-content\/uploads\/2023\/08\/Screenshot-2023-08-07-at-13.54.50-600x336.png 600w\" sizes=\"(max-width: 324px) 100vw, 324px\" \/><\/figure>\n<\/div>\n\n\n<p>Coletivos da FIBRA apoiam e recomendam contribui\u00e7\u00f5es para a causa da UNEAFRO. Apoie voc\u00ea tamb\u00e9m, fa\u00e7a sua doa\u00e7\u00e3o ainda hoje e contribua que mais pessoas pretes possam ter acesso, cursar e concluir o ensino superior no Brasil!<\/p>\n\n\n\n<p class=\"has-background\" style=\"background-color:#fcb9002e\">Saiba mais:<\/p>\n\n\n\n<h2 class=\"wp-block-heading\"><mark>A causa<\/mark><\/h2>\n\n\n\n<p><strong>Somos participantes de v\u00e1rias lutas sociais, entre elas o movimento estudantil e sindical, popular de base e movimento dos cursinhos comunit\u00e1rios e populares.<\/strong><br><strong>Enquanto membros desta organiza\u00e7\u00e3o pautamos os poderes p\u00fablicos, universidades, empresas privadas e o setor educacional. A\u00e7\u00f5es Afirmativas e cotas para negros, ind\u00edgenas e pobres. Temos convic\u00e7\u00e3o de que nossa atua\u00e7\u00e3o contribuiu e contribuir\u00e1 para transforma\u00e7\u00e3o da vida de milhares de pessoas que buscaram, com dignidade, ocupar espa\u00e7os historicamente negados \u00e0 popula\u00e7\u00e3o empobrecida, em especial aos descendentes africanos.<\/strong><\/p>\n\n\n\n<p><strong>Hoje n\u00f3s, negras\/os, n\u00e3o-negras\/os pobres, jovens, mulheres, pcd\u2019s, idosos\/as, estudantes de escolas p\u00fablicas, universit\u00e1rias\/os, professores\/as, educadores\/as populares e militantes de diversos movimentos sociais, que ousamos acreditar num pa\u00eds justo, igualit\u00e1rio, livre da explora\u00e7\u00e3o promovida pelo sistema capitalista e, sobretudo, sem racismo, nos dedicamos \u00e0 da UNEAFRO \u2013 Uni\u00e3o de N\u00facleos de Educa\u00e7\u00e3o Popular para Negras\/os e Classe Trabalhadora.<\/strong><\/p>\n\n\n\n<h2 class=\"wp-block-heading\"><mark>Objetivos da arrecada\u00e7\u00e3o<\/mark><\/h2>\n\n\n\n<p><strong>Temos um N\u00facleo do Cursinho desde 2018 na Ocupa\u00e7\u00e3o 9 de Julho do MSTC &#8211; Movimento Sem Teto do Centro com os recursos arrecadados com esta campanha contribuiremos com a Cozinha 9 de Julho deste Movimento para que haja o fornecimento de alimenta\u00e7\u00e3o saud\u00e1vel para os\/as alunos\/as do Cursinho bem como um aux\u00edlio ao transporte destes.<\/strong><\/p>\n\n\n\n<h2 class=\"wp-block-heading\"><mark>Respons\u00e1veis pela campanha<\/mark><\/h2>\n\n\n\n<p>Os respons\u00e1veis s\u00e3o Coordenadores do cursinho , representados pelo militante de longa data do Movimento Negro , Professor\/Coordenador e membro do CGU &#8211; Conselho Geral da Uneafro<\/p>\n\n\n\n<h3 class=\"wp-block-heading has-medium-font-size\"><mark>Contato<\/mark><br>@uneafronaocupacaodomstc<br>email: <a href=\"mailto:uneafro.mstc@uneafrobrasil.org\">uneafro.mstc@uneafrobrasil.org<\/a><br>Fone: 55(11)992367859<\/h3>\n\n\n\n<hr class=\"wp-block-separator has-alpha-channel-opacity\"\/>\n\n\n\n<p class=\"has-background\" style=\"background:radial-gradient(rgba(252,185,0,1) 0%,rgba(255,105,0,1) 100%)\"><strong>Para doar\/contribuir:<\/strong> <strong><a href=\"https:\/\/benfeitoria.com\/projeto\/campanha-da-uneafro-na-ocupacao-9-de-julho-do-mstc-1ba2\" target=\"_blank\" rel=\"noreferrer noopener\">Entre Aqui!<\/a> <\/strong>(site oficial da campanha)<\/p>\n\n\n\n<p>Tipo de contribui\u00e7\u00e3o:<\/p>\n\n\n\n<h4 class=\"wp-block-heading\">Apoiar<\/h4>\n\n\n\n<p>Processo de pagamento padr\u00e3o, com op\u00e7\u00e3o de pagamento por cart\u00e3o, boleto e PIX. Necess\u00e1rio para a escolha de recompensas, caso a campanha ofere\u00e7a.<\/p>\n\n\n\n<h4 class=\"wp-block-heading\">Doa\u00e7\u00e3o r\u00e1pida<\/h4>\n\n\n\n<p>Processo de pagamento mais simples e r\u00e1pido, para facilitar sua doa\u00e7\u00e3o. N\u00e3o permite escolha de recompensas e o PIX \u00e9 a \u00fanica op\u00e7\u00e3o de pagamento dispon\u00edvel.<\/p>\n\n\n\n<hr class=\"wp-block-separator has-alpha-channel-opacity\"\/>\n\n\n\n<p class=\"has-background\" style=\"background-color:#fcb9002e\">Todas as informa\u00e7\u00f5es oferecidas nesta postagem t\u00eam como fonte o <a href=\"https:\/\/benfeitoria.com\/projeto\/campanha-da-uneafro-na-ocupacao-9-de-julho-do-mstc-1ba2\" target=\"_blank\" rel=\"noreferrer noopener\">Site da Campanha<\/a>, sendo de exclusiva responsabilidade da fonte a veracidade dos dados.<\/p>\n","protected":false,"gt_translate_keys":[{"key":"rendered","format":"html"}]},"excerpt":{"rendered":"<p>Coletivos da FIBRA apoiam e recomendam contribui\u00e7\u00f5es para a causa da UNEAFRO. Apoie voc\u00ea tamb\u00e9m, fa\u00e7a sua doa\u00e7\u00e3o ainda hoje e contribua que mais pessoas<\/p>\n","protected":false,"gt_translate_keys":[{"key":"rendered","format":"html"}]},"author":2,"featured_media":10128,"comment_status":"open","ping_status":"open","sticky":false,"template":"","format":"standard","meta":{"om_disable_all_campaigns":false,"_eb_attr":"","footnotes":""},"categories":[10],"tags":[],"class_list":["post-10127","post","type-post","status-publish","format-standard","has-post-thumbnail","hentry","category-reportagens","three-columns"],"aioseo_notices":[],"rttpg_featured_image_url":{"full":["https:\/\/fibrainternacional.org\/wp-content\/uploads\/2023\/08\/Screenshot-2023-08-07-at-13.54.50.png",2548,1428,false],"landscape":["https:\/\/fibrainternacional.org\/wp-content\/uploads\/2023\/08\/Screenshot-2023-08-07-at-13.54.50.png",2548,1428,false],"portraits":["https:\/\/fibrainternacional.org\/wp-content\/uploads\/2023\/08\/Screenshot-2023-08-07-at-13.54.50.png",2548,1428,false],"thumbnail":["https:\/\/fibrainternacional.org\/wp-content\/uploads\/2023\/08\/Screenshot-2023-08-07-at-13.54.50-150x150.png",150,150,true],"medium":["https:\/\/fibrainternacional.org\/wp-content\/uploads\/2023\/08\/Screenshot-2023-08-07-at-13.54.50-300x168.png",300,168,true],"large":["https:\/\/fibrainternacional.org\/wp-content\/uploads\/2023\/08\/Screenshot-2023-08-07-at-13.54.50-1024x574.png",640,359,true],"1536x1536":["https:\/\/fibrainternacional.org\/wp-content\/uploads\/2023\/08\/Screenshot-2023-08-07-at-13.54.50-1536x861.png",1536,861,true],"2048x2048":["https:\/\/fibrainternacional.org\/wp-content\/uploads\/2023\/08\/Screenshot-2023-08-07-at-13.54.50-2048x1148.png",2048,1148,true],"refined-magazine-carousel-img":["https:\/\/fibrainternacional.org\/wp-content\/uploads\/2023\/08\/Screenshot-2023-08-07-at-13.54.50-783x450.png",783,450,true],"refined-magazine-carousel-img-landscape":["https:\/\/fibrainternacional.org\/wp-content\/uploads\/2023\/08\/Screenshot-2023-08-07-at-13.54.50-783x225.png",783,225,true],"refined-magazine-carousel-large-img":["https:\/\/fibrainternacional.org\/wp-content\/uploads\/2023\/08\/Screenshot-2023-08-07-at-13.54.50-1000x574.png",1000,574,true],"refined-magazine-carousel-large-img-landscape":["https:\/\/fibrainternacional.org\/wp-content\/uploads\/2023\/08\/Screenshot-2023-08-07-at-13.54.50-1000x287.png",1000,287,true],"refined-magazine-large-thumb":["https:\/\/fibrainternacional.org\/wp-content\/uploads\/2023\/08\/Screenshot-2023-08-07-at-13.54.50-1170x656.png",1170,656,true],"refined-magazine-small-thumb":["https:\/\/fibrainternacional.org\/wp-content\/uploads\/2023\/08\/Screenshot-2023-08-07-at-13.54.50-350x220.png",350,220,true]},"rttpg_author":{"display_name":"clearwaterdijk","author_link":"https:\/\/fibrainternacional.org\/?author=2"},"rttpg_comment":1,"rttpg_category":"<a href=\"https:\/\/fibrainternacional.org\/?cat=10\" rel=\"category\">Reportagens<\/a>","rttpg_excerpt":"Coletivos da FIBRA apoiam e recomendam contribui\u00e7\u00f5es para a causa da UNEAFRO. Apoie voc\u00ea tamb\u00e9m, fa\u00e7a sua doa\u00e7\u00e3o ainda hoje e contribua que mais pessoas","gt_translate_keys":[{"key":"link","format":"url"}],"_links":{"self":[{"href":"https:\/\/fibrainternacional.org\/index.php?rest_route=\/wp\/v2\/posts\/10127","targetHints":{"allow":["GET"]}}],"collection":[{"href":"https:\/\/fibrainternacional.org\/index.php?rest_route=\/wp\/v2\/posts"}],"about":[{"href":"https:\/\/fibrainternacional.org\/index.php?rest_route=\/wp\/v2\/types\/post"}],"author":[{"embeddable":true,"href":"https:\/\/fibrainternacional.org\/index.php?rest_route=\/wp\/v2\/users\/2"}],"replies":[{"embeddable":true,"href":"https:\/\/fibrainternacional.org\/index.php?rest_route=%2Fwp%2Fv2%2Fcomments&post=10127"}],"version-history":[{"count":3,"href":"https:\/\/fibrainternacional.org\/index.php?rest_route=\/wp\/v2\/posts\/10127\/revisions"}],"predecessor-version":[{"id":10136,"href":"https:\/\/fibrainternacional.org\/index.php?rest_route=\/wp\/v2\/posts\/10127\/revisions\/10136"}],"wp:featuredmedia":[{"embeddable":true,"href":"https:\/\/fibrainternacional.org\/index.php?rest_route=\/wp\/v2\/media\/10128"}],"wp:attachment":[{"href":"https:\/\/fibrainternacional.org\/index.php?rest_route=%2Fwp%2Fv2%2Fmedia&parent=10127"}],"wp:term":[{"taxonomy":"category","embeddable":true,"href":"https:\/\/fibrainternacional.org\/index.php?rest_route=%2Fwp%2Fv2%2Fcategories&post=10127"},{"taxonomy":"post_tag","embeddable":true,"href":"https:\/\/fibrainternacional.org\/index.php?rest_route=%2Fwp%2Fv2%2Ftags&post=10127"}],"curies":[{"name":"wp","href":"https:\/\/api.w.org\/{rel}","templated":true}]}}