{"id":10157,"date":"2023-08-23T20:19:31","date_gmt":"2023-08-23T18:19:31","guid":{"rendered":"http:\/\/fibrainternacional.org\/?p=10157"},"modified":"2023-08-23T20:19:32","modified_gmt":"2023-08-23T18:19:32","slug":"o-machismo-estrutural-no-futebol-espanhol","status":"publish","type":"post","link":"https:\/\/fibrainternacional.org\/?p=10157","title":{"rendered":"O machismo estrutural no futebol espanhol","gt_translate_keys":[{"key":"rendered","format":"text"}]},"content":{"rendered":"\n<p style=\"font-size:28px\"><strong>10<\/strong> <strong>esclarecimentos<\/strong><\/p>\n\n\n\n<p>De <strong>Fl\u00e1vio Carvalho<\/strong>, para o site da FIBRA.<br>@1flaviocarvalho, soci\u00f3logo, escritor, residente na Espanha.<\/p>\n\n\n\n<p>Barcelona, 23 de agosto de 2023. <\/p>\n\n\n\n<p class=\"has-text-align-right\" style=\"font-size:15px\">\u201cAfinal de contas, n\u00e3o tem cabimento&#8230;\u201d<br>(Desesperar Jamais, m\u00fasica de Ivan Lins).<\/p>\n\n\n<div class=\"wp-block-image is-style-default\">\n<figure class=\"alignright size-large is-resized\"><img fetchpriority=\"high\" decoding=\"async\" src=\"http:\/\/fibrainternacional.org\/wp-content\/uploads\/2023\/08\/Screenshot-2023-08-23-at-17.19.24-1024x576.png\" alt=\"\" class=\"wp-image-10158\" style=\"width:305px;height:172px\" width=\"305\" height=\"172\" srcset=\"https:\/\/fibrainternacional.org\/wp-content\/uploads\/2023\/08\/Screenshot-2023-08-23-at-17.19.24-1024x576.png 1024w, https:\/\/fibrainternacional.org\/wp-content\/uploads\/2023\/08\/Screenshot-2023-08-23-at-17.19.24-300x169.png 300w, https:\/\/fibrainternacional.org\/wp-content\/uploads\/2023\/08\/Screenshot-2023-08-23-at-17.19.24-768x432.png 768w, https:\/\/fibrainternacional.org\/wp-content\/uploads\/2023\/08\/Screenshot-2023-08-23-at-17.19.24-1536x864.png 1536w, https:\/\/fibrainternacional.org\/wp-content\/uploads\/2023\/08\/Screenshot-2023-08-23-at-17.19.24-2048x1152.png 2048w, https:\/\/fibrainternacional.org\/wp-content\/uploads\/2023\/08\/Screenshot-2023-08-23-at-17.19.24-1170x658.png 1170w, https:\/\/fibrainternacional.org\/wp-content\/uploads\/2023\/08\/Screenshot-2023-08-23-at-17.19.24-600x337.png 600w\" sizes=\"(max-width: 305px) 100vw, 305px\" \/><\/figure>\n<\/div>\n\n\n<p>1. O Presidente da <a href=\"https:\/\/rfef.es\/es\" target=\"_blank\" rel=\"noreferrer noopener\">Federa\u00e7\u00e3o Espanhola de Futebol<\/a>, <a href=\"https:\/\/en.wikipedia.org\/wiki\/Luis_Rubiales\" target=\"_blank\" rel=\"noreferrer noopener\">Lu\u00eds Rubiales<\/a>, procedente das Ilhas Can\u00e1rias \u00e9 um ex-jogador de futebol (med\u00edocre), que substituiu o anterior (corrupto), que permaneceu 25 anos no poder, apesar de todas as den\u00fancias e questionamentos. Seu principal opositor, Javier Tebas, est\u00e1 igualmente h\u00e1 d\u00e9cadas sentado no cargo, carregado de esc\u00e2ndalos e den\u00fancias. E \u00e9 famoso por suas declara\u00e7\u00f5es pol\u00edticas fascistas, como o apoio publicamente declarado a VOX (e ao privilegiado time do Real Madri).<\/p>\n\n\n\n<p>2. Al\u00e9m de n\u00e3o reconhecer o erro, Rubiales ordenou que a assessoria de comunica\u00e7\u00e3o da Federa\u00e7\u00e3o preparasse \u00e0s pressas uma mentirosa declara\u00e7\u00e3o com a inventada coniv\u00eancia da <a href=\"https:\/\/www.jn.pt\/4359415179\/jogadora-beijada-por-rubiales-pede-medidas-exemplares\/\" target=\"_blank\" rel=\"noreferrer noopener\">jogadora \u201cbeijada\u201d<\/a>, ainda que ela houvesse demonstrado seu inc\u00f4modo logo ap\u00f3s o ato machista que deu a volta ao mundo.<\/p>\n\n\n\n<p>3. Rubiales ganha mais de 700 mil euros (sem contar os dinheiros n\u00e3o declarados, frutos de outros \u201ccontratos\u201d, como a parceria com a empresa do ex-jogador do Bar\u00e7a, Gerard Piqu\u00e9). E Rubiales ainda insiste em cobrar 3 mil Euros para pagar o aluguel da sua resid\u00eancia. Apesar de ser um organismo n\u00e3o p\u00fablico, recebe milh\u00f5es de subven\u00e7\u00f5es com recursos p\u00fablicos, al\u00e9m das caras cotas das milhares de escolinhas \u2013 como a que eu, redator deste texto, pago a cada m\u00eas pela Escola de Futebol Base do meu filho. Conhe\u00e7o de perto, portanto, estes assuntos. E me envergonho, cada dia do <a href=\"http:\/\/fibrainternacional.org\/?p=9969\" target=\"_blank\" rel=\"noreferrer noopener\">machismo e racismo, ambos estruturais (assim como o fascismo) neste pa\u00eds<\/a>.<\/p>\n\n\n\n<p>4. A Espanha \u00e9 um dos l\u00edderes mundiais do futebol sendo destino da maioria dos principais brasileiros que jogam no exterior; terra onde surgiram os primeiros apoios e vacilos em rela\u00e7\u00e3o aos <a href=\"http:\/\/fibrainternacional.org\/?p=9557\" target=\"_blank\" rel=\"noreferrer noopener\">casos de Dani Alves<\/a> (hoje preso, mas logo apoiado pela imprensa esportiva espanhola machista) e de Robinho (hoje apoiado pelos antirracistas, mas logo insultado por esta mesma imprensa racista como sendo provocador e vitimista). Pa\u00eds onde se gasta mais tempo com an\u00e1lise machista da postura (corporal inclusive) da jogadora e de quebra ofusca o m\u00e9rito coletivo pelo trof\u00e9u ao entrar na vida \u00edntima das jogadoras, como o caso dos relacionamentos homoafetivos de muitas delas.<\/p>\n\n\n\n<p>5. Este caso midi\u00e1tico esconde outro esc\u00e2ndalo, de igual ou pior propor\u00e7\u00e3o. O coletivo de 15 jogadoras da elite do futebol feminino espanhol que se negaram a participar de todas as competi\u00e7\u00f5es (mesmo sabendo que estariam entre as favoritas para ganhar esta Copa do Mundo Feminina), enquanto o atual treinador &#8211; apoiado por Rubiales e pelos meios de comunica\u00e7\u00e3o assumidamente machistas &#8211; seguir com suas pr\u00e1ticas \u201cduvidosas\u201d. Espera-se para os pr\u00f3ximos dias que venham \u00e0 tona a revela\u00e7\u00e3o de porque estas jogadoras se negaram a ser treinadas por este homem.<\/p>\n\n\n\n<p>6. Ontem, Rubiales foi saudado com frieza pelo atual Presidente Pedro S\u00e1nchez, que declarou publicamente que o Presidente da Federa\u00e7\u00e3o cometeu um \u201cgesto inaceit\u00e1vel\u201d. Ao que toda a imprensa espanhola perguntou, \u201cQual deles?\u201d. <a href=\"https:\/\/ge.globo.com\/futebol\/copa-do-mundo-feminina\/noticia\/2023\/08\/21\/alem-de-beijo-presidente-da-federacao-espanhola-e-flagrado-em-gesto-obsceno.ghtml\" target=\"_blank\" rel=\"noreferrer noopener\">Pois nesta mesma final do Mundial de Futebol Feminino, as c\u00e2meras de TV flagraram Rubiales comemorando com o t\u00edpico gesto espanhol de agarrar-se o p\u00eanis por cima da cal\u00e7a<\/a>, exibindo-o ao mundo. <em>por mis huevos<\/em>, tal como se costuma dizer na Espanha. Ao seu lado, estava a Rainha Let\u00edcia e a princesa Leonor. Teria sido este o gesto inaceit\u00e1vel, mais que o \u201cbeijo roubado\u201d?<\/p>\n\n\n\n<p>7. O machismo espanhol n\u00e3o nasceu casualmente. \u00c9 fruto da mais longa ditadura europeia, a de Franco, o terceiro grande ditador europeu. Hitler foi assassinado ou suicidou-se para n\u00e3o ser preso. Mussolini foi enforcado em pra\u00e7a p\u00fablica. Franco morreu de velhinho, com honras de chefe de estado e seu legado estrutural nunca foi absolutamente questionado nem desmontado pela inacabada <em>transici\u00f3n espa\u00f1ola<\/em>. O futebol foi uma arma fascista nas m\u00e3os do franquismo, durante d\u00e9cadas.<\/p>\n\n\n\n<p>8. Nada foi mais machista que a corrupta monarquia espanhola, cujo rei fugiu para a Ar\u00e1bia (abrigado por reis \u00e1rabes milion\u00e1rios que o corromperam, supostamente), depois de esc\u00e2ndalos de trai\u00e7\u00e3o \u00e0 Rainha. Uma monarquia medieval sustentada tamb\u00e9m por esta mesma grande m\u00eddia.<\/p>\n\n\n\n<p>9. A base da atual sele\u00e7\u00e3o espanhola de futebol feminino, tal como no futebol masculino que ganhou o \u00faltimo mundial para o pa\u00eds, \u00e9 do Futebol Clube Barcelona, equipe que bateu o recorde mundial de p\u00fablico de um jogo de futebol feminino, no seu campo, o <a href=\"https:\/\/en.wikipedia.org\/wiki\/Camp_Nou\" target=\"_blank\" rel=\"noreferrer noopener\"><em>Camp No<\/em>u<\/a>, lotado, em mar\u00e7o do ano passado. A maioria das jogadoras que se negaram a jogar enquanto houvesse o atual machista treinador \u00e9 do Barcelona, time que representa a cidade mais antiespanholista de toda a Espanha. Para entender-se esta \u00faltima express\u00e3o h\u00e1 que conhecer o m\u00ednimo sobre o processo independentista na Catalunha.<\/p>\n\n\n\n<p>10. Diferentemente do trato ao futebol masculino, faltou at\u00e9 cerveja no \u00f4nibus que desfilava as campeonas mundiais nas ruas da Espanha. Viralizou-se o v\u00eddeo da jogadora do Bar\u00e7a, Alexia Putellas, 2 vezes Bola de Ouro na sua categoria: \u201cteremos que parar o \u00f4nibus e descer pra comprar mais cervejas no mercadinho?\u201d.<\/p>\n\n\n\n<p>Aquele abra\u00e7o.<\/p>\n\n\n\n<p>Fl\u00e1vio Carvalho<\/p>\n\n\n\n<hr class=\"wp-block-separator has-alpha-channel-opacity\"\/>\n\n\n\n<p>T<em>witter e Instagram: <strong>@1flaviocarvalho<\/strong><\/em><br><em>Facebook: <strong>@quixotemacunaima<\/strong><\/em> | <strong>@amaconaima<\/strong><\/p>\n\n\n\n<p>#maconaima #quixotemacunaima<\/p>\n\n\n\n<p class=\"has-background\" style=\"background-color:#fbd5f3\"><strong>Nota: <\/strong>Os textos, cita\u00e7\u00f5es, e opini\u00f5es s\u00e3o fornecidos pelo autor, sendo de sua exclusiva responsabilidade, e podem n\u00e3o expressar \u2013 no todo ou em parte, a opini\u00e3o dos Coletivos da Fibra.<\/p>\n","protected":false,"gt_translate_keys":[{"key":"rendered","format":"html"}]},"excerpt":{"rendered":"<p>10 esclarecimentos De Fl\u00e1vio Carvalho, para o site da FIBRA.@1flaviocarvalho, soci\u00f3logo, escritor, residente na Espanha. Barcelona, 23 de agosto de 2023. \u201cAfinal de contas, n\u00e3o<\/p>\n","protected":false,"gt_translate_keys":[{"key":"rendered","format":"html"}]},"author":2,"featured_media":10158,"comment_status":"open","ping_status":"open","sticky":false,"template":"","format":"standard","meta":{"om_disable_all_campaigns":false,"_eb_attr":"","footnotes":""},"categories":[6,202,10],"tags":[],"class_list":["post-10157","post","type-post","status-publish","format-standard","has-post-thumbnail","hentry","category-artigos","category-flavio","category-reportagens","three-columns"],"aioseo_notices":[],"rttpg_featured_image_url":{"full":["https:\/\/fibrainternacional.org\/wp-content\/uploads\/2023\/08\/Screenshot-2023-08-23-at-17.19.24.png",2546,1432,false],"landscape":["https:\/\/fibrainternacional.org\/wp-content\/uploads\/2023\/08\/Screenshot-2023-08-23-at-17.19.24.png",2546,1432,false],"portraits":["https:\/\/fibrainternacional.org\/wp-content\/uploads\/2023\/08\/Screenshot-2023-08-23-at-17.19.24.png",2546,1432,false],"thumbnail":["https:\/\/fibrainternacional.org\/wp-content\/uploads\/2023\/08\/Screenshot-2023-08-23-at-17.19.24-150x150.png",150,150,true],"medium":["https:\/\/fibrainternacional.org\/wp-content\/uploads\/2023\/08\/Screenshot-2023-08-23-at-17.19.24-300x169.png",300,169,true],"large":["https:\/\/fibrainternacional.org\/wp-content\/uploads\/2023\/08\/Screenshot-2023-08-23-at-17.19.24-1024x576.png",640,360,true],"1536x1536":["https:\/\/fibrainternacional.org\/wp-content\/uploads\/2023\/08\/Screenshot-2023-08-23-at-17.19.24-1536x864.png",1536,864,true],"2048x2048":["https:\/\/fibrainternacional.org\/wp-content\/uploads\/2023\/08\/Screenshot-2023-08-23-at-17.19.24-2048x1152.png",2048,1152,true],"refined-magazine-carousel-img":["https:\/\/fibrainternacional.org\/wp-content\/uploads\/2023\/08\/Screenshot-2023-08-23-at-17.19.24-783x450.png",783,450,true],"refined-magazine-carousel-img-landscape":["https:\/\/fibrainternacional.org\/wp-content\/uploads\/2023\/08\/Screenshot-2023-08-23-at-17.19.24-783x225.png",783,225,true],"refined-magazine-carousel-large-img":["https:\/\/fibrainternacional.org\/wp-content\/uploads\/2023\/08\/Screenshot-2023-08-23-at-17.19.24-1000x574.png",1000,574,true],"refined-magazine-carousel-large-img-landscape":["https:\/\/fibrainternacional.org\/wp-content\/uploads\/2023\/08\/Screenshot-2023-08-23-at-17.19.24-1000x287.png",1000,287,true],"refined-magazine-large-thumb":["https:\/\/fibrainternacional.org\/wp-content\/uploads\/2023\/08\/Screenshot-2023-08-23-at-17.19.24-1170x658.png",1170,658,true],"refined-magazine-small-thumb":["https:\/\/fibrainternacional.org\/wp-content\/uploads\/2023\/08\/Screenshot-2023-08-23-at-17.19.24-350x220.png",350,220,true]},"rttpg_author":{"display_name":"clearwaterdijk","author_link":"https:\/\/fibrainternacional.org\/?author=2"},"rttpg_comment":2,"rttpg_category":"<a href=\"https:\/\/fibrainternacional.org\/?cat=6\" rel=\"category\">Artigos<\/a> <a href=\"https:\/\/fibrainternacional.org\/?cat=202\" rel=\"category\">Fl\u00e1vio Carvalho<\/a> <a href=\"https:\/\/fibrainternacional.org\/?cat=10\" rel=\"category\">Reportagens<\/a>","rttpg_excerpt":"10 esclarecimentos De Fl\u00e1vio Carvalho, para o site da FIBRA.@1flaviocarvalho, soci\u00f3logo, escritor, residente na Espanha. Barcelona, 23 de agosto de 2023. \u201cAfinal de contas, n\u00e3o","gt_translate_keys":[{"key":"link","format":"url"}],"_links":{"self":[{"href":"https:\/\/fibrainternacional.org\/index.php?rest_route=\/wp\/v2\/posts\/10157","targetHints":{"allow":["GET"]}}],"collection":[{"href":"https:\/\/fibrainternacional.org\/index.php?rest_route=\/wp\/v2\/posts"}],"about":[{"href":"https:\/\/fibrainternacional.org\/index.php?rest_route=\/wp\/v2\/types\/post"}],"author":[{"embeddable":true,"href":"https:\/\/fibrainternacional.org\/index.php?rest_route=\/wp\/v2\/users\/2"}],"replies":[{"embeddable":true,"href":"https:\/\/fibrainternacional.org\/index.php?rest_route=%2Fwp%2Fv2%2Fcomments&post=10157"}],"version-history":[{"count":1,"href":"https:\/\/fibrainternacional.org\/index.php?rest_route=\/wp\/v2\/posts\/10157\/revisions"}],"predecessor-version":[{"id":10159,"href":"https:\/\/fibrainternacional.org\/index.php?rest_route=\/wp\/v2\/posts\/10157\/revisions\/10159"}],"wp:featuredmedia":[{"embeddable":true,"href":"https:\/\/fibrainternacional.org\/index.php?rest_route=\/wp\/v2\/media\/10158"}],"wp:attachment":[{"href":"https:\/\/fibrainternacional.org\/index.php?rest_route=%2Fwp%2Fv2%2Fmedia&parent=10157"}],"wp:term":[{"taxonomy":"category","embeddable":true,"href":"https:\/\/fibrainternacional.org\/index.php?rest_route=%2Fwp%2Fv2%2Fcategories&post=10157"},{"taxonomy":"post_tag","embeddable":true,"href":"https:\/\/fibrainternacional.org\/index.php?rest_route=%2Fwp%2Fv2%2Ftags&post=10157"}],"curies":[{"name":"wp","href":"https:\/\/api.w.org\/{rel}","templated":true}]}}