{"id":10264,"date":"2023-09-22T00:12:30","date_gmt":"2023-09-21T22:12:30","guid":{"rendered":"http:\/\/fibrainternacional.org\/?p=10264"},"modified":"2023-09-22T00:12:31","modified_gmt":"2023-09-21T22:12:31","slug":"o-brasil-e-terra-indigena","status":"publish","type":"post","link":"https:\/\/fibrainternacional.org\/?p=10264","title":{"rendered":"O Brasil \u00e9 Terra Ind\u00edgena.","gt_translate_keys":[{"key":"rendered","format":"text"}]},"content":{"rendered":"\n<p class=\"has-white-color has-vivid-red-background-color has-text-color has-background\"><strong>Tese do Marco Temporal \u00e9 rejeitada pelo STF. <\/strong><\/p>\n\n\n<div class=\"wp-block-image is-style-default\">\n<figure class=\"aligncenter size-large is-resized\"><img fetchpriority=\"high\" decoding=\"async\" src=\"http:\/\/fibrainternacional.org\/wp-content\/uploads\/2023\/09\/Screenshot-2023-09-21-at-23.29.04-1024x574.png\" alt=\"\" class=\"wp-image-10265\" style=\"width:582px;height:326px\" width=\"582\" height=\"326\" srcset=\"https:\/\/fibrainternacional.org\/wp-content\/uploads\/2023\/09\/Screenshot-2023-09-21-at-23.29.04-1024x574.png 1024w, https:\/\/fibrainternacional.org\/wp-content\/uploads\/2023\/09\/Screenshot-2023-09-21-at-23.29.04-300x168.png 300w, https:\/\/fibrainternacional.org\/wp-content\/uploads\/2023\/09\/Screenshot-2023-09-21-at-23.29.04-768x430.png 768w, https:\/\/fibrainternacional.org\/wp-content\/uploads\/2023\/09\/Screenshot-2023-09-21-at-23.29.04-1536x861.png 1536w, https:\/\/fibrainternacional.org\/wp-content\/uploads\/2023\/09\/Screenshot-2023-09-21-at-23.29.04-2048x1148.png 2048w, https:\/\/fibrainternacional.org\/wp-content\/uploads\/2023\/09\/Screenshot-2023-09-21-at-23.29.04-1170x656.png 1170w, https:\/\/fibrainternacional.org\/wp-content\/uploads\/2023\/09\/Screenshot-2023-09-21-at-23.29.04-600x336.png 600w\" sizes=\"(max-width: 582px) 100vw, 582px\" \/><\/figure>\n<\/div>\n\n\n<p>21 de setembro de 2023. O Brasil de alma lavada! <\/p>\n\n\n\n<p>Por 9 votos contra 2 cai por terra definitivamente a fal\u00e1cia criada para legalizar a grilagem de terras, a expolia\u00e7\u00e3o dos ind\u00edgenas de seus territ\u00f3rios e a viol\u00eancia no campo e nas florestas contra os povos origin\u00e1rios. Um passo a diante no caminho para a constru\u00e7\u00e3o da verdadeira democracia, o fortalecimento do poder cidad\u00e3o. <\/p>\n\n\n\n<p>O <a href=\"https:\/\/g1.globo.com\/politica\/ao-vivo\/stf-julga-marco-temporal-para-demarcacao-de-terras-indigenas.ghtml\" target=\"_blank\" rel=\"noreferrer noopener\">fim do Marco Temporal <\/a> pavimenta com <strong>Justi\u00e7a<\/strong> o ch\u00e3o para tantas outras lutas que ainda aguardam por dias melhores. <\/p>\n\n\n\n<p>Venceu a a coragem e resili\u00eancia dos povos ind\u00edgenas!<\/p>\n\n\n\n<p>Venceu a verdade! Venceu a for\u00e7a dos que fizeram o L em 2022!<\/p>\n\n\n\n<p>Venceu o respeito \u00e0 Constitui\u00e7\u00e3o Federal!<\/p>\n\n\n\n<p>Viva aos movimentos sociais organizados!<\/p>\n\n\n\n<p>Viva a milit\u00e2ncia  internacional!<\/p>\n\n\n\n<p>Viva os Povos Ind\u00edgenas!<\/p>\n\n\n\n<p>Viva o Povo Brasileiro!<\/p>\n\n\n\n<hr class=\"wp-block-separator has-alpha-channel-opacity\"\/>\n\n\n\n<p class=\"has-text-align-left\"><strong>Mensagem da FIBRA a todos, todas e todes que lutaram contra o Marco Temporal e solidarizaram-se com a luta dos povos ind\u00edgenas.                                                                                                                                                                                                                                                                                                                                                                                                                                                                                                                                                                                                                                                                                                                                                                                                                                                                                                                                                                                                                                                                                                                                                                                                                                                                                                                                                                                                                                                                                                                                                                                                                                                                                                                                                                                                                                     <\/strong><\/p>\n\n\n\n<p><br><\/p>\n","protected":false,"gt_translate_keys":[{"key":"rendered","format":"html"}]},"excerpt":{"rendered":"<p>Tese do Marco Temporal \u00e9 rejeitada pelo STF. 21 de setembro de 2023. O Brasil de alma lavada! Por 9 votos contra 2 cai por<\/p>\n","protected":false,"gt_translate_keys":[{"key":"rendered","format":"html"}]},"author":2,"featured_media":10265,"comment_status":"open","ping_status":"open","sticky":false,"template":"","format":"standard","meta":{"om_disable_all_campaigns":false,"_eb_attr":"","footnotes":""},"categories":[10],"tags":[],"class_list":["post-10264","post","type-post","status-publish","format-standard","has-post-thumbnail","hentry","category-reportagens","three-columns"],"aioseo_notices":[],"rttpg_featured_image_url":{"full":["https:\/\/fibrainternacional.org\/wp-content\/uploads\/2023\/09\/Screenshot-2023-09-21-at-23.29.04.png",2552,1430,false],"landscape":["https:\/\/fibrainternacional.org\/wp-content\/uploads\/2023\/09\/Screenshot-2023-09-21-at-23.29.04.png",2552,1430,false],"portraits":["https:\/\/fibrainternacional.org\/wp-content\/uploads\/2023\/09\/Screenshot-2023-09-21-at-23.29.04.png",2552,1430,false],"thumbnail":["https:\/\/fibrainternacional.org\/wp-content\/uploads\/2023\/09\/Screenshot-2023-09-21-at-23.29.04-150x150.png",150,150,true],"medium":["https:\/\/fibrainternacional.org\/wp-content\/uploads\/2023\/09\/Screenshot-2023-09-21-at-23.29.04-300x168.png",300,168,true],"large":["https:\/\/fibrainternacional.org\/wp-content\/uploads\/2023\/09\/Screenshot-2023-09-21-at-23.29.04-1024x574.png",640,359,true],"1536x1536":["https:\/\/fibrainternacional.org\/wp-content\/uploads\/2023\/09\/Screenshot-2023-09-21-at-23.29.04-1536x861.png",1536,861,true],"2048x2048":["https:\/\/fibrainternacional.org\/wp-content\/uploads\/2023\/09\/Screenshot-2023-09-21-at-23.29.04-2048x1148.png",2048,1148,true],"refined-magazine-carousel-img":["https:\/\/fibrainternacional.org\/wp-content\/uploads\/2023\/09\/Screenshot-2023-09-21-at-23.29.04-783x450.png",783,450,true],"refined-magazine-carousel-img-landscape":["https:\/\/fibrainternacional.org\/wp-content\/uploads\/2023\/09\/Screenshot-2023-09-21-at-23.29.04-783x225.png",783,225,true],"refined-magazine-carousel-large-img":["https:\/\/fibrainternacional.org\/wp-content\/uploads\/2023\/09\/Screenshot-2023-09-21-at-23.29.04-1000x574.png",1000,574,true],"refined-magazine-carousel-large-img-landscape":["https:\/\/fibrainternacional.org\/wp-content\/uploads\/2023\/09\/Screenshot-2023-09-21-at-23.29.04-1000x287.png",1000,287,true],"refined-magazine-large-thumb":["https:\/\/fibrainternacional.org\/wp-content\/uploads\/2023\/09\/Screenshot-2023-09-21-at-23.29.04-1170x656.png",1170,656,true],"refined-magazine-small-thumb":["https:\/\/fibrainternacional.org\/wp-content\/uploads\/2023\/09\/Screenshot-2023-09-21-at-23.29.04-350x220.png",350,220,true]},"rttpg_author":{"display_name":"clearwaterdijk","author_link":"https:\/\/fibrainternacional.org\/?author=2"},"rttpg_comment":0,"rttpg_category":"<a href=\"https:\/\/fibrainternacional.org\/?cat=10\" rel=\"category\">Reportagens<\/a>","rttpg_excerpt":"Tese do Marco Temporal \u00e9 rejeitada pelo STF. 21 de setembro de 2023. O Brasil de alma lavada! Por 9 votos contra 2 cai por","gt_translate_keys":[{"key":"link","format":"url"}],"_links":{"self":[{"href":"https:\/\/fibrainternacional.org\/index.php?rest_route=\/wp\/v2\/posts\/10264","targetHints":{"allow":["GET"]}}],"collection":[{"href":"https:\/\/fibrainternacional.org\/index.php?rest_route=\/wp\/v2\/posts"}],"about":[{"href":"https:\/\/fibrainternacional.org\/index.php?rest_route=\/wp\/v2\/types\/post"}],"author":[{"embeddable":true,"href":"https:\/\/fibrainternacional.org\/index.php?rest_route=\/wp\/v2\/users\/2"}],"replies":[{"embeddable":true,"href":"https:\/\/fibrainternacional.org\/index.php?rest_route=%2Fwp%2Fv2%2Fcomments&post=10264"}],"version-history":[{"count":1,"href":"https:\/\/fibrainternacional.org\/index.php?rest_route=\/wp\/v2\/posts\/10264\/revisions"}],"predecessor-version":[{"id":10266,"href":"https:\/\/fibrainternacional.org\/index.php?rest_route=\/wp\/v2\/posts\/10264\/revisions\/10266"}],"wp:featuredmedia":[{"embeddable":true,"href":"https:\/\/fibrainternacional.org\/index.php?rest_route=\/wp\/v2\/media\/10265"}],"wp:attachment":[{"href":"https:\/\/fibrainternacional.org\/index.php?rest_route=%2Fwp%2Fv2%2Fmedia&parent=10264"}],"wp:term":[{"taxonomy":"category","embeddable":true,"href":"https:\/\/fibrainternacional.org\/index.php?rest_route=%2Fwp%2Fv2%2Fcategories&post=10264"},{"taxonomy":"post_tag","embeddable":true,"href":"https:\/\/fibrainternacional.org\/index.php?rest_route=%2Fwp%2Fv2%2Ftags&post=10264"}],"curies":[{"name":"wp","href":"https:\/\/api.w.org\/{rel}","templated":true}]}}