{"id":10537,"date":"2025-04-19T10:21:59","date_gmt":"2025-04-19T08:21:59","guid":{"rendered":"https:\/\/fibrainternacional.org\/?p=10537"},"modified":"2025-04-19T10:21:59","modified_gmt":"2025-04-19T08:21:59","slug":"fome-de-justica-glauber-fica","status":"publish","type":"post","link":"https:\/\/fibrainternacional.org\/?p=10537","title":{"rendered":"Fome de Justi\u00e7a: Glauber Fica!","gt_translate_keys":[{"key":"rendered","format":"text"}]},"content":{"rendered":"\n<p>Amsterdam, 18 de abril de 2025.<\/p>\n\n\n\n<p>Por <strong>Lu\u00edza Monteiro<\/strong>, para o site da Fibra<br>@luiza.monteiro<\/p>\n\n\n\n<p>Hoje mais um dia somado ao jejum de <a href=\"https:\/\/www.facebook.com\/glauber.braga1\" target=\"_blank\" rel=\"noopener\" title=\"\">Glauber<\/a>.<\/p>\n\n\n\n<p>Nome dado em homenagem a Glauber Rocha? <\/p>\n\n\n<div class=\"wp-block-image\">\n<figure class=\"alignright size-large is-resized\"><img fetchpriority=\"high\" decoding=\"async\" width=\"1024\" height=\"575\" src=\"http:\/\/fibrainternacional.org\/wp-content\/uploads\/2025\/04\/Screenshot-2025-04-19-at-10.07.09-1024x575.jpg\" alt=\"\" class=\"wp-image-10538\" style=\"width:324px;height:auto\" srcset=\"https:\/\/fibrainternacional.org\/wp-content\/uploads\/2025\/04\/Screenshot-2025-04-19-at-10.07.09-1024x575.jpg 1024w, https:\/\/fibrainternacional.org\/wp-content\/uploads\/2025\/04\/Screenshot-2025-04-19-at-10.07.09-300x168.jpg 300w, https:\/\/fibrainternacional.org\/wp-content\/uploads\/2025\/04\/Screenshot-2025-04-19-at-10.07.09-768x431.jpg 768w, https:\/\/fibrainternacional.org\/wp-content\/uploads\/2025\/04\/Screenshot-2025-04-19-at-10.07.09-1536x862.jpg 1536w, https:\/\/fibrainternacional.org\/wp-content\/uploads\/2025\/04\/Screenshot-2025-04-19-at-10.07.09-1170x657.jpg 1170w, https:\/\/fibrainternacional.org\/wp-content\/uploads\/2025\/04\/Screenshot-2025-04-19-at-10.07.09-600x337.jpg 600w, https:\/\/fibrainternacional.org\/wp-content\/uploads\/2025\/04\/Screenshot-2025-04-19-at-10.07.09.jpg 1920w\" sizes=\"(max-width: 1024px) 100vw, 1024px\" \/><figcaption class=\"wp-element-caption\">Screenshot<\/figcaption><\/figure>\n<\/div>\n\n\n<p>Amanh\u00e3 outras crian\u00e7as ser\u00e3o tamb\u00e9m chamadas de Glauber. Ser\u00e1 sin\u00f4nimo de guerreiro, numa luta contra Tit\u00e3s. Vencer\u00e1? Ainda n\u00e3o sabemos. Sua atitude intempestiva e, ao mesmo tempo, obstinada enfrenta o que tantos bradavam: extirpar a corrup\u00e7\u00e3o da C\u00e2mara dos Deputados. O inexplic\u00e1vel surgimento de milion\u00e1rios atrav\u00e9s da pol\u00edtica. Tudo que negamos das esquerdas \u00e0 extrema direita, j\u00e1 que extremas esquerdas no Brasil n\u00e3o existem.<\/p>\n\n\n\n<p>Somos legalistas, mostramos leis, constitui\u00e7\u00e3o, escrituras, documentos. As lutas de l\u00e1 depredam os simbolismos, n\u00f3s o reafirmamos num bom comportamento de alunos de semin\u00e1rio. Nossa hist\u00f3ria assim nos fez, da carta de alforria \u00e0s desapropria\u00e7\u00f5es, passando por uma constitui\u00e7\u00e3o que abrigou uma maneira de ser socialmente a sociedade. Temos sede de <a href=\"https:\/\/fibrainternacional.org\/?p=10521\" target=\"_blank\" rel=\"noopener\" title=\"\">documentar as conquistas<\/a> quase todas \u00e0 custa de muito sangue. Mas \u00e9 a fome de ter um mundo justo sem verbas p\u00fablicas escorregando, sorrateiramente, atrav\u00e9s de emendas, gerando enriquecimentos e evitando o uso correto de servi\u00e7os para o povo, que grita.<\/p>\n\n\n\n<p>\u00c9 Glauber usando seu corpo como resist\u00eancia e exemplo de que j\u00e1 toleramos demais. Onde est\u00e3o os paladinos da anti-corrup\u00e7\u00e3o? Que louvavam o juiz <em>cashback<\/em> de p\u00e9s de barro e seu clube de procuradores \u00e1vidos de rep\u00f3rteres, de dinheiro e poder. O sil\u00eancio destes \u00e9 estrondoso. Mas nossa fome de parlamento a servi\u00e7o do povo, n\u00e3o.<\/p>\n\n\n\n<p><a href=\"https:\/\/www.brasil247.com\/blog\/somos-todos-glauber-ou-um-banho-de-realidade-conjuntural\" target=\"_blank\" rel=\"noopener\" title=\"\">Somos todos Glauber.<\/a> Queremos ficar de corpo e alma atentos. Como Glauber queremos pisar na corrup\u00e7\u00e3o, chutar o fascismo e termos um laudo banquete democr\u00e1tico e transparente.<\/p>\n\n\n\n<p>Brindemos: Glauber Fica!<\/p>\n\n\n\n<p>Luiza Monteiro<\/p>\n\n\n\n<hr class=\"wp-block-separator has-alpha-channel-opacity\"\/>\n\n\n\n<p>Luiza Monteiro \u00e9 integrante do Coletivo Amsterdam pela Democracia.<\/p>\n\n\n\n<p class=\"has-background\" style=\"background-color:#ebdbfa\"><strong>Nota: <\/strong>Os textos, cita\u00e7\u00f5es e opini\u00f5es deste texto podem n\u00e3o expressar \u2013 no todo ou em parte, a opini\u00e3o dos Coletivos da Fibra.<\/p>\n","protected":false,"gt_translate_keys":[{"key":"rendered","format":"html"}]},"excerpt":{"rendered":"<p>Amsterdam, 18 de abril de 2025. Por Lu\u00edza Monteiro, para o site da Fibra@luiza.monteiro Hoje mais um dia somado ao jejum de Glauber. Nome dado<\/p>\n","protected":false,"gt_translate_keys":[{"key":"rendered","format":"html"}]},"author":2,"featured_media":10538,"comment_status":"open","ping_status":"open","sticky":false,"template":"","format":"standard","meta":{"om_disable_all_campaigns":false,"_eb_attr":"","footnotes":""},"categories":[6,197,332,10],"tags":[],"class_list":["post-10537","post","type-post","status-publish","format-standard","has-post-thumbnail","hentry","category-artigos","category-colunistas","category-outras-autorias","category-reportagens","three-columns"],"aioseo_notices":[],"rttpg_featured_image_url":{"full":["https:\/\/fibrainternacional.org\/wp-content\/uploads\/2025\/04\/Screenshot-2025-04-19-at-10.07.09.jpg",1920,1078,false],"landscape":["https:\/\/fibrainternacional.org\/wp-content\/uploads\/2025\/04\/Screenshot-2025-04-19-at-10.07.09.jpg",1920,1078,false],"portraits":["https:\/\/fibrainternacional.org\/wp-content\/uploads\/2025\/04\/Screenshot-2025-04-19-at-10.07.09.jpg",1920,1078,false],"thumbnail":["https:\/\/fibrainternacional.org\/wp-content\/uploads\/2025\/04\/Screenshot-2025-04-19-at-10.07.09-150x150.jpg",150,150,true],"medium":["https:\/\/fibrainternacional.org\/wp-content\/uploads\/2025\/04\/Screenshot-2025-04-19-at-10.07.09-300x168.jpg",300,168,true],"large":["https:\/\/fibrainternacional.org\/wp-content\/uploads\/2025\/04\/Screenshot-2025-04-19-at-10.07.09-1024x575.jpg",640,359,true],"1536x1536":["https:\/\/fibrainternacional.org\/wp-content\/uploads\/2025\/04\/Screenshot-2025-04-19-at-10.07.09-1536x862.jpg",1536,862,true],"2048x2048":["https:\/\/fibrainternacional.org\/wp-content\/uploads\/2025\/04\/Screenshot-2025-04-19-at-10.07.09.jpg",1920,1078,false],"refined-magazine-carousel-img":["https:\/\/fibrainternacional.org\/wp-content\/uploads\/2025\/04\/Screenshot-2025-04-19-at-10.07.09-783x450.jpg",783,450,true],"refined-magazine-carousel-img-landscape":["https:\/\/fibrainternacional.org\/wp-content\/uploads\/2025\/04\/Screenshot-2025-04-19-at-10.07.09-783x225.jpg",783,225,true],"refined-magazine-carousel-large-img":["https:\/\/fibrainternacional.org\/wp-content\/uploads\/2025\/04\/Screenshot-2025-04-19-at-10.07.09-1000x574.jpg",1000,574,true],"refined-magazine-carousel-large-img-landscape":["https:\/\/fibrainternacional.org\/wp-content\/uploads\/2025\/04\/Screenshot-2025-04-19-at-10.07.09-1000x287.jpg",1000,287,true],"refined-magazine-large-thumb":["https:\/\/fibrainternacional.org\/wp-content\/uploads\/2025\/04\/Screenshot-2025-04-19-at-10.07.09-1170x657.jpg",1170,657,true],"refined-magazine-small-thumb":["https:\/\/fibrainternacional.org\/wp-content\/uploads\/2025\/04\/Screenshot-2025-04-19-at-10.07.09-350x220.jpg",350,220,true]},"rttpg_author":{"display_name":"clearwaterdijk","author_link":"https:\/\/fibrainternacional.org\/?author=2"},"rttpg_comment":0,"rttpg_category":"<a href=\"https:\/\/fibrainternacional.org\/?cat=6\" rel=\"category\">Artigos<\/a> <a href=\"https:\/\/fibrainternacional.org\/?cat=197\" rel=\"category\">Colunistas<\/a> <a href=\"https:\/\/fibrainternacional.org\/?cat=332\" rel=\"category\">Outras autorias<\/a> <a href=\"https:\/\/fibrainternacional.org\/?cat=10\" rel=\"category\">Reportagens<\/a>","rttpg_excerpt":"Amsterdam, 18 de abril de 2025. Por Lu\u00edza Monteiro, para o site da Fibra@luiza.monteiro Hoje mais um dia somado ao jejum de Glauber. Nome dado","gt_translate_keys":[{"key":"link","format":"url"}],"_links":{"self":[{"href":"https:\/\/fibrainternacional.org\/index.php?rest_route=\/wp\/v2\/posts\/10537","targetHints":{"allow":["GET"]}}],"collection":[{"href":"https:\/\/fibrainternacional.org\/index.php?rest_route=\/wp\/v2\/posts"}],"about":[{"href":"https:\/\/fibrainternacional.org\/index.php?rest_route=\/wp\/v2\/types\/post"}],"author":[{"embeddable":true,"href":"https:\/\/fibrainternacional.org\/index.php?rest_route=\/wp\/v2\/users\/2"}],"replies":[{"embeddable":true,"href":"https:\/\/fibrainternacional.org\/index.php?rest_route=%2Fwp%2Fv2%2Fcomments&post=10537"}],"version-history":[{"count":1,"href":"https:\/\/fibrainternacional.org\/index.php?rest_route=\/wp\/v2\/posts\/10537\/revisions"}],"predecessor-version":[{"id":10539,"href":"https:\/\/fibrainternacional.org\/index.php?rest_route=\/wp\/v2\/posts\/10537\/revisions\/10539"}],"wp:featuredmedia":[{"embeddable":true,"href":"https:\/\/fibrainternacional.org\/index.php?rest_route=\/wp\/v2\/media\/10538"}],"wp:attachment":[{"href":"https:\/\/fibrainternacional.org\/index.php?rest_route=%2Fwp%2Fv2%2Fmedia&parent=10537"}],"wp:term":[{"taxonomy":"category","embeddable":true,"href":"https:\/\/fibrainternacional.org\/index.php?rest_route=%2Fwp%2Fv2%2Fcategories&post=10537"},{"taxonomy":"post_tag","embeddable":true,"href":"https:\/\/fibrainternacional.org\/index.php?rest_route=%2Fwp%2Fv2%2Ftags&post=10537"}],"curies":[{"name":"wp","href":"https:\/\/api.w.org\/{rel}","templated":true}]}}