{"id":10559,"date":"2025-07-15T12:11:57","date_gmt":"2025-07-15T10:11:57","guid":{"rendered":"https:\/\/fibrainternacional.org\/?p=10559"},"modified":"2025-07-15T12:21:54","modified_gmt":"2025-07-15T10:21:54","slug":"tic-tac","status":"publish","type":"post","link":"https:\/\/fibrainternacional.org\/?p=10559","title":{"rendered":"Tic tac &#8230;.","gt_translate_keys":[{"key":"rendered","format":"text"}]},"content":{"rendered":"\n<p>Nunca estivemos t\u00e3o perto da famosa &#8220;Tarda mas n\u00e3o falha!&#8221;<\/p>\n\n\n\n<p>14 de Julho de 2025.<\/p>\n\n\n\n<p>Lutamos incansavelmente por muitos anos denunciando os horrores, um por um &#8230;. <\/p>\n\n\n<div class=\"wp-block-image\">\n<figure class=\"alignright size-large is-resized\"><img fetchpriority=\"high\" decoding=\"async\" width=\"1024\" height=\"573\" src=\"http:\/\/fibrainternacional.org\/wp-content\/uploads\/2025\/07\/Screenshot-2025-07-15-at-11.21.14-1024x573.jpg\" alt=\"\" class=\"wp-image-10560\" style=\"width:230px;height:auto\" srcset=\"https:\/\/fibrainternacional.org\/wp-content\/uploads\/2025\/07\/Screenshot-2025-07-15-at-11.21.14-1024x573.jpg 1024w, https:\/\/fibrainternacional.org\/wp-content\/uploads\/2025\/07\/Screenshot-2025-07-15-at-11.21.14-300x168.jpg 300w, https:\/\/fibrainternacional.org\/wp-content\/uploads\/2025\/07\/Screenshot-2025-07-15-at-11.21.14-768x430.jpg 768w, https:\/\/fibrainternacional.org\/wp-content\/uploads\/2025\/07\/Screenshot-2025-07-15-at-11.21.14-1536x860.jpg 1536w, https:\/\/fibrainternacional.org\/wp-content\/uploads\/2025\/07\/Screenshot-2025-07-15-at-11.21.14-1170x655.jpg 1170w, https:\/\/fibrainternacional.org\/wp-content\/uploads\/2025\/07\/Screenshot-2025-07-15-at-11.21.14-600x336.jpg 600w, https:\/\/fibrainternacional.org\/wp-content\/uploads\/2025\/07\/Screenshot-2025-07-15-at-11.21.14.jpg 1920w\" sizes=\"(max-width: 1024px) 100vw, 1024px\" \/><figcaption class=\"wp-element-caption\">Screenshot<\/figcaption><\/figure>\n<\/div>\n\n\n<p>Gritamos alto e desesperados, pelas dores dos desconhecidos sem voz, dos sufocados sem ar e dos gemidos da morte, de muitos milhares, que pereceram pela f\u00faria do descaso e da usura, ao som do deboche de quem lhe falta a alma e carece de car\u00e1ter.<\/p>\n\n\n\n<p>O MAL &#8211; convidado de honra dos que agora estrebucham por uma justi\u00e7a \u00e0s avessas, foi voraz, mesquinho e destruidor. Seres sem luz e que agora no apagar das luzes de seus desesperos esperam um perd\u00e3o de que n\u00e3o s\u00e3o capazes&#8230; Esperam por benesses humanas que n\u00e3o praticam, sentem-se merecedores de privil\u00e9gios e os usam para violentar todas as formas de vida com suas boiadas malditas. Mal que foi a raz\u00e3o e a causa da lux\u00faria pelo desejo insaci\u00e1vel de destruir: a natureza, os miser\u00e1veis com fome, os homossexuais e as mulheres, os negros e os ind\u00edgenas. Seres desimportantes ante \u00e0 sede da ignor\u00e2ncia pelo poder.<\/p>\n\n\n\n<p>Sofremos. Mas caminhamos sem jamais abrir m\u00e3o da luta e da esperan\u00e7a. Estamos diante da hora da justi\u00e7a? Talvez. O esperan\u00e7ar nos anima. Aguardaremos. <\/p>\n\n\n\n<p>A hora \u00e9 de vigiar para que a fresta de Justi\u00e7a que se abre na Hist\u00f3ria seja a resposta para as lutas, os gemidos, as dores, as mortes e as boiadas que violaram a vida e a paz daqueles pelos quais movemos adiante as nossas humanidades. <\/p>\n\n\n\n<p>Cada golpista na cadeia.<\/p>\n\n\n\n<p>Sem anistia para golpista. <\/p>\n\n\n\n<p>Sem anistia!<\/p>\n\n\n\n<p>De Ana Isa v Dijk (Coletivo Amsterdam), para o site da Fibra<\/p>\n\n\n\n<hr class=\"wp-block-separator has-alpha-channel-opacity\"\/>\n\n\n\n<p class=\"has-background\" style=\"background-color:#fdf0f4\">Nota: Textos, cita\u00e7\u00f5es, e opini\u00f5es fornecidos pela autora s\u00e3o de sua exclusiva responsabilidade, e podem n\u00e3o expressar \u2013 no todo ou em parte, a opini\u00e3o dos integrantes da Fibra.<\/p>\n\n\n\n<p><\/p>\n","protected":false,"gt_translate_keys":[{"key":"rendered","format":"html"}]},"excerpt":{"rendered":"<p>Nunca estivemos t\u00e3o perto da famosa &#8220;Tarda mas n\u00e3o falha!&#8221; 14 de Julho de 2025. Lutamos incansavelmente por muitos anos denunciando os horrores, um por<\/p>\n","protected":false,"gt_translate_keys":[{"key":"rendered","format":"html"}]},"author":2,"featured_media":10560,"comment_status":"open","ping_status":"open","sticky":false,"template":"","format":"standard","meta":{"om_disable_all_campaigns":false,"_eb_attr":"","footnotes":""},"categories":[6,197,340,10],"tags":[],"class_list":["post-10559","post","type-post","status-publish","format-standard","has-post-thumbnail","hentry","category-artigos","category-colunistas","category-dijkana","category-reportagens","three-columns"],"aioseo_notices":[],"rttpg_featured_image_url":{"full":["https:\/\/fibrainternacional.org\/wp-content\/uploads\/2025\/07\/Screenshot-2025-07-15-at-11.21.14.jpg",1920,1075,false],"landscape":["https:\/\/fibrainternacional.org\/wp-content\/uploads\/2025\/07\/Screenshot-2025-07-15-at-11.21.14.jpg",1920,1075,false],"portraits":["https:\/\/fibrainternacional.org\/wp-content\/uploads\/2025\/07\/Screenshot-2025-07-15-at-11.21.14.jpg",1920,1075,false],"thumbnail":["https:\/\/fibrainternacional.org\/wp-content\/uploads\/2025\/07\/Screenshot-2025-07-15-at-11.21.14-150x150.jpg",150,150,true],"medium":["https:\/\/fibrainternacional.org\/wp-content\/uploads\/2025\/07\/Screenshot-2025-07-15-at-11.21.14-300x168.jpg",300,168,true],"large":["https:\/\/fibrainternacional.org\/wp-content\/uploads\/2025\/07\/Screenshot-2025-07-15-at-11.21.14-1024x573.jpg",640,358,true],"1536x1536":["https:\/\/fibrainternacional.org\/wp-content\/uploads\/2025\/07\/Screenshot-2025-07-15-at-11.21.14-1536x860.jpg",1536,860,true],"2048x2048":["https:\/\/fibrainternacional.org\/wp-content\/uploads\/2025\/07\/Screenshot-2025-07-15-at-11.21.14.jpg",1920,1075,false],"refined-magazine-carousel-img":["https:\/\/fibrainternacional.org\/wp-content\/uploads\/2025\/07\/Screenshot-2025-07-15-at-11.21.14-783x450.jpg",783,450,true],"refined-magazine-carousel-img-landscape":["https:\/\/fibrainternacional.org\/wp-content\/uploads\/2025\/07\/Screenshot-2025-07-15-at-11.21.14-783x225.jpg",783,225,true],"refined-magazine-carousel-large-img":["https:\/\/fibrainternacional.org\/wp-content\/uploads\/2025\/07\/Screenshot-2025-07-15-at-11.21.14-1000x574.jpg",1000,574,true],"refined-magazine-carousel-large-img-landscape":["https:\/\/fibrainternacional.org\/wp-content\/uploads\/2025\/07\/Screenshot-2025-07-15-at-11.21.14-1000x287.jpg",1000,287,true],"refined-magazine-large-thumb":["https:\/\/fibrainternacional.org\/wp-content\/uploads\/2025\/07\/Screenshot-2025-07-15-at-11.21.14-1170x655.jpg",1170,655,true],"refined-magazine-small-thumb":["https:\/\/fibrainternacional.org\/wp-content\/uploads\/2025\/07\/Screenshot-2025-07-15-at-11.21.14-350x220.jpg",350,220,true]},"rttpg_author":{"display_name":"clearwaterdijk","author_link":"https:\/\/fibrainternacional.org\/?author=2"},"rttpg_comment":0,"rttpg_category":"<a href=\"https:\/\/fibrainternacional.org\/?cat=6\" rel=\"category\">Artigos<\/a> <a href=\"https:\/\/fibrainternacional.org\/?cat=197\" rel=\"category\">Colunistas<\/a> <a href=\"https:\/\/fibrainternacional.org\/?cat=340\" rel=\"category\">DijkAna<\/a> <a href=\"https:\/\/fibrainternacional.org\/?cat=10\" rel=\"category\">Reportagens<\/a>","rttpg_excerpt":"Nunca estivemos t\u00e3o perto da famosa &#8220;Tarda mas n\u00e3o falha!&#8221; 14 de Julho de 2025. Lutamos incansavelmente por muitos anos denunciando os horrores, um por","gt_translate_keys":[{"key":"link","format":"url"}],"_links":{"self":[{"href":"https:\/\/fibrainternacional.org\/index.php?rest_route=\/wp\/v2\/posts\/10559","targetHints":{"allow":["GET"]}}],"collection":[{"href":"https:\/\/fibrainternacional.org\/index.php?rest_route=\/wp\/v2\/posts"}],"about":[{"href":"https:\/\/fibrainternacional.org\/index.php?rest_route=\/wp\/v2\/types\/post"}],"author":[{"embeddable":true,"href":"https:\/\/fibrainternacional.org\/index.php?rest_route=\/wp\/v2\/users\/2"}],"replies":[{"embeddable":true,"href":"https:\/\/fibrainternacional.org\/index.php?rest_route=%2Fwp%2Fv2%2Fcomments&post=10559"}],"version-history":[{"count":5,"href":"https:\/\/fibrainternacional.org\/index.php?rest_route=\/wp\/v2\/posts\/10559\/revisions"}],"predecessor-version":[{"id":10566,"href":"https:\/\/fibrainternacional.org\/index.php?rest_route=\/wp\/v2\/posts\/10559\/revisions\/10566"}],"wp:featuredmedia":[{"embeddable":true,"href":"https:\/\/fibrainternacional.org\/index.php?rest_route=\/wp\/v2\/media\/10560"}],"wp:attachment":[{"href":"https:\/\/fibrainternacional.org\/index.php?rest_route=%2Fwp%2Fv2%2Fmedia&parent=10559"}],"wp:term":[{"taxonomy":"category","embeddable":true,"href":"https:\/\/fibrainternacional.org\/index.php?rest_route=%2Fwp%2Fv2%2Fcategories&post=10559"},{"taxonomy":"post_tag","embeddable":true,"href":"https:\/\/fibrainternacional.org\/index.php?rest_route=%2Fwp%2Fv2%2Ftags&post=10559"}],"curies":[{"name":"wp","href":"https:\/\/api.w.org\/{rel}","templated":true}]}}