{"id":10622,"date":"2025-11-04T14:30:38","date_gmt":"2025-11-04T13:30:38","guid":{"rendered":"https:\/\/fibrainternacional.org\/?p=10622"},"modified":"2025-11-04T14:30:38","modified_gmt":"2025-11-04T13:30:38","slug":"saiu-do-brasil","status":"publish","type":"post","link":"https:\/\/fibrainternacional.org\/?p=10622","title":{"rendered":"Saiu do Brasil?","gt_translate_keys":[{"key":"rendered","format":"text"}]},"content":{"rendered":"\n<p><strong>Medinho do Le\u00e3o morder aquela poupan\u00e7a?\u00a0<\/strong><\/p>\n\n\n\n<p>Barcelona, 4 de novembro de 2025.<\/p>\n\n\n\n<p>Por <strong>Flavio Carvalho<\/strong>.<br>@1flaviocarvalho, soci\u00f3logo<\/p>\n\n\n\n<p class=\"has-text-align-right\" style=\"font-size:16px\">\u201cGosto de ficar ao Sol, Le\u00e3ozinho\u201d <br>(Caetano Veloso)\u00a0<\/p>\n\n\n<div class=\"wp-block-image\">\n<figure class=\"alignright size-large is-resized\"><img fetchpriority=\"high\" decoding=\"async\" width=\"1024\" height=\"573\" src=\"http:\/\/fibrainternacional.org\/wp-content\/uploads\/2025\/11\/Screenshot-2025-11-04-at-14.28.56-1024x573.jpg\" alt=\"\" class=\"wp-image-10623\" style=\"width:347px;height:auto\" srcset=\"https:\/\/fibrainternacional.org\/wp-content\/uploads\/2025\/11\/Screenshot-2025-11-04-at-14.28.56-1024x573.jpg 1024w, https:\/\/fibrainternacional.org\/wp-content\/uploads\/2025\/11\/Screenshot-2025-11-04-at-14.28.56-300x168.jpg 300w, https:\/\/fibrainternacional.org\/wp-content\/uploads\/2025\/11\/Screenshot-2025-11-04-at-14.28.56-768x430.jpg 768w, https:\/\/fibrainternacional.org\/wp-content\/uploads\/2025\/11\/Screenshot-2025-11-04-at-14.28.56-1536x860.jpg 1536w, https:\/\/fibrainternacional.org\/wp-content\/uploads\/2025\/11\/Screenshot-2025-11-04-at-14.28.56-1170x655.jpg 1170w, https:\/\/fibrainternacional.org\/wp-content\/uploads\/2025\/11\/Screenshot-2025-11-04-at-14.28.56-600x336.jpg 600w, https:\/\/fibrainternacional.org\/wp-content\/uploads\/2025\/11\/Screenshot-2025-11-04-at-14.28.56.jpg 1920w\" sizes=\"(max-width: 1024px) 100vw, 1024px\" \/><figcaption class=\"wp-element-caption\">Screenshot<\/figcaption><\/figure>\n<\/div>\n\n\n<p>Os algoritmos das pessoas brasileiras que vivem no exterior foram invadidos nos \u00faltimos dias por uma nova forma de terrorismo pol\u00edtico com base em <em>fake news<\/em>.\u00a0<\/p>\n\n\n\n<p>Para entender de forma \u00e1gil o que ler\u00e1 em seguida, acesse este v\u00eddeo:<\/p>\n\n\n\n<p><a href=\"https:\/\/www.instagram.com\/reel\/DQnBEsMDAUS\/?igsh=NzNndnNkY3lqYjl0\">https:\/\/www.instagram.com\/reel\/DQnBEsMDAUS\/?igsh=NzNndnNkY3lqYjl0<\/a><\/p>\n\n\n\n<p>Logo, poder\u00e1 compartilhar, curtir e seguir nossas redes sociais, se quiser.&nbsp;<\/p>\n\n\n\n<p>Acompanhei, recentemente, algo assustador. Uma enxurrada de pessoas perguntando aos organismos p\u00fablicos pela urg\u00eancia de fazer a Declara\u00e7\u00e3o de Sa\u00edda Definitiva do Brasil, de forma virtual, na Receita Federal.&nbsp;<\/p>\n\n\n\n<p>Analisei o fen\u00f4meno e n\u00e3o foi dif\u00edcil encontrar as causas, propositadamente inventadas, na maioria dos casos (n\u00e3o na sua totalidade, como veremos neste breve texto).&nbsp;<\/p>\n\n\n\n<p>Raz\u00f5es pol\u00edticas, evidentemente.\u00a0<\/p>\n\n\n\n<p>A Reforma Tribut\u00e1ria do atual governo brasileiro desagradou a oposi\u00e7\u00e3o fascista, defensora dos milion\u00e1rios (que os patrocina). Seguindo o terrorismo pol\u00edtico brasileiro, extensivo aos que moram fora do pa\u00eds, as redes se inundaram de not\u00edcias que diziam que o governo \u201ccomunista\u201d iria tomar parte da sua casa na periferia, confiscar as galinhas que voc\u00ea tem no quintal e fechar a igreja (isso, nada a ver; mas tamb\u00e9m entrou no pacote das <em>fakes<\/em>). Pessoas empobrecidas por aquela mesma pol\u00edtica (os famosos Analfabetos Pol\u00edticos, ou nem tanto) passaram a se preocupar pela amea\u00e7a aos ricos. Aqueles que deixar\u00e3o de pagar zero imposto por seus helic\u00f3pteros e jet-skis.\u00a0<\/p>\n\n\n\n<p>N\u00e3o \u00e9 dif\u00edcil perceber o quanto isso \u201ccontaminou\u201d o terrorismo pol\u00edtico sobre a Receita Federal, que soltou uma nova (pois, infelizmente, n\u00e3o foi a primeira vez) nota p\u00fablica nesta semana, desmentindo: est\u00e1 mantida a legisla\u00e7\u00e3o sobre esse assunto; desde o ano 2002; n\u00e3o havendo, portanto, nenhuma novidade ou significativa altera\u00e7\u00e3o.&nbsp;<\/p>\n\n\n\n<p>Mas, ent\u00e3o, porque tantas empresas e profissionais dedicados a isso (servi\u00e7os privados para ajudar brasileiros no exterior a enfrentar toda a burocracia de migrar) passaram a noticiar, como se houvesse uma urgente mudan\u00e7a e amea\u00e7a sem precedentes?<\/p>\n\n\n\n<p>Tamb\u00e9m pesquisei e encontrei algo interessante.&nbsp;<\/p>\n\n\n\n<p>Ainda antes do governo fascista, a Receita Federal iniciou o enfrentamento de um desafio t\u00e3o grande como aumentar o imposto dos milion\u00e1rios (e diminuir a carga tribut\u00e1ria dos mais pobres): aumentar a fiscaliza\u00e7\u00e3o dos milion\u00e1rios. Principalmente das grandes fortunas. E, assim, cruzando dados por meio de sofisticadas tecnologias usadas, com experi\u00eancia p\u00fablica, por outros governos, dedicaram-se seis anos para buscar o que tecnicamente se chama evas\u00e3o de divisas. Sonega\u00e7\u00e3o fiscal de grandes investimentos por meio de contas opacas em para\u00edsos fiscais. Em resumo, dinheiro de gente muito rica que, ilegalmente, n\u00e3o chegaria jamais a quem passa fome. Roubar dos famintos para dar aos grandes empres\u00e1rios brasileiros que moram na Su\u00ed\u00e7a, por exemplo (para usar uma linguagem ainda mais popular).&nbsp;<\/p>\n\n\n\n<p>Insisto que \u00e9 um debate pol\u00edtico, estrutural, sobre concep\u00e7\u00e3o de Estado e projeto de pa\u00eds. Um projeto pol\u00edtico de sociedade e de consci\u00eancia sobre o Bem P\u00fablico, e n\u00e3o meramente um debate t\u00e9cnico. Um projeto constru\u00eddo por meio de diminuir ou eliminar desigualdade social. Ou voc\u00ea acha mesmo que tudo isso era por causa do aluguel do apartamentinho de quarto e sala na periferia? Ou por medo de tributarem aquela aposentadoria por sal\u00e1rio m\u00ednimo que voc\u00ea tem no interior do Brasil?&nbsp;<\/p>\n\n\n\n<p>Eu n\u00e3o estou dizendo que isso n\u00e3o deva ou nem possa acontecer. Esse texto trata de Fazer a Coisa Certa. Ou, simplesmente, n\u00e3o a fazer. Mas n\u00e3o se trata de desinforma\u00e7\u00e3o. Todo o contr\u00e1rio.&nbsp;<\/p>\n\n\n\n<p>O terceiro e definitivo elemento \u00e9 mais evidente ainda.&nbsp;<\/p>\n\n\n\n<p>Migrar \u00e9 somar o enfrentamento de burocracias. Quando voc\u00ea estava no Brasil, pensava que j\u00e1 tinha suficiente e j\u00e1 estava de saco cheio. Da\u00ed, ent\u00e3o, por decis\u00e3o pr\u00f3pria, VOC\u00ca decidiu a vantagem de \u201campliar fronteiras\u201d. Isso acarreta a desvantagem (\u00f4nus e b\u00f4nus, lado bom e lado n\u00e3o t\u00e3o bom) de lidar, obrigatoriamente (porque assim VOC\u00ca escolheu; se n\u00e3o foi o caso de ter sido Obrigada a migrar) com duas burocracias, em outro idioma, adicionando xenofobia e racismo, etc.&nbsp;<\/p>\n\n\n\n<p>No enfrentamento desse novo desafio, encontrar\u00e1 dois tipos de apoios.&nbsp;<\/p>\n\n\n\n<p>O primeiro s\u00e3o as associa\u00e7\u00f5es, coletivos, projetos sociais, conselhos comunit\u00e1rios, sem finalidades de lucro, sejam estes brasileiros ou n\u00e3o. Aquelas pessoas e grupos que dedicam tempo volunt\u00e1rio para ajudar, com o caminho das pedras, \u201ca quem veio depois de mim\u201d.<\/p>\n\n\n\n<p>O segundo, divide-se em A e B. O A s\u00e3o profissionais qualificados, \u00e9ticos, devidamente cadastrados e com titularidade reconhecida nos organismos p\u00fablicos, com tabela de pre\u00e7os transparente e sem \u201cjeitinho\u201d. O B \u00e9 o oposto disso.<\/p>\n\n\n\n<p>Agora, responda, por favor, voc\u00ea mesmo, para encerrar esse breve texto de utilidade p\u00fablica:<\/p>\n\n\n\n<p>Quem voc\u00ea acha que foram os principais respons\u00e1veis por divulgar as <em>fake<\/em> <em>news<\/em> fascistas que obrigaram a Receita Federal a perder seu precioso tempo mais corrigindo isso do que dedicando-se a ajudar as pessoas que preferem fazer tudo bem feito, com tempo e Dentro da Lei?<\/p>\n\n\n\n<p class=\"has-background\" style=\"background-color:#f8f1dd\">Nesta Live, encontrar\u00e1 mais informa\u00e7\u00e3o de utilidade p\u00fablica e, entre outros assuntos, abordagem completa sobre esta (falsa) pol\u00eamica:<br><strong>Viajar e viver na Espanha<\/strong><br>\u00a0<a href=\"https:\/\/www.instagram.com\/abrascat_\/reel\/DPs9E30CPgc\/\">https:\/\/www.instagram.com\/abrascat_\/reel\/DPs9E30CPgc\/<\/a><a href=\"x-apple-ql-id2:\/\/\/word\/document.xml\"><\/a><\/p>\n\n\n\n<p>PS. Definitivo mesmo, s\u00f3 a morte. E n\u00e3o haver\u00e1 o menor problema de voltar a fazer sua declara\u00e7\u00e3o de Imposto de Renda no Brasil, se for o seu caso. Importante acabar dizendo que \u201cDespachante\u201d (lembra aqueles, na porta do DETRAN, no Brasil?) \u00e9 aquela pessoa que se vale da sua desinforma\u00e7\u00e3o ou inexperi\u00eancia para pregar terror e cobrar o dinheiro que voc\u00ea n\u00e3o tem para fazer, ele (que entende porque o faz, todo dia) que n\u00e3o faz outra coisa sen\u00e3o fazer aquilo que voc\u00ea mesmo, se soubesse ou buscando conhecimento poderia j\u00e1 fazer. Faz 20 anos que propomos ao Nosso Governo para nos escutar sobre isso e lidar com esse fen\u00f4meno que n\u00e3o vai acabar da noite pro dia, principalmente cobrindo d\u00e9ficits e brechas do atendimento ao p\u00fablico (que, sim, existe e eu os posso comprovar, se quiser). Para tudo o que n\u00e3o encontrar nesse texto, procure apoio, da melhor forma que aqui vos foi apresentada. E n\u00e3o esque\u00e7a daquele clich\u00ea: voc\u00ea pode sair do Brasil, mas ele Jamais sair\u00e1 de voc\u00ea!\u00a0<\/p>\n\n\n\n<p class=\"has-background\" style=\"background-color:#f8f1dd\">Assista a videoconfer\u00eancia sobre esse assunto, compartilhada pelas redes da&nbsp;<a href=\"http:\/\/www.fibrainternacional.org\/\">www.fibrainternacional.org<\/a><\/p>\n\n\n\n<p>Aquele abra\u00e7o.&nbsp;<\/p>\n\n\n\n<p>Flavio Carvalho<\/p>\n\n\n\n<hr class=\"wp-block-separator has-alpha-channel-opacity\"\/>\n\n\n\n<p class=\"has-background\" style=\"background-color:#faeabd\"><strong>Nota: <\/strong>Os textos, cita\u00e7\u00f5es e opini\u00f5es deste texto podem n\u00e3o expressar \u2013 no todo ou em parte, a opini\u00e3o dos Coletivos da Fibra.<\/p>\n","protected":false,"gt_translate_keys":[{"key":"rendered","format":"html"}]},"excerpt":{"rendered":"<p>Medinho do Le\u00e3o morder aquela poupan\u00e7a?\u00a0 Barcelona, 4 de novembro de 2025. Por Flavio Carvalho.@1flaviocarvalho, soci\u00f3logo \u201cGosto de ficar ao Sol, Le\u00e3ozinho\u201d (Caetano Veloso)\u00a0 Os<\/p>\n","protected":false,"gt_translate_keys":[{"key":"rendered","format":"html"}]},"author":2,"featured_media":10623,"comment_status":"open","ping_status":"open","sticky":false,"template":"","format":"standard","meta":{"om_disable_all_campaigns":false,"_eb_attr":"","footnotes":""},"categories":[10],"tags":[],"class_list":["post-10622","post","type-post","status-publish","format-standard","has-post-thumbnail","hentry","category-reportagens","three-columns"],"aioseo_notices":[],"rttpg_featured_image_url":{"full":["https:\/\/fibrainternacional.org\/wp-content\/uploads\/2025\/11\/Screenshot-2025-11-04-at-14.28.56.jpg",1920,1075,false],"landscape":["https:\/\/fibrainternacional.org\/wp-content\/uploads\/2025\/11\/Screenshot-2025-11-04-at-14.28.56.jpg",1920,1075,false],"portraits":["https:\/\/fibrainternacional.org\/wp-content\/uploads\/2025\/11\/Screenshot-2025-11-04-at-14.28.56.jpg",1920,1075,false],"thumbnail":["https:\/\/fibrainternacional.org\/wp-content\/uploads\/2025\/11\/Screenshot-2025-11-04-at-14.28.56-150x150.jpg",150,150,true],"medium":["https:\/\/fibrainternacional.org\/wp-content\/uploads\/2025\/11\/Screenshot-2025-11-04-at-14.28.56-300x168.jpg",300,168,true],"large":["https:\/\/fibrainternacional.org\/wp-content\/uploads\/2025\/11\/Screenshot-2025-11-04-at-14.28.56-1024x573.jpg",640,358,true],"1536x1536":["https:\/\/fibrainternacional.org\/wp-content\/uploads\/2025\/11\/Screenshot-2025-11-04-at-14.28.56-1536x860.jpg",1536,860,true],"2048x2048":["https:\/\/fibrainternacional.org\/wp-content\/uploads\/2025\/11\/Screenshot-2025-11-04-at-14.28.56.jpg",1920,1075,false],"refined-magazine-carousel-img":["https:\/\/fibrainternacional.org\/wp-content\/uploads\/2025\/11\/Screenshot-2025-11-04-at-14.28.56-783x450.jpg",783,450,true],"refined-magazine-carousel-img-landscape":["https:\/\/fibrainternacional.org\/wp-content\/uploads\/2025\/11\/Screenshot-2025-11-04-at-14.28.56-783x225.jpg",783,225,true],"refined-magazine-carousel-large-img":["https:\/\/fibrainternacional.org\/wp-content\/uploads\/2025\/11\/Screenshot-2025-11-04-at-14.28.56-1000x574.jpg",1000,574,true],"refined-magazine-carousel-large-img-landscape":["https:\/\/fibrainternacional.org\/wp-content\/uploads\/2025\/11\/Screenshot-2025-11-04-at-14.28.56-1000x287.jpg",1000,287,true],"refined-magazine-large-thumb":["https:\/\/fibrainternacional.org\/wp-content\/uploads\/2025\/11\/Screenshot-2025-11-04-at-14.28.56-1170x655.jpg",1170,655,true],"refined-magazine-small-thumb":["https:\/\/fibrainternacional.org\/wp-content\/uploads\/2025\/11\/Screenshot-2025-11-04-at-14.28.56-350x220.jpg",350,220,true]},"rttpg_author":{"display_name":"clearwaterdijk","author_link":"https:\/\/fibrainternacional.org\/?author=2"},"rttpg_comment":1,"rttpg_category":"<a href=\"https:\/\/fibrainternacional.org\/?cat=10\" rel=\"category\">Reportagens<\/a>","rttpg_excerpt":"Medinho do Le\u00e3o morder aquela poupan\u00e7a?\u00a0 Barcelona, 4 de novembro de 2025. Por Flavio Carvalho.@1flaviocarvalho, soci\u00f3logo \u201cGosto de ficar ao Sol, Le\u00e3ozinho\u201d (Caetano Veloso)\u00a0 Os","gt_translate_keys":[{"key":"link","format":"url"}],"_links":{"self":[{"href":"https:\/\/fibrainternacional.org\/index.php?rest_route=\/wp\/v2\/posts\/10622","targetHints":{"allow":["GET"]}}],"collection":[{"href":"https:\/\/fibrainternacional.org\/index.php?rest_route=\/wp\/v2\/posts"}],"about":[{"href":"https:\/\/fibrainternacional.org\/index.php?rest_route=\/wp\/v2\/types\/post"}],"author":[{"embeddable":true,"href":"https:\/\/fibrainternacional.org\/index.php?rest_route=\/wp\/v2\/users\/2"}],"replies":[{"embeddable":true,"href":"https:\/\/fibrainternacional.org\/index.php?rest_route=%2Fwp%2Fv2%2Fcomments&post=10622"}],"version-history":[{"count":1,"href":"https:\/\/fibrainternacional.org\/index.php?rest_route=\/wp\/v2\/posts\/10622\/revisions"}],"predecessor-version":[{"id":10624,"href":"https:\/\/fibrainternacional.org\/index.php?rest_route=\/wp\/v2\/posts\/10622\/revisions\/10624"}],"wp:featuredmedia":[{"embeddable":true,"href":"https:\/\/fibrainternacional.org\/index.php?rest_route=\/wp\/v2\/media\/10623"}],"wp:attachment":[{"href":"https:\/\/fibrainternacional.org\/index.php?rest_route=%2Fwp%2Fv2%2Fmedia&parent=10622"}],"wp:term":[{"taxonomy":"category","embeddable":true,"href":"https:\/\/fibrainternacional.org\/index.php?rest_route=%2Fwp%2Fv2%2Fcategories&post=10622"},{"taxonomy":"post_tag","embeddable":true,"href":"https:\/\/fibrainternacional.org\/index.php?rest_route=%2Fwp%2Fv2%2Ftags&post=10622"}],"curies":[{"name":"wp","href":"https:\/\/api.w.org\/{rel}","templated":true}]}}