{"id":10625,"date":"2025-11-07T07:17:46","date_gmt":"2025-11-07T06:17:46","guid":{"rendered":"https:\/\/fibrainternacional.org\/?p=10625"},"modified":"2025-11-07T07:17:47","modified_gmt":"2025-11-07T06:17:47","slug":"manifesto-premio-nobel-da-paz-2025","status":"publish","type":"post","link":"https:\/\/fibrainternacional.org\/?p=10625","title":{"rendered":"Manifesto Pr\u00eamio Nobel da Paz 2025","gt_translate_keys":[{"key":"rendered","format":"text"}]},"content":{"rendered":"\n<p><strong>Manifesto\u00a0 ao<\/strong> <strong>Comit\u00ea Noruegu\u00eas do Pr\u00eamio Nobel<\/strong>, <strong>por premiar personalidade que combate a paz e se coloca a servi\u00e7o de solu\u00e7\u00f5es armadas e colonialistas<\/strong>.<\/p>\n\n\n<div class=\"wp-block-image\">\n<figure class=\"alignright size-large is-resized\"><img fetchpriority=\"high\" decoding=\"async\" width=\"1024\" height=\"573\" src=\"http:\/\/fibrainternacional.org\/wp-content\/uploads\/2025\/11\/Screenshot-2025-11-07-at-06.56.54-1024x573.jpg\" alt=\"\" class=\"wp-image-10626\" style=\"width:237px;height:auto\" srcset=\"https:\/\/fibrainternacional.org\/wp-content\/uploads\/2025\/11\/Screenshot-2025-11-07-at-06.56.54-1024x573.jpg 1024w, https:\/\/fibrainternacional.org\/wp-content\/uploads\/2025\/11\/Screenshot-2025-11-07-at-06.56.54-300x168.jpg 300w, https:\/\/fibrainternacional.org\/wp-content\/uploads\/2025\/11\/Screenshot-2025-11-07-at-06.56.54-768x430.jpg 768w, https:\/\/fibrainternacional.org\/wp-content\/uploads\/2025\/11\/Screenshot-2025-11-07-at-06.56.54-1536x860.jpg 1536w, https:\/\/fibrainternacional.org\/wp-content\/uploads\/2025\/11\/Screenshot-2025-11-07-at-06.56.54-1170x655.jpg 1170w, https:\/\/fibrainternacional.org\/wp-content\/uploads\/2025\/11\/Screenshot-2025-11-07-at-06.56.54-600x336.jpg 600w, https:\/\/fibrainternacional.org\/wp-content\/uploads\/2025\/11\/Screenshot-2025-11-07-at-06.56.54.jpg 1920w\" sizes=\"(max-width: 1024px) 100vw, 1024px\" \/><figcaption class=\"wp-element-caption\">Screenshot<\/figcaption><\/figure>\n<\/div>\n\n\n<p>N\u00f3s, mulheres e homens, assim como organiza\u00e7\u00f5es de diferentes regi\u00f5es\u00a0 do planeta, defensoras de valores humanistas, feministas, democr\u00e1ticos, pela justi\u00e7a social e pela paz mundial, repudiamos veementemente o Pr\u00eamio Nobel da Paz dado pelo Comit\u00ea Noruegu\u00eas do Nobel \u00e0 venezuelana Mar\u00eda Corina Machado. A premiada n\u00e3o nos representa nem aos verdadeiros\u00a0 incans\u00e1veis ativistas pela paz. Ao rev\u00e9s, as palavras e atos da sra, Machado clamam pela interven\u00e7\u00e3o armada de poderes estrangeiros em seu pa\u00eds. Dado o cen\u00e1rio de for\u00e7as e equipamentos militares dos EUA mobilizados nas proximidades da Venezuela e apoiados pela laureada, alertamos que o Comit\u00ea colocou o Pr\u00eamio Nobel da Paz a servi\u00e7o da guerra e n\u00e3o da paz.<\/p>\n\n\n\n<p>Segundo o testamento do sueco <a href=\"https:\/\/pt.wikipedia.org\/wiki\/Alfred_Nobel\">Alfred Bernhard Nobel<\/a> o pr\u00eamio Nobel da Paz \u00e9 &#8220;para a pessoa que tenha feito o maior ou o melhor trabalho pela fraternidade entre na\u00e7\u00f5es, pela aboli\u00e7\u00e3o ou redu\u00e7\u00e3o dos ex\u00e9rcitos permanentes e pela manuten\u00e7\u00e3o e promo\u00e7\u00e3o de congressos de paz.&#8221;<\/p>\n\n\n\n<p>Este pr\u00eamio \u00e9 importante para pessoas ou institui\u00e7\u00f5es que lutam, que s\u00e3o perseguidas, oprimidas, ou amea\u00e7adas, assim como para aqueles que atuam com palavras e\/ou a\u00e7\u00f5es para uma conviv\u00eancia mais justa, fraterna e solid\u00e1ria. Com erros e acertos o fato \u00e9 que a institui\u00e7\u00e3o tem um enorme peso. \u00c9, portanto, uma grande dor ver o aviltamento deste relevante pr\u00eamio, que tanto pode colaborar a um mundo melhor.<\/p>\n\n\n\n<p>Declaramos e pedimos que se compartilhe nossa enorme decep\u00e7\u00e3o.<\/p>\n\n\n\n<p><strong><em>O Pr\u00eamio da Paz e a premia\u00e7\u00e3o de 2025&nbsp;<\/em><\/strong><\/p>\n\n\n\n<p>Ter uma mulher premiada para o Nobel deveria ser raz\u00e3o de orgulho, ante o massivo n\u00famero de premia\u00e7\u00f5es masculinas, ainda mais uma mulher latino-americana, regi\u00e3o onde encontramos personalidades inspiradoras. Afinal, mulheres do mundo inteiro lutam todos os dias para sobreviver com dignidade, assim como buscam criar suas fam\u00edlias, mesmo submetidas a longas jornadas de trabalho.&nbsp;&nbsp;<\/p>\n\n\n\n<p>Muitas v\u00e3o al\u00e9m. Despendem horas do seu cotidiano, do seu tempo de vida para atuar por causas nobres, visando atender comunidades e situa\u00e7\u00f5es complexas e de vulnerabilidade. Estas mulheres merecem visibilidade e apoio. Pr\u00eamios as fortificam para seguir atuando apesar dos riscos e das dificuldades.<\/p>\n\n\n\n<p>Na Am\u00e9rica Latina, de onde vem a premiada, mulheres sabem muito bem o que s\u00e3o ditaduras! Muitos regimes autorit\u00e1rios usaram a viol\u00eancia como forma de domina\u00e7\u00e3o do poder do Estado nesta regi\u00e3o. Gra\u00e7as a muitas destas hero\u00ednas vivemos um momento hist\u00f3rico em que o uso de tortura, morte e desaparecimento cometidos pelo Estado est\u00e3o em&nbsp; decl\u00ednio.&nbsp;<\/p>\n\n\n\n<p>S\u00e3o exemplos mulheres como Eunice Paiva, h\u00e1 pouco retratada no filme \u201cAinda Estou Aqui\u201d (vencedor do Oscar 2025), que viram seus maridos arrancados do lar e seguiram lutando ou como Estela de Carlotto, das av\u00f3s da Pra\u00e7a de Maio, que at\u00e9 hoje buscam netos sequestrados pela ditadura c\u00edvico-militar da Argentina. S\u00e3o as camponesas, ind\u00edgenas, negras, brancas, mesti\u00e7as, mulatas, v\u00edtimas ou familiares de v\u00edtimas que lutaram pelo fim do poder de Estado em definir vida e morte. S\u00e3o mulheres que n\u00e3o se aninham em governos que querem interferir, boicotar e invadir suas na\u00e7\u00f5es. N\u00e3o pedem por golpes, nem intencionam vender patrim\u00f4nio do seu povo em troca de benef\u00edcios nebulosos. E jamais pedem por invasores! Estes exemplos de atua\u00e7\u00e3o se colocam no campo oposto ao que simboliza Corina Machado.<\/p>\n\n\n\n<p><strong><em>Origem e ativismo por neg\u00f3cios e n\u00e3o por di\u00e1logo e paz<\/em><\/strong><\/p>\n\n\n\n<p>Filha de fam\u00edlia abastada h\u00e1 gera\u00e7\u00f5es na Venezuela, a sra. Machado sempre esteve no topo do ranking social do seu pa\u00eds, estudou em escola de elite em Caracas e nos Estados Unidos. Sempre teve servidores \u00e0 sua volta e um bom apoio em d\u00f3lares, inclusive vindos dos EUA (atrav\u00e9s de ONGs como S\u00daMATE).&nbsp;<\/p>\n\n\n\n<p>Com familiaridade no mundo empresarial, seja por casamento, seja por conviver com sua classe social, a sra. Machado busca o retorno das empresas que foram estatizadas pelos governos chavistas aos antigos propriet\u00e1rios. Incluindo-se as empresas de sua fam\u00edlia, Machado coloca os interesses pessoais como objetivo do seu ativismo.&nbsp;<\/p>\n\n\n\n<p>As inten\u00e7\u00f5es da premiada s\u00e3o as melhores para os grupos que dominavam a Venezuela e que pouco se importaram de fazer de seu pa\u00eds exemplo mundial de concentra\u00e7\u00e3o de renda em que poucas pessoas dispunham de riquezas e muitas viviam em condi\u00e7\u00f5es de miserabilidade \u00e0 volta. Trata-se de uma incans\u00e1vel defensora de privil\u00e9gios de classe. N\u00e3o de fraternidade e paz.<\/p>\n\n\n\n<p><strong><em>Imposi\u00e7\u00e3o e san\u00e7\u00f5es em vez de di\u00e1logo e solidariedade ao seu pr\u00f3prio povo<\/em><\/strong><\/p>\n\n\n\n<p>Independentemente do que se pense do governo da Venezuela, fato \u00e9 que encontramos imprensa livre e opositores tanto nos parlamentos quanto ocupando governos regionais.\u00a0No entanto, a sra. Machado n\u00e3o busca di\u00e1logo com estes outros opositores.&nbsp; Considera que s\u00e3o submetidos ao presidente em exerc\u00edcio de seu pa\u00eds. N\u00e3o \u00e9 uma figura nem unificadora nem respeitosa de opini\u00f5es divergentes, v\u00ea a sua op\u00e7\u00e3o como&nbsp; a \u00fanica a ser&nbsp; considerada e sua atitude \u00e9 ser oposi\u00e7\u00e3o de&nbsp; confronto ao inv\u00e9s de oposi\u00e7\u00e3o de argumentos, di\u00e1logo, negocia\u00e7\u00e3o e busca de melhores condi\u00e7\u00f5es para seu povo.<\/p>\n\n\n\n<p>A respeito das diversas san\u00e7\u00f5es contra a sua na\u00e7\u00e3o, promovidas pelos EUA, Reino Unido e Uni\u00e3o Europeia que provocam fome, falta de medicamentos e insumos industriais, causando mortes e doen\u00e7as, Machado nunca teve uma iniciativa de amenizar esta situa\u00e7\u00e3o, mesmo durante a pandemia. <em>Ao contr\u00e1rio, tem diversos v\u00eddeos gravados e entrevistas em que expressa querer mais san\u00e7\u00f5es e ser esta a melhor via para se derrubar o governo do pa\u00eds, inclusive com uso de for\u00e7a\u00a0 militar internacional.<\/em><\/p>\n\n\n\n<p><strong>Pedidos de paz? N\u00e3o! De interven\u00e7\u00e3o militar ou a\u00e7\u00f5es de boicote<\/strong><\/p>\n\n\n\n<p>Esta talvez seja a mais contundente raz\u00e3o dos pacifistas se colocarem contr\u00e1rios a esta premia\u00e7\u00e3o vendo nele&nbsp; uma sombria consequ\u00eancia.&nbsp;<\/p>\n\n\n\n<p>Em 2018 Machado&nbsp; publicou carta a Netanyahu pedindo para derrocar o presente governo da Venezuela e invadi-lo, recentemente,&nbsp; em <em>1 de outubro de 2025 expressou&nbsp; ao&nbsp; Financial Times apoiar que os EUA derrubem o governo do seu pa\u00eds<\/em>.&nbsp;<\/p>\n\n\n\n<p>Considerando que em&nbsp; 2 de setembro deste ano de 2025, os Estados Unidos bombardearam embarca\u00e7\u00f5es no mar Caribe, frente \u00e0 costa da Venezuela em \u00e1guas internacionais, causando a morte de pessoas, alegando ser traficantes sem apresentar qualquer ind\u00edcio consistente, isso cria clima de tens\u00e3o e poss\u00edvel escalada armamentista de ambos lados. Todo o contr\u00e1rio do predicado por Albert Nobel.<\/p>\n\n\n\n<p><strong>Sra&nbsp; Machado compactua com a invas\u00e3o armada de seu pa\u00eds<\/strong><\/p>\n\n\n\n<p>Com a falsa narrativa de haver conex\u00e3o de carteis de drogas e o governo de seu pa\u00eds sem indicar qualquer ind\u00edcio concreto que n\u00e3o sejam palavras ao ar, a sra. Machado busca atrair a pol\u00edtica antidrogas estadunidense cujos efeitos nunca se comprovaram, oferecendo sua p\u00e1tria a ataques armados.&nbsp;<\/p>\n\n\n\n<p>Ao ser laureada com o Nobel da Paz, Machado legitima o posicionamento estadunidense atual em rela\u00e7\u00e3o \u00e0 Venezuela e a a\u00e7\u00f5es beligerantes no Caribe: navios de guerra\u00a0e um\u00a0submarino de propuls\u00e3o nuclear\u00a0e mais de\u00a04.500 soldados\u00a0dos EUA est\u00e3o na regi\u00e3o.\u00a0Ora, a Venezuela tem fronteiras com v\u00e1rios pa\u00edses da Am\u00e9rica Latina, fazemos nossas as palavras do mandat\u00e1rio colombiano Gustavo Petro: <strong>\u201c<\/strong>libera\u00e7\u00e3o \u00e9 que se retirem as for\u00e7as militares estrangeiras que n\u00e3o s\u00f3 amea\u00e7an a Venezuela, como a todo o Caribe, incluido Colombia\u201d ou \u201celei\u00e7\u00f5es sob bloqueo, m\u00edsseis e dinheiros n\u00e3o s\u00e3o livres\u201d Inclu\u00edmos tamb\u00e9m o risco que a Am\u00e9rica do Sul seja atingida pelo \u00e2nimo belicoso da sra. Machado.&nbsp;<\/p>\n\n\n\n<p>Estas s\u00e3o apenas algumas das raz\u00f5es do nosso rep\u00fadio a este Pr\u00eamio indevidamente dado a quem trabalha contra a paz, contra seu pr\u00f3prio povo numa perspectiva colonialista e promove situa\u00e7\u00f5es de alto risco a conflagra\u00e7\u00e3o de uma guerra generalizada na Am\u00e9rica do Sul e no Caribe.\u00a0<\/p>\n\n\n\n<p>Assinaturas:<\/p>\n\n\n\n<p>FIBRA \u2013 Frente Internacional Brasileira Contra o Golpe e pela Democracia<\/p>\n\n\n\n<p>Amsterdam pela Democracia no Brasil<\/p>\n\n\n\n<p>Defend Democracy in Brazil UK<\/p>\n\n\n\n<p>Grupo Marielle Vive<\/p>\n\n\n\n<p>Coletivo AFROBRAS&nbsp;<\/p>\n\n\n\n<p>BRASILEIRAS E BRASILEIROS PELA DEMOCRACIA<\/p>\n\n\n\n<p>Collectif Alerte France Br\u00e9sil<\/p>\n\n\n\n<p>Instituto Casa Ilharga<\/p>\n\n\n\n<p>PRIVATIZAR FAZ MAL AO BRASIL REAGE BRASILEIRO<\/p>\n\n\n\n<p>Comit\u00ea Internacional Lula Genebra<\/p>\n\n\n\n<p>Ideraldo Luiz Beltrame<\/p>\n\n\n\n<p>Angelo Colarullo Filho<\/p>\n\n\n\n<p>Juzemildo Albino da Silva<\/p>\n\n\n\n<p>Elenice Mouro Varanda<\/p>\n\n\n\n<p>Luiz Mario N Dias<\/p>\n\n\n\n<p>Rebeca Roseli Lang<\/p>\n\n\n\n<p>Cristina Delgado<\/p>\n\n\n\n<p>Dalila Ribeiro Sousa Brand\u00e3o<\/p>\n\n\n\n<p>Maisa Aparecida Fernandes<\/p>\n\n\n\n<p>Maria Ad\u00e9lia Bevilacqua da Matta Mielli<\/p>\n\n\n\n<p>Reyna Destro Nogueira<\/p>\n\n\n\n<p>Paulo Is\u00e1iron da Silva Oliveira<\/p>\n\n\n\n<p>Ricardo da Gama Rosa Costa<\/p>\n\n\n\n<p>Angela Carvalho de Siqueira<\/p>\n\n\n\n<p>Vania Lopes Diniz<\/p>\n\n\n\n<p>Marli Almeida<\/p>\n\n\n\n<p>Ligia Bernardo Machado<\/p>\n\n\n\n<p>Valdir Lopes<\/p>\n\n\n\n<p>Leila Moreira Dur\u00e3es<\/p>\n\n\n\n<p>Marcelo Abreu<\/p>\n\n\n\n<p>Veronique Ballot<\/p>\n\n\n\n<p>Lindinalva Laurindo da Silva<\/p>\n\n\n\n<p>Maria de F\u00e1tima Souza Cavalcante<\/p>\n\n\n\n<p>Lia Lucas<\/p>\n\n\n\n<p>Bernardo Furrer<\/p>\n\n\n\n<p>Antonio Corr\u00eaa de Lacerda<\/p>\n\n\n\n<p>Francisco Carlos de Oliveira<\/p>\n\n\n\n<p>Beatriz Cintra Labaki<\/p>\n\n\n\n<p>Dilcirley de carvalho Alves<\/p>\n\n\n\n<p>Karla Sant&#8217;Anna de Moura Coutinho<\/p>\n\n\n\n<p>Cl\u00e1udia Lukianchuki<\/p>\n\n\n\n<p>Simone Da Silva<\/p>\n\n\n\n<p>Roger Troyjo<\/p>\n\n\n\n<p>Marluce Perdig\u00e3o<\/p>\n\n\n\n<p>Ermeson Vieira<\/p>\n\n\n\n<p>Elzario Pereira da Silva J\u00fanior<\/p>\n\n\n\n<p>Heike Weege<\/p>\n\n\n\n<p>Virginie Boutaud<\/p>\n\n\n\n<p>Jos\u00e9 Lauro Sampaio Azevedo<\/p>\n\n\n\n<p>Dalva Nicolucci<\/p>\n\n\n\n<p>Wellington Leonardo da Silva<\/p>\n\n\n\n<p>Luciano Zanetti<\/p>\n\n\n\n<p>Sonia Valeria de Deus<\/p>\n\n\n\n<p>D\u00eanis Gottardi Ferreira<\/p>\n\n\n\n<p>Nagib Abdala Filho<\/p>\n\n\n\n<p>Verli Luiz Esteves<\/p>\n\n\n\n<p>Helio Fernando Muylaert da Silva Lima<\/p>\n\n\n\n<p>Maria Auxiliadora Favacho de Freitas<\/p>\n\n\n\n<p>Adilea Rodrigues da Silva<\/p>\n\n\n\n<p>Antonia Maria Nakayama<\/p>\n\n\n\n<p>Raphael Jannuzzi Pe\u00e7anha<\/p>\n\n\n\n<p>Cecilia Figueira<\/p>\n\n\n\n<p>Ediogenes Aragao Santos<\/p>\n\n\n\n<p>Valdir Menezes Soares da Cruz<\/p>\n\n\n\n<p>Rosilea Maria Roldi Wille<\/p>\n\n\n\n<p>Patr\u00edcia de Almeida Ramos<\/p>\n\n\n\n<p>Claudia Maria Costa Alves de Oliveira<\/p>\n\n\n\n<p>Ana Maria Carvalho Rumbelsperger<\/p>\n\n\n\n<p>Maria In\u00eas Souza Bravo<\/p>\n\n\n\n<p>Ilza Figueiredo de Oliveira<\/p>\n\n\n\n<p>Ester F de Oliveira<\/p>\n\n\n\n<p>Carla Maria Rodrigues Pereira<\/p>\n\n\n\n<p>Carla Figueiredo de Oliveira<\/p>\n\n\n\n<p>Ana Cristina Jeunon<\/p>\n\n\n\n<p>Andr\u00e9 Laino<\/p>\n\n\n\n<p>Jorge Carvalho Pereira da Silva<\/p>\n\n\n\n<p>Sybille Richter<\/p>\n\n\n\n<p>Maria Beatriz Pimentel dos Santos Silva<\/p>\n\n\n\n<p>Jos\u00e9 Mauricio Oropeza Garc\u00eda<\/p>\n\n\n\n<p>Natalia Quintero<\/p>\n\n\n\n<p>Roberta dos Santos Nunes<\/p>\n\n\n\n<p>Claudia Maria Costa Alves de Oliveira<\/p>\n\n\n\n<p>C\u00e9lia Alldridge<\/p>\n\n\n\n<p>Gloria Oliveira<\/p>\n\n\n\n<p>Lier Pires Ferreira<\/p>\n\n\n\n<p>Alda Passos<\/p>\n\n\n\n<p>Da cruz Edivaldo<\/p>\n\n\n\n<p>Marcella Camerano<\/p>\n\n\n\n<p>Leticia Coutinho<\/p>\n\n\n\n<p>Maria Luiza Franco Busse<\/p>\n\n\n\n<p>Denise da Veiga Alves<\/p>\n\n\n\n<p>M\u00e1rcia Nunes Farias de Souza<\/p>\n\n\n\n<p>Fernanda de Oliveira<\/p>\n\n\n\n<p>Liliana Ishihata&nbsp;<\/p>\n\n\n\n<p>Delmina Machado&nbsp;<\/p>\n\n\n\n<p>Denise Maria de Mello Marsili&nbsp;<\/p>\n\n\n\n<p>Sonia Maria Manso Vieira&nbsp;<\/p>\n\n\n\n<p>T\u00e2nia Gerbi Veiga<\/p>\n\n\n\n<p>Rejane Maria Stuntebeck&nbsp;<\/p>\n\n\n\n<p>Magaly Ezequiel&nbsp;<\/p>\n\n\n\n<p>Berthoud Denis<\/p>\n\n\n\n<p>Luiz Antonio da Silva<\/p>\n\n\n\n<p>Marta Val\u00e9ria de Andrade Cunha Sponton&nbsp;<\/p>\n\n\n\n<hr class=\"wp-block-separator has-alpha-channel-opacity\"\/>\n\n\n\n<ol class=\"wp-block-list\">\n<li class=\"has-small-font-size\"><a href=\"https:\/\/web.archive.org\/web\/20130530222747\/http:\/www.nobelprize.org\/alfred_nobel\/will\/short_testamente.html\">Excerpt from the Will of Alfred Nobel<\/a>\u00a0(em ingl\u00eas).\u00a0<a href=\"https:\/\/pt.wikipedia.org\/wiki\/Funda%C3%A7%C3%A3o_Nobel\">Funda\u00e7\u00e3o Nobel<\/a>. Consultado em 6 de outubro de 2011. Arquivado do\u00a0<a href=\"http:\/\/www.nobelprize.org\/alfred_nobel\/will\/short_testamente.html\">original<\/a>\u00a0em 30 de maio de 2013.<\/li>\n\n\n\n<li class=\"has-small-font-size\">\u00a0Ainda que detectamos haver viola\u00e7\u00f5es por poderes setoriais de Estado em algumas situa\u00e7\u00f5es, assim como em \u00e1reas da\u00a0 Am\u00e9rica Central, a\u00a0 presen\u00e7a das mulheres contra estas pr\u00e1ticas se faz sentir.<\/li>\n\n\n\n<li class=\"has-small-font-size\">A origem de classe n\u00e3o determina ideais, temos o exemplo da falecida Princesa Diana, nobre, rica e influente, tendo se\u00a0 dedicado \u00e0 elimina\u00e7\u00e3o de minas terrestres antipessoais.<\/li>\n\n\n\n<li class=\"has-small-font-size\">Em 2003 o NED- National Endowment for Democracy (com estreitas conex\u00f5es com a CIA visando estabelecer regimes favor\u00e1veis \u00e0 Casa Branca, como revelado pelo jornal The Washington Post) come\u00e7ou a financiar a organiza\u00e7\u00e3o S\u00daMATE, alegando ser uma entidade da\u00a0 sociedade civil organizada independente na Venezuela, quando na verdade, era uma ONG custeada pelos EUA para derrubar Chaves e cuja diretora era nada menos que&#8230; Corina Machado.<\/li>\n\n\n\n<li class=\"has-small-font-size\">A empresa Sidetur depois de uma greve de trabalhadores por\u00a0 sa\u00fade e condi\u00e7\u00f5es de seguran\u00e7a que durou meses foi estatizada por Chaves. In Reuters, November 1, 2010.<\/li>\n\n\n\n<li class=\"has-small-font-size\">A elite venezuelana, uma das mais ricas da Am\u00e9rica Latina,\u00a0 orgulhava-se de ser a maior consumidora de u\u00edsque no mundo, somando-se ter f\u00e9rias em Miami em hot\u00e9is de luxo. Um PIB alto pelo petr\u00f3leo com um baix\u00edssimo n\u00edvel de vida da maioria da popula\u00e7\u00e3o era exemplo cl\u00e1ssico nos Manuais de Estudos de Economia Pol\u00edtica.\u00a0<\/li>\n\n\n\n<li class=\"has-small-font-size\">al\u00e9m de criar um\u00a0 doentio e equivocado conceito de comunismo, por demais abrangente, englobando\u00a0 a tudo que diverge de seu ponto de vista.\u00a0<\/li>\n\n\n\n<li class=\"has-small-font-size\">Os EUA enviaram 8 embarca\u00e7\u00f5es, sendo 3 destroyers, 2 barcos de\u00a0 transporte de anf\u00edbios, q cruzador de m\u00edsseis guiados,\u00a0 1 anf\u00edbio de assalto e 1 submarino nuclear. OS EUA at\u00e9 o momento mataram 27 pessoas, destru\u00edram 8 embarca\u00e7\u00f5es e empregam 10.000 militares mobilizados. \u201cVenezuela inicia exerc\u00edcios militares em ilha do Caribe em meio a tens\u00f5es com os EUA\u201d, in G1,\u00a0 17\/09\/2025 16h15.\u00a0\u00a0Atualizado\u00a0h\u00e1 um m\u00eas.<\/li>\n\n\n\n<li class=\"has-small-font-size\">Tr\u00eas territoriais: Brasil, Guiana e Col\u00f4mbia e outros com fronteiras aqu\u00e1ticas, pelo Mar do Caribe e Oceano Atl\u00e2ntico, com limites definidos inclusive\u00a0 com\u00a0os <a href=\"https:\/\/es.wikipedia.org\/wiki\/Estados_Unidos\">Estados Unidos<\/a>\u00a0&#8211; atrav\u00e9s de Puerto Rico e das Ilhas Virgens norte-americanas, assim como com membros da OTAN como o\u00a0<a href=\"https:\/\/es.wikipedia.org\/wiki\/Reino_de_los_Pa%C3%ADses_Bajos\">Reino dos Pa\u00edses Baixos<\/a> (Aruba, Cura\u00e7ao, Bonaire, Saba e San Eustaquio),\u00a0a <a href=\"https:\/\/es.wikipedia.org\/wiki\/Francia\">Fran\u00e7a<\/a> (Martinica e Guadalupe.<\/li>\n\n\n\n<li class=\"has-small-font-size\">El Tiempo 13.10.2025 &#8211; 11:38 de Col\u00f4mbia.<\/li>\n<\/ol>\n","protected":false,"gt_translate_keys":[{"key":"rendered","format":"html"}]},"excerpt":{"rendered":"<p>Manifesto\u00a0 ao Comit\u00ea Noruegu\u00eas do Pr\u00eamio Nobel, por premiar personalidade que combate a paz e se coloca a servi\u00e7o de solu\u00e7\u00f5es armadas e colonialistas. N\u00f3s,<\/p>\n","protected":false,"gt_translate_keys":[{"key":"rendered","format":"html"}]},"author":2,"featured_media":10626,"comment_status":"open","ping_status":"open","sticky":false,"template":"","format":"standard","meta":{"om_disable_all_campaigns":false,"_eb_attr":"","footnotes":""},"categories":[10],"tags":[],"class_list":["post-10625","post","type-post","status-publish","format-standard","has-post-thumbnail","hentry","category-reportagens","three-columns"],"aioseo_notices":[],"rttpg_featured_image_url":{"full":["https:\/\/fibrainternacional.org\/wp-content\/uploads\/2025\/11\/Screenshot-2025-11-07-at-06.56.54.jpg",1920,1075,false],"landscape":["https:\/\/fibrainternacional.org\/wp-content\/uploads\/2025\/11\/Screenshot-2025-11-07-at-06.56.54.jpg",1920,1075,false],"portraits":["https:\/\/fibrainternacional.org\/wp-content\/uploads\/2025\/11\/Screenshot-2025-11-07-at-06.56.54.jpg",1920,1075,false],"thumbnail":["https:\/\/fibrainternacional.org\/wp-content\/uploads\/2025\/11\/Screenshot-2025-11-07-at-06.56.54-150x150.jpg",150,150,true],"medium":["https:\/\/fibrainternacional.org\/wp-content\/uploads\/2025\/11\/Screenshot-2025-11-07-at-06.56.54-300x168.jpg",300,168,true],"large":["https:\/\/fibrainternacional.org\/wp-content\/uploads\/2025\/11\/Screenshot-2025-11-07-at-06.56.54-1024x573.jpg",640,358,true],"1536x1536":["https:\/\/fibrainternacional.org\/wp-content\/uploads\/2025\/11\/Screenshot-2025-11-07-at-06.56.54-1536x860.jpg",1536,860,true],"2048x2048":["https:\/\/fibrainternacional.org\/wp-content\/uploads\/2025\/11\/Screenshot-2025-11-07-at-06.56.54.jpg",1920,1075,false],"refined-magazine-carousel-img":["https:\/\/fibrainternacional.org\/wp-content\/uploads\/2025\/11\/Screenshot-2025-11-07-at-06.56.54-783x450.jpg",783,450,true],"refined-magazine-carousel-img-landscape":["https:\/\/fibrainternacional.org\/wp-content\/uploads\/2025\/11\/Screenshot-2025-11-07-at-06.56.54-783x225.jpg",783,225,true],"refined-magazine-carousel-large-img":["https:\/\/fibrainternacional.org\/wp-content\/uploads\/2025\/11\/Screenshot-2025-11-07-at-06.56.54-1000x574.jpg",1000,574,true],"refined-magazine-carousel-large-img-landscape":["https:\/\/fibrainternacional.org\/wp-content\/uploads\/2025\/11\/Screenshot-2025-11-07-at-06.56.54-1000x287.jpg",1000,287,true],"refined-magazine-large-thumb":["https:\/\/fibrainternacional.org\/wp-content\/uploads\/2025\/11\/Screenshot-2025-11-07-at-06.56.54-1170x655.jpg",1170,655,true],"refined-magazine-small-thumb":["https:\/\/fibrainternacional.org\/wp-content\/uploads\/2025\/11\/Screenshot-2025-11-07-at-06.56.54-350x220.jpg",350,220,true]},"rttpg_author":{"display_name":"clearwaterdijk","author_link":"https:\/\/fibrainternacional.org\/?author=2"},"rttpg_comment":0,"rttpg_category":"<a href=\"https:\/\/fibrainternacional.org\/?cat=10\" rel=\"category\">Reportagens<\/a>","rttpg_excerpt":"Manifesto\u00a0 ao Comit\u00ea Noruegu\u00eas do Pr\u00eamio Nobel, por premiar personalidade que combate a paz e se coloca a servi\u00e7o de solu\u00e7\u00f5es armadas e colonialistas. N\u00f3s,","gt_translate_keys":[{"key":"link","format":"url"}],"_links":{"self":[{"href":"https:\/\/fibrainternacional.org\/index.php?rest_route=\/wp\/v2\/posts\/10625","targetHints":{"allow":["GET"]}}],"collection":[{"href":"https:\/\/fibrainternacional.org\/index.php?rest_route=\/wp\/v2\/posts"}],"about":[{"href":"https:\/\/fibrainternacional.org\/index.php?rest_route=\/wp\/v2\/types\/post"}],"author":[{"embeddable":true,"href":"https:\/\/fibrainternacional.org\/index.php?rest_route=\/wp\/v2\/users\/2"}],"replies":[{"embeddable":true,"href":"https:\/\/fibrainternacional.org\/index.php?rest_route=%2Fwp%2Fv2%2Fcomments&post=10625"}],"version-history":[{"count":1,"href":"https:\/\/fibrainternacional.org\/index.php?rest_route=\/wp\/v2\/posts\/10625\/revisions"}],"predecessor-version":[{"id":10627,"href":"https:\/\/fibrainternacional.org\/index.php?rest_route=\/wp\/v2\/posts\/10625\/revisions\/10627"}],"wp:featuredmedia":[{"embeddable":true,"href":"https:\/\/fibrainternacional.org\/index.php?rest_route=\/wp\/v2\/media\/10626"}],"wp:attachment":[{"href":"https:\/\/fibrainternacional.org\/index.php?rest_route=%2Fwp%2Fv2%2Fmedia&parent=10625"}],"wp:term":[{"taxonomy":"category","embeddable":true,"href":"https:\/\/fibrainternacional.org\/index.php?rest_route=%2Fwp%2Fv2%2Fcategories&post=10625"},{"taxonomy":"post_tag","embeddable":true,"href":"https:\/\/fibrainternacional.org\/index.php?rest_route=%2Fwp%2Fv2%2Ftags&post=10625"}],"curies":[{"name":"wp","href":"https:\/\/api.w.org\/{rel}","templated":true}]}}