{"id":10651,"date":"2025-12-11T09:31:23","date_gmt":"2025-12-11T08:31:23","guid":{"rendered":"https:\/\/fibrainternacional.org\/?p=10651"},"modified":"2025-12-11T12:35:04","modified_gmt":"2025-12-11T11:35:04","slug":"e-preciso-estar-atento-e-forte","status":"publish","type":"post","link":"https:\/\/fibrainternacional.org\/?p=10651","title":{"rendered":"\u00c9 preciso estar atento e forte.","gt_translate_keys":[{"key":"rendered","format":"text"}]},"content":{"rendered":"\n<p style=\"font-size:23px\"><strong>Contra O Inimigo do Povo.<\/strong><\/p>\n\n\n\n<p>Barcelona, 10 de dezembro de 2025.<br>@1flaviocarvalho. Soci\u00f3logo.<\/p>\n\n\n<div class=\"wp-block-image\">\n<figure class=\"alignright size-large is-resized\"><img fetchpriority=\"high\" decoding=\"async\" width=\"1024\" height=\"572\" src=\"http:\/\/fibrainternacional.org\/wp-content\/uploads\/2025\/12\/Screenshot-2025-12-11-at-09.29.16-1024x572.jpg\" alt=\"\" class=\"wp-image-10653\" style=\"aspect-ratio:1.7902177077352417;width:414px;height:auto\" srcset=\"https:\/\/fibrainternacional.org\/wp-content\/uploads\/2025\/12\/Screenshot-2025-12-11-at-09.29.16-1024x572.jpg 1024w, https:\/\/fibrainternacional.org\/wp-content\/uploads\/2025\/12\/Screenshot-2025-12-11-at-09.29.16-300x168.jpg 300w, https:\/\/fibrainternacional.org\/wp-content\/uploads\/2025\/12\/Screenshot-2025-12-11-at-09.29.16-768x429.jpg 768w, https:\/\/fibrainternacional.org\/wp-content\/uploads\/2025\/12\/Screenshot-2025-12-11-at-09.29.16-1536x858.jpg 1536w, https:\/\/fibrainternacional.org\/wp-content\/uploads\/2025\/12\/Screenshot-2025-12-11-at-09.29.16-1170x654.jpg 1170w, https:\/\/fibrainternacional.org\/wp-content\/uploads\/2025\/12\/Screenshot-2025-12-11-at-09.29.16-600x335.jpg 600w, https:\/\/fibrainternacional.org\/wp-content\/uploads\/2025\/12\/Screenshot-2025-12-11-at-09.29.16.jpg 1920w\" sizes=\"(max-width: 1024px) 100vw, 1024px\" \/><figcaption class=\"wp-element-caption\">Screenshot<\/figcaption><\/figure>\n<\/div>\n\n\n<p>Na semana passada, enquanto comemorava a pris\u00e3o do fascista chefe, escrevi um <a href=\"https:\/\/desacato.info\/3-monstros-prontos-na-papuda-decepcionados-porque-bolsonaro-nao-chega-por-flavio-carvalho\/\" target=\"_blank\" rel=\"noopener\" title=\"\">texto<\/a> que tratava da minha desconfian\u00e7a sobre a nossa velha mania de baixar a guarda.<\/p>\n\n\n\n<p>\u201c\u00c9 preciso estar atento e forte\u201d, cantavam os Doces B\u00e1rbaros. No Brasil, mais ainda.<\/p>\n\n\n\n<p>Dizia o meu texto anterior\u2026<\/p>\n\n\n\n<p>\u201cPrender o ladr\u00e3o n\u00e3o \u00e9 nada quando todo o seu bando tem a chave da tua pr\u00f3pria casa. A Quadrilha, do tal bandido, \u00e9 como uma m\u00e1fia que opera em n\u00edvel mundial (chamada Fascismo). Essa m\u00e1fia aprendeu, com o tempo, a mudar o comando. Exterminando-o, ao l\u00edder, quando ele passa a dar mais problemas do que lucros. Comemorar \u00e9 bom, mas\u2026 Festejar vit\u00f3rias, n\u00e3o deveria jamais significar que baixemos a guarda e que nos relaxemos, infelizmente. N\u00e3o pode ser que somente nos dediquemos a comemorar a batalha vencida. Pois a guerra continua.\u201d<\/p>\n\n\n\n<p>Eu me acho muito chato ao n\u00e3o conseguir me impressionar com a desgra\u00e7a pol\u00edtica no nosso pa\u00eds. J\u00e1 nem consigo me angustiar tanto, ao perceber que a C\u00e2mara dos Deputados do Brasil continua sendo A (mesma velha) C\u00e2mara dos Deputados do Brasil.<\/p>\n\n\n\n<p>O problema? \u00c9 que piorou. O que esperar desse Congresso Nacional fascista? Basta j\u00e1 de suavizar chamando-os de Extrema Direita! <\/p>\n\n\n\n<p>Ser\u00e1 por isso que j\u00e1 n\u00e3o me afeta tanto a brutalidade mais recente dos pol\u00edticos fascistas em Bras\u00edlia? Pois que isso n\u00e3o sirva, para mim mesmo, como um mero \u201ceu j\u00e1 sabia\u201d. \u00c9 preciso lutar mais. N\u00e3o \u00e9 hora de lutar com todas as nossas for\u00e7as contra esse novo golpe. N\u00e3o. Nem \u00e9 somente isso. O atual momento pol\u00edtico brasileiro exige muito mais de mim. De n\u00f3s!<\/p>\n\n\n\n<p>\u00c9 hora de considerar a teoria do golpe permanente: tal como os cubanos revolucion\u00e1rios seguem usando, faz 60 anos, o conceito de Revolu\u00e7\u00e3o Permanente, sem vacilos; n\u00e3o baixar a guarda jamais (muito embora Sem Perder a Ternura; e, no Brasil, abrindo cervejas para comemorar que Bolsonaro segue preso).<\/p>\n\n\n\n<p>O meu texto, <a href=\"https:\/\/desacato.info\/3-monstros-prontos-na-papuda-decepcionados-porque-bolsonaro-nao-chega-por-flavio-carvalho\/\" target=\"_blank\" rel=\"noopener\" title=\"\">aquele<\/a>, se preocupava (permanentemente) sobre o que o aristocr\u00e1tico e olig\u00e1rquico Poder Judici\u00e1rio brasileiro est\u00e1 passando a representar para o pa\u00eds: uma perigosa, amortecedora e c\u00f4moda ilus\u00e3o. <\/p>\n\n\n\n<p>Por mais que eu me esfor\u00e7asse jamais conseguiria chegar a ser um admirador (mesmo com todos os seus m\u00e9ritos) de um tal Super Ministro do STF (Alexandre de Moraes, carinhosamente apelidado de Xand\u00e3o). Pois, aos poucos, as supremas cortes brasileiras j\u00e1 est\u00e3o fazendo o que sempre fizeram: uma maioria de posicionamentos jur\u00eddicos contr\u00e1rios aos nossos direitos. Mesmo prendendo Bolsonaro, nada me garante que o STF n\u00e3o seguir\u00e1 aprovando pautas catastr\u00f3ficas para a imensa maioria do povo exclu\u00eddo e marginalizado do nosso pa\u00eds.<\/p>\n\n\n\n<p>Uma coisa n\u00e3o tira a outra. \u00c9 preciso estar atento e forte.<\/p>\n\n\n\n<p>Por exemplo\u2026<\/p>\n\n\n\n<p>Assisto a grande m\u00eddia questionar os absurdos super sal\u00e1rios. Enquanto isso, n\u00e3o fala nada sobre determinadas categorias profissionais da administra\u00e7\u00e3o p\u00fablica (n\u00e3o me refiro a ju\u00edzes nem a parlamentares, e sim a outros minist\u00e9rios, do nosso pr\u00f3prio governo, como o MRE) sendo presenteadas pelo atual governo com um novo aumento salarial (maior que o dos professores em greve) e com outro novo aumento em cima dos chamados penduricalhos, mordomias e regalias.<\/p>\n\n\n\n<p>Assisti um parlamentar da nossa esquerda votar contra o seu pr\u00f3prio partido por tentar uma tal jogada de mestre, cheio de \u201cboa vontade\u201d: negociar com os fascistas liderados pelo presidente da c\u00e2mara dos deputados, o inimigo do povo, Hugo Motta. Assisti recentemente aquele mesmo parlamentar ganhar um novo importante cargo (a Secretaria Executiva que coordenar\u00e1 a campanha do PT em 2026), sem antes prestar contas pela inconsequ\u00eancia do seu desastroso gesto.<\/p>\n\n\n\n<p>Assisto a esquerda brasileira falar cotidianamente em Trabalho de Base, sem faz\u00ea-lo efetivamente.<\/p>\n\n\n\n<p>Assisto a campanha eleitoral pra Presidente, para \u201csalvar a p\u00e1tria\u201d, novamente. Mesmo elencando 43 (in\u00fameros\u2026) motivos para discordar de a\u00e7\u00f5es do nosso governo, n\u00e3o sou besta de n\u00e3o apostar na renova\u00e7\u00e3o do nosso Presidente da Rep\u00fablica e derrotar qualquer candidato do fascismo brasileiro. N\u00e3o nos enganemos jamais em rela\u00e7\u00e3o a isso. Estou falando de seguir apoiando o governo Lula e a sua reelei\u00e7\u00e3o, pra falar bem claro. A cr\u00edtica construtiva \u00e9 a mais saud\u00e1vel. A destrutiva \u00e9 outra coisa.<\/p>\n\n\n\n<p>Insisto nisso. Uma coisa n\u00e3o tira a outra. Irei pras ruas protestar contra o novo golpe pol\u00edtico em Bras\u00edlia (sim, agora concentrado no \u00edcone do brav\u00edssimo deputado Glauber Braga).<\/p>\n\n\n\n<p>Pol\u00edtica, na atual sociedade, tem um nome antigo e que remete ao que estou tentando resumir nesse breve artigo: \u00e9 luta, sim; e n\u00e3o concilia\u00e7\u00e3o de classe. O capitalismo tem ess\u00eancia. A sua \u00e9 essa.<br>A sua raz\u00e3o hist\u00f3rica de ser \u00e9 a de lutar contra a nossa hegemonia, da maioria. Com o claro objetivo de exterminar tudo que esteja no caminho oposto ao seu, do lucro, da barb\u00e1rie. <\/p>\n\n\n\n<p>Porque a nossa via teria que ser diferente? Porque conciliar com quem quer nos destruir? O que \u00e9 que voc\u00ea estava pensando? O que mais esperava desse Congresso Nacional? <\/p>\n\n\n\n<p>\u00c9 guerra, companheiros. Infelizmente. Nem \u00e9 somente \u201cmais uma importante batalha\u201d. Mas, ent\u00e3o, porque nos iludimos tanto, na maioria das vezes? Ser\u00e1 porque sempre sofre gente em pior situa\u00e7\u00e3o do que a gente? \u00c9 por isso que deixamos a luta de lado, muitas vezes; e ainda pedimos mais paci\u00eancia para quem j\u00e1 est\u00e1 com a corda no pesco\u00e7o? <\/p>\n\n\n\n<p>N\u00e3o alimentar falsas expectativas diante da an\u00e1lise (hip\u00f3crita) da conjuntura pol\u00edtica contempor\u00e2nea. Esse \u00e9 o verdadeiro \u201cSem medo de ser feliz\u201d.<\/p>\n\n\n\n<p>Ai, o futebol\u2026 A melhor defesa? Ao ataque! Ilus\u00e3o \u00e9 uma coisa. Esperan\u00e7a \u00e9 oooooutra. S\u00f3 que, neste caso, uma coisa pode, sim, tirar a outra.<\/p>\n\n\n\n<p>Eu, da minha parte, amo Esperan\u00e7ar.<\/p>\n\n\n\n<p>Viva Concei\u00e7\u00e3o Evaristo! Viva Paulo Freire!<\/p>\n\n\n\n<p>Aquele abra\u00e7o.<\/p>\n\n\n\n<p class=\"has-background\" style=\"background-color:#ff6a007d\"><strong>Nota: <\/strong>Os textos, cita\u00e7\u00f5es e opini\u00f5es deste texto podem n\u00e3o expressar \u2013 no todo ou em parte, a opini\u00e3o dos Coletivos da Fibra.<\/p>\n\n\n\n<p><\/p>\n","protected":false,"gt_translate_keys":[{"key":"rendered","format":"html"}]},"excerpt":{"rendered":"<p>Contra O Inimigo do Povo. Barcelona, 10 de dezembro de 2025.@1flaviocarvalho. Soci\u00f3logo. Na semana passada, enquanto comemorava a pris\u00e3o do fascista chefe, escrevi um texto<\/p>\n","protected":false,"gt_translate_keys":[{"key":"rendered","format":"html"}]},"author":2,"featured_media":10653,"comment_status":"open","ping_status":"open","sticky":false,"template":"","format":"standard","meta":{"om_disable_all_campaigns":false,"_eb_attr":"","footnotes":""},"categories":[197,202,10],"tags":[],"class_list":["post-10651","post","type-post","status-publish","format-standard","has-post-thumbnail","hentry","category-colunistas","category-flavio","category-reportagens","three-columns"],"aioseo_notices":[],"rttpg_featured_image_url":{"full":["https:\/\/fibrainternacional.org\/wp-content\/uploads\/2025\/12\/Screenshot-2025-12-11-at-09.29.16.jpg",1920,1073,false],"landscape":["https:\/\/fibrainternacional.org\/wp-content\/uploads\/2025\/12\/Screenshot-2025-12-11-at-09.29.16.jpg",1920,1073,false],"portraits":["https:\/\/fibrainternacional.org\/wp-content\/uploads\/2025\/12\/Screenshot-2025-12-11-at-09.29.16.jpg",1920,1073,false],"thumbnail":["https:\/\/fibrainternacional.org\/wp-content\/uploads\/2025\/12\/Screenshot-2025-12-11-at-09.29.16-150x150.jpg",150,150,true],"medium":["https:\/\/fibrainternacional.org\/wp-content\/uploads\/2025\/12\/Screenshot-2025-12-11-at-09.29.16-300x168.jpg",300,168,true],"large":["https:\/\/fibrainternacional.org\/wp-content\/uploads\/2025\/12\/Screenshot-2025-12-11-at-09.29.16-1024x572.jpg",640,358,true],"1536x1536":["https:\/\/fibrainternacional.org\/wp-content\/uploads\/2025\/12\/Screenshot-2025-12-11-at-09.29.16-1536x858.jpg",1536,858,true],"2048x2048":["https:\/\/fibrainternacional.org\/wp-content\/uploads\/2025\/12\/Screenshot-2025-12-11-at-09.29.16.jpg",1920,1073,false],"refined-magazine-carousel-img":["https:\/\/fibrainternacional.org\/wp-content\/uploads\/2025\/12\/Screenshot-2025-12-11-at-09.29.16-783x450.jpg",783,450,true],"refined-magazine-carousel-img-landscape":["https:\/\/fibrainternacional.org\/wp-content\/uploads\/2025\/12\/Screenshot-2025-12-11-at-09.29.16-783x225.jpg",783,225,true],"refined-magazine-carousel-large-img":["https:\/\/fibrainternacional.org\/wp-content\/uploads\/2025\/12\/Screenshot-2025-12-11-at-09.29.16-1000x574.jpg",1000,574,true],"refined-magazine-carousel-large-img-landscape":["https:\/\/fibrainternacional.org\/wp-content\/uploads\/2025\/12\/Screenshot-2025-12-11-at-09.29.16-1000x287.jpg",1000,287,true],"refined-magazine-large-thumb":["https:\/\/fibrainternacional.org\/wp-content\/uploads\/2025\/12\/Screenshot-2025-12-11-at-09.29.16-1170x654.jpg",1170,654,true],"refined-magazine-small-thumb":["https:\/\/fibrainternacional.org\/wp-content\/uploads\/2025\/12\/Screenshot-2025-12-11-at-09.29.16-350x220.jpg",350,220,true]},"rttpg_author":{"display_name":"clearwaterdijk","author_link":"https:\/\/fibrainternacional.org\/?author=2"},"rttpg_comment":2,"rttpg_category":"<a href=\"https:\/\/fibrainternacional.org\/?cat=197\" rel=\"category\">Colunistas<\/a> <a href=\"https:\/\/fibrainternacional.org\/?cat=202\" rel=\"category\">Fl\u00e1vio Carvalho<\/a> <a href=\"https:\/\/fibrainternacional.org\/?cat=10\" rel=\"category\">Reportagens<\/a>","rttpg_excerpt":"Contra O Inimigo do Povo. Barcelona, 10 de dezembro de 2025.@1flaviocarvalho. Soci\u00f3logo. Na semana passada, enquanto comemorava a pris\u00e3o do fascista chefe, escrevi um texto","gt_translate_keys":[{"key":"link","format":"url"}],"_links":{"self":[{"href":"https:\/\/fibrainternacional.org\/index.php?rest_route=\/wp\/v2\/posts\/10651","targetHints":{"allow":["GET"]}}],"collection":[{"href":"https:\/\/fibrainternacional.org\/index.php?rest_route=\/wp\/v2\/posts"}],"about":[{"href":"https:\/\/fibrainternacional.org\/index.php?rest_route=\/wp\/v2\/types\/post"}],"author":[{"embeddable":true,"href":"https:\/\/fibrainternacional.org\/index.php?rest_route=\/wp\/v2\/users\/2"}],"replies":[{"embeddable":true,"href":"https:\/\/fibrainternacional.org\/index.php?rest_route=%2Fwp%2Fv2%2Fcomments&post=10651"}],"version-history":[{"count":3,"href":"https:\/\/fibrainternacional.org\/index.php?rest_route=\/wp\/v2\/posts\/10651\/revisions"}],"predecessor-version":[{"id":10658,"href":"https:\/\/fibrainternacional.org\/index.php?rest_route=\/wp\/v2\/posts\/10651\/revisions\/10658"}],"wp:featuredmedia":[{"embeddable":true,"href":"https:\/\/fibrainternacional.org\/index.php?rest_route=\/wp\/v2\/media\/10653"}],"wp:attachment":[{"href":"https:\/\/fibrainternacional.org\/index.php?rest_route=%2Fwp%2Fv2%2Fmedia&parent=10651"}],"wp:term":[{"taxonomy":"category","embeddable":true,"href":"https:\/\/fibrainternacional.org\/index.php?rest_route=%2Fwp%2Fv2%2Fcategories&post=10651"},{"taxonomy":"post_tag","embeddable":true,"href":"https:\/\/fibrainternacional.org\/index.php?rest_route=%2Fwp%2Fv2%2Ftags&post=10651"}],"curies":[{"name":"wp","href":"https:\/\/api.w.org\/{rel}","templated":true}]}}