{"id":10659,"date":"2025-12-11T17:36:15","date_gmt":"2025-12-11T16:36:15","guid":{"rendered":"https:\/\/fibrainternacional.org\/?p=10659"},"modified":"2025-12-11T17:48:49","modified_gmt":"2025-12-11T16:48:49","slug":"vozes-internacionais-por-glauber-braga-3","status":"publish","type":"post","link":"https:\/\/fibrainternacional.org\/?p=10659","title":{"rendered":"Vozes internacionais por Glauber Braga","gt_translate_keys":[{"key":"rendered","format":"text"}]},"content":{"rendered":"\n<p>Barcelona, 10 de dezebro de 2025<\/p>\n\n\n\n<p>A milit\u00e2ncia internacional da FIBRA indignada deixa sua voz contra o clima de viol\u00eancia e desrespeito \u00e0 democracia e a mandatos populares como o de Glauber Braga.<\/p>\n\n\n\n<p>B\u00f3ra pra cima! Engaje voc\u00ea tamb\u00e9m nesta luta justa e em defesa dos mandatos populares que neste momento est\u00e3o sob o fogo de parlamentares representantes do pior Congresso Nacional j\u00e1 eleito nos \u00faltimos anos.<\/p>\n\n\n\n<p>Congresso infestado de Golpistas e inimigos do povo brasileiro. Voc\u00eas n\u00e3o passar\u00e3o!<\/p>\n\n\n\n<p>#semanistia #glauberfica #congressoinimigodobrasil #fibrainternacional<\/p>\n\n\n\n<figure class=\"wp-block-embed is-type-video is-provider-youtube wp-block-embed-youtube wp-embed-aspect-16-9 wp-has-aspect-ratio\"><div class=\"wp-block-embed__wrapper\">\n<iframe title=\"Vozes internacionais por Glauber Braga\" width=\"640\" height=\"360\" src=\"https:\/\/www.youtube.com\/embed\/2qC1UTwky9M?feature=oembed\" frameborder=\"0\" allow=\"accelerometer; autoplay; clipboard-write; encrypted-media; gyroscope; picture-in-picture; web-share\" referrerpolicy=\"strict-origin-when-cross-origin\" allowfullscreen><\/iframe>\n<\/div><\/figure>\n","protected":false,"gt_translate_keys":[{"key":"rendered","format":"html"}]},"excerpt":{"rendered":"<p>Barcelona, 10 de dezebro de 2025 A milit\u00e2ncia internacional da FIBRA indignada deixa sua voz contra o clima de viol\u00eancia e desrespeito \u00e0 democracia e<\/p>\n","protected":false,"gt_translate_keys":[{"key":"rendered","format":"html"}]},"author":2,"featured_media":10661,"comment_status":"open","ping_status":"open","sticky":false,"template":"","format":"standard","meta":{"om_disable_all_campaigns":false,"_eb_attr":"","footnotes":""},"categories":[10],"tags":[],"class_list":["post-10659","post","type-post","status-publish","format-standard","has-post-thumbnail","hentry","category-reportagens","three-columns"],"aioseo_notices":[],"rttpg_featured_image_url":{"full":["https:\/\/fibrainternacional.org\/wp-content\/uploads\/2025\/12\/Screenshot-2025-12-11-at-17.48.06.jpg",1920,1077,false],"landscape":["https:\/\/fibrainternacional.org\/wp-content\/uploads\/2025\/12\/Screenshot-2025-12-11-at-17.48.06.jpg",1920,1077,false],"portraits":["https:\/\/fibrainternacional.org\/wp-content\/uploads\/2025\/12\/Screenshot-2025-12-11-at-17.48.06.jpg",1920,1077,false],"thumbnail":["https:\/\/fibrainternacional.org\/wp-content\/uploads\/2025\/12\/Screenshot-2025-12-11-at-17.48.06-150x150.jpg",150,150,true],"medium":["https:\/\/fibrainternacional.org\/wp-content\/uploads\/2025\/12\/Screenshot-2025-12-11-at-17.48.06-300x168.jpg",300,168,true],"large":["https:\/\/fibrainternacional.org\/wp-content\/uploads\/2025\/12\/Screenshot-2025-12-11-at-17.48.06-1024x574.jpg",640,359,true],"1536x1536":["https:\/\/fibrainternacional.org\/wp-content\/uploads\/2025\/12\/Screenshot-2025-12-11-at-17.48.06-1536x862.jpg",1536,862,true],"2048x2048":["https:\/\/fibrainternacional.org\/wp-content\/uploads\/2025\/12\/Screenshot-2025-12-11-at-17.48.06.jpg",1920,1077,false],"refined-magazine-carousel-img":["https:\/\/fibrainternacional.org\/wp-content\/uploads\/2025\/12\/Screenshot-2025-12-11-at-17.48.06-783x450.jpg",783,450,true],"refined-magazine-carousel-img-landscape":["https:\/\/fibrainternacional.org\/wp-content\/uploads\/2025\/12\/Screenshot-2025-12-11-at-17.48.06-783x225.jpg",783,225,true],"refined-magazine-carousel-large-img":["https:\/\/fibrainternacional.org\/wp-content\/uploads\/2025\/12\/Screenshot-2025-12-11-at-17.48.06-1000x574.jpg",1000,574,true],"refined-magazine-carousel-large-img-landscape":["https:\/\/fibrainternacional.org\/wp-content\/uploads\/2025\/12\/Screenshot-2025-12-11-at-17.48.06-1000x287.jpg",1000,287,true],"refined-magazine-large-thumb":["https:\/\/fibrainternacional.org\/wp-content\/uploads\/2025\/12\/Screenshot-2025-12-11-at-17.48.06-1170x656.jpg",1170,656,true],"refined-magazine-small-thumb":["https:\/\/fibrainternacional.org\/wp-content\/uploads\/2025\/12\/Screenshot-2025-12-11-at-17.48.06-350x220.jpg",350,220,true]},"rttpg_author":{"display_name":"clearwaterdijk","author_link":"https:\/\/fibrainternacional.org\/?author=2"},"rttpg_comment":0,"rttpg_category":"<a href=\"https:\/\/fibrainternacional.org\/?cat=10\" rel=\"category\">Reportagens<\/a>","rttpg_excerpt":"Barcelona, 10 de dezebro de 2025 A milit\u00e2ncia internacional da FIBRA indignada deixa sua voz contra o clima de viol\u00eancia e desrespeito \u00e0 democracia e","gt_translate_keys":[{"key":"link","format":"url"}],"_links":{"self":[{"href":"https:\/\/fibrainternacional.org\/index.php?rest_route=\/wp\/v2\/posts\/10659","targetHints":{"allow":["GET"]}}],"collection":[{"href":"https:\/\/fibrainternacional.org\/index.php?rest_route=\/wp\/v2\/posts"}],"about":[{"href":"https:\/\/fibrainternacional.org\/index.php?rest_route=\/wp\/v2\/types\/post"}],"author":[{"embeddable":true,"href":"https:\/\/fibrainternacional.org\/index.php?rest_route=\/wp\/v2\/users\/2"}],"replies":[{"embeddable":true,"href":"https:\/\/fibrainternacional.org\/index.php?rest_route=%2Fwp%2Fv2%2Fcomments&post=10659"}],"version-history":[{"count":1,"href":"https:\/\/fibrainternacional.org\/index.php?rest_route=\/wp\/v2\/posts\/10659\/revisions"}],"predecessor-version":[{"id":10660,"href":"https:\/\/fibrainternacional.org\/index.php?rest_route=\/wp\/v2\/posts\/10659\/revisions\/10660"}],"wp:featuredmedia":[{"embeddable":true,"href":"https:\/\/fibrainternacional.org\/index.php?rest_route=\/wp\/v2\/media\/10661"}],"wp:attachment":[{"href":"https:\/\/fibrainternacional.org\/index.php?rest_route=%2Fwp%2Fv2%2Fmedia&parent=10659"}],"wp:term":[{"taxonomy":"category","embeddable":true,"href":"https:\/\/fibrainternacional.org\/index.php?rest_route=%2Fwp%2Fv2%2Fcategories&post=10659"},{"taxonomy":"post_tag","embeddable":true,"href":"https:\/\/fibrainternacional.org\/index.php?rest_route=%2Fwp%2Fv2%2Ftags&post=10659"}],"curies":[{"name":"wp","href":"https:\/\/api.w.org\/{rel}","templated":true}]}}