{"id":11304,"date":"2026-05-03T00:30:06","date_gmt":"2026-05-02T22:30:06","guid":{"rendered":"https:\/\/fibrainternacional.org\/?p=11304"},"modified":"2026-05-03T00:30:06","modified_gmt":"2026-05-02T22:30:06","slug":"1-de-maio-em-paris-o-brasil-na-resistencia","status":"publish","type":"post","link":"https:\/\/fibrainternacional.org\/?p=11304","title":{"rendered":"1 de maio em Paris: O Brasil na Resist\u00eancia","gt_translate_keys":[{"key":"rendered","format":"text"}]},"content":{"rendered":"\n<p>Paris, 02 de maio de 2026<\/p>\n\n\n\n<p>Neste 1 de maio, cerca de 50 mil pessoas reuniram-se na ic\u00f4nica <a href=\"https:\/\/www.instagram.com\/reels\/DXzM8sHDSS_\/\" target=\"_blank\" rel=\"noopener\" title=\"\">Place de la R\u00e9publique<\/a>, em Paris, para celebrar o Dia dos Trabalhadores e Trabalhadoras. <\/p>\n\n\n<div class=\"wp-block-image\">\n<figure class=\"alignright size-large is-resized\"><img fetchpriority=\"high\" decoding=\"async\" width=\"1024\" height=\"576\" src=\"http:\/\/fibrainternacional.org\/wp-content\/uploads\/2026\/05\/Screenshot-2026-05-02-at-23.58.59-1024x576.jpg\" alt=\"\" class=\"wp-image-11305\" style=\"aspect-ratio:1.7777315842087664;width:363px;height:auto\" srcset=\"https:\/\/fibrainternacional.org\/wp-content\/uploads\/2026\/05\/Screenshot-2026-05-02-at-23.58.59-1024x576.jpg 1024w, https:\/\/fibrainternacional.org\/wp-content\/uploads\/2026\/05\/Screenshot-2026-05-02-at-23.58.59-300x169.jpg 300w, https:\/\/fibrainternacional.org\/wp-content\/uploads\/2026\/05\/Screenshot-2026-05-02-at-23.58.59-768x432.jpg 768w, https:\/\/fibrainternacional.org\/wp-content\/uploads\/2026\/05\/Screenshot-2026-05-02-at-23.58.59-1536x864.jpg 1536w, https:\/\/fibrainternacional.org\/wp-content\/uploads\/2026\/05\/Screenshot-2026-05-02-at-23.58.59-1170x658.jpg 1170w, https:\/\/fibrainternacional.org\/wp-content\/uploads\/2026\/05\/Screenshot-2026-05-02-at-23.58.59.jpg 1920w\" sizes=\"(max-width: 1024px) 100vw, 1024px\" \/><figcaption class=\"wp-element-caption\">Screenshot<\/figcaption><\/figure>\n<\/div>\n\n\n<p>No percurso de mais de quatro horas at\u00e9 a <a href=\"https:\/\/www.rfi.fr\/br\/fran%C3%A7a\/20260501-fran%C3%A7a-atos-pelo-1%C2%BA-de-maio-re%C3%BAnem-milhares-de-pessoas-e-desafiam-propostas-de-flexibiliza%C3%A7%C3%A3o-do-feriado\" target=\"_blank\" rel=\"noopener\" title=\"\">Place de la Nation<\/a>, viam-se sindicatos como CGT e Solidaires, partidos pol\u00edticos, a exemplo da France Insoumise, PC, Revolu\u00e7\u00e3o Permanente, NPA, Liga Trotskista da Fran\u00e7a, entre outros. <\/p>\n\n\n\n<p>Eles desfilavam ao lado de coletivos iranianos, cubanos, de jovens revolucion\u00e1rios, anarquistas e pr\u00f3-Palestina \u2013 cujas bandeira, ali\u00e1s, tremulava em todos os grupos, despontando como irrefut\u00e1vel ponto de coes\u00e3o entre os participantes, do centro \u00e0 extrema esquerda. <\/p>\n\n\n\n<p>As militantes brasileiras integraram o cortejo da Am\u00e9rica Latina, levando bandeiras do PT e do MST, assim como camisetas de Lula presidente. Suas porta-vozes expressaram apoio a Cuba, ao Ir\u00e3 e ao L\u00edbano invadidos, condenaran o genoc\u00eddio em Gaza, pediram a retirada das for\u00e7as israelenses dos territ\u00f3rios ocupados e o fim da interven\u00e7\u00e3o imperialista no Oriente M\u00e9dio. <\/p>\n\n\n\n<p>Acima de tudo, reinvidicaram a manuten\u00e7\u00e3o da democracia e do Estado de Direito no Brasil, contra qualquer tipo de anistia aos golpistas.<\/p>\n\n\n\n<p>Marcia Camargos (Mem\u00f3ria da Resist\u00eancia Brasileira na Fran\u00e7a\/Alerta Fran\u00e7a Brasil\/Coletivo Paulo Freire\/PT-Paris\/FIBRA).<\/p>\n\n\n\n<hr class=\"wp-block-separator has-alpha-channel-opacity\"\/>\n\n\n\n<p><strong>Confira as imagens do ativismo brasileiro em Paris:<\/strong><\/p>\n\n\n\n<hr class=\"wp-block-separator has-alpha-channel-opacity\"\/>\n\n\n\n<figure class=\"wp-block-image size-large\"><img decoding=\"async\" width=\"1024\" height=\"577\" src=\"https:\/\/fibrainternacional.org\/wp-content\/uploads\/2026\/05\/Screenshot-2026-05-03-at-00.23.42-1024x577.jpg\" alt=\"\" class=\"wp-image-11312\" srcset=\"https:\/\/fibrainternacional.org\/wp-content\/uploads\/2026\/05\/Screenshot-2026-05-03-at-00.23.42-1024x577.jpg 1024w, https:\/\/fibrainternacional.org\/wp-content\/uploads\/2026\/05\/Screenshot-2026-05-03-at-00.23.42-300x169.jpg 300w, https:\/\/fibrainternacional.org\/wp-content\/uploads\/2026\/05\/Screenshot-2026-05-03-at-00.23.42-768x432.jpg 768w, https:\/\/fibrainternacional.org\/wp-content\/uploads\/2026\/05\/Screenshot-2026-05-03-at-00.23.42-1536x865.jpg 1536w, https:\/\/fibrainternacional.org\/wp-content\/uploads\/2026\/05\/Screenshot-2026-05-03-at-00.23.42-1170x659.jpg 1170w, https:\/\/fibrainternacional.org\/wp-content\/uploads\/2026\/05\/Screenshot-2026-05-03-at-00.23.42.jpg 1920w\" sizes=\"(max-width: 1024px) 100vw, 1024px\" \/><figcaption class=\"wp-element-caption\">Screenshot<\/figcaption><\/figure>\n\n\n\n<hr class=\"wp-block-separator has-alpha-channel-opacity\"\/>\n\n\n\n<p class=\"has-background\" style=\"background-color:#f8eccd\"><strong>Nota: <\/strong>Os textos, cita\u00e7\u00f5es e opini\u00f5es deste texto podem n\u00e3o expressar \u2013 no todo ou em parte, a opini\u00e3o dos Coletivos da Fibra.<\/p>\n","protected":false,"gt_translate_keys":[{"key":"rendered","format":"html"}]},"excerpt":{"rendered":"<p>Paris, 02 de maio de 2026 Neste 1 de maio, cerca de 50 mil pessoas reuniram-se na ic\u00f4nica Place de la R\u00e9publique, em Paris, para<\/p>\n","protected":false,"gt_translate_keys":[{"key":"rendered","format":"html"}]},"author":2,"featured_media":11305,"comment_status":"open","ping_status":"open","sticky":false,"template":"","format":"standard","meta":{"om_disable_all_campaigns":false,"_eb_attr":"","footnotes":""},"categories":[332,10],"tags":[],"class_list":["post-11304","post","type-post","status-publish","format-standard","has-post-thumbnail","hentry","category-outras-autorias","category-reportagens","three-columns"],"aioseo_notices":[],"rttpg_featured_image_url":{"full":["https:\/\/fibrainternacional.org\/wp-content\/uploads\/2026\/05\/Screenshot-2026-05-02-at-23.58.59.jpg",1920,1080,false],"landscape":["https:\/\/fibrainternacional.org\/wp-content\/uploads\/2026\/05\/Screenshot-2026-05-02-at-23.58.59.jpg",1920,1080,false],"portraits":["https:\/\/fibrainternacional.org\/wp-content\/uploads\/2026\/05\/Screenshot-2026-05-02-at-23.58.59.jpg",1920,1080,false],"thumbnail":["https:\/\/fibrainternacional.org\/wp-content\/uploads\/2026\/05\/Screenshot-2026-05-02-at-23.58.59-150x150.jpg",150,150,true],"medium":["https:\/\/fibrainternacional.org\/wp-content\/uploads\/2026\/05\/Screenshot-2026-05-02-at-23.58.59-300x169.jpg",300,169,true],"large":["https:\/\/fibrainternacional.org\/wp-content\/uploads\/2026\/05\/Screenshot-2026-05-02-at-23.58.59-1024x576.jpg",640,360,true],"1536x1536":["https:\/\/fibrainternacional.org\/wp-content\/uploads\/2026\/05\/Screenshot-2026-05-02-at-23.58.59-1536x864.jpg",1536,864,true],"2048x2048":["https:\/\/fibrainternacional.org\/wp-content\/uploads\/2026\/05\/Screenshot-2026-05-02-at-23.58.59.jpg",1920,1080,false],"refined-magazine-carousel-img":["https:\/\/fibrainternacional.org\/wp-content\/uploads\/2026\/05\/Screenshot-2026-05-02-at-23.58.59-783x450.jpg",783,450,true],"refined-magazine-carousel-img-landscape":["https:\/\/fibrainternacional.org\/wp-content\/uploads\/2026\/05\/Screenshot-2026-05-02-at-23.58.59-783x225.jpg",783,225,true],"refined-magazine-carousel-large-img":["https:\/\/fibrainternacional.org\/wp-content\/uploads\/2026\/05\/Screenshot-2026-05-02-at-23.58.59-1000x574.jpg",1000,574,true],"refined-magazine-carousel-large-img-landscape":["https:\/\/fibrainternacional.org\/wp-content\/uploads\/2026\/05\/Screenshot-2026-05-02-at-23.58.59-1000x287.jpg",1000,287,true],"refined-magazine-large-thumb":["https:\/\/fibrainternacional.org\/wp-content\/uploads\/2026\/05\/Screenshot-2026-05-02-at-23.58.59-1170x658.jpg",1170,658,true],"refined-magazine-small-thumb":["https:\/\/fibrainternacional.org\/wp-content\/uploads\/2026\/05\/Screenshot-2026-05-02-at-23.58.59-350x220.jpg",350,220,true]},"rttpg_author":{"display_name":"clearwaterdijk","author_link":"https:\/\/fibrainternacional.org\/?author=2"},"rttpg_comment":0,"rttpg_category":"<a href=\"https:\/\/fibrainternacional.org\/?cat=332\" rel=\"category\">Outras autorias<\/a> <a href=\"https:\/\/fibrainternacional.org\/?cat=10\" rel=\"category\">Reportagens<\/a>","rttpg_excerpt":"Paris, 02 de maio de 2026 Neste 1 de maio, cerca de 50 mil pessoas reuniram-se na ic\u00f4nica Place de la R\u00e9publique, em Paris, para","gt_translate_keys":[{"key":"link","format":"url"}],"_links":{"self":[{"href":"https:\/\/fibrainternacional.org\/index.php?rest_route=\/wp\/v2\/posts\/11304","targetHints":{"allow":["GET"]}}],"collection":[{"href":"https:\/\/fibrainternacional.org\/index.php?rest_route=\/wp\/v2\/posts"}],"about":[{"href":"https:\/\/fibrainternacional.org\/index.php?rest_route=\/wp\/v2\/types\/post"}],"author":[{"embeddable":true,"href":"https:\/\/fibrainternacional.org\/index.php?rest_route=\/wp\/v2\/users\/2"}],"replies":[{"embeddable":true,"href":"https:\/\/fibrainternacional.org\/index.php?rest_route=%2Fwp%2Fv2%2Fcomments&post=11304"}],"version-history":[{"count":1,"href":"https:\/\/fibrainternacional.org\/index.php?rest_route=\/wp\/v2\/posts\/11304\/revisions"}],"predecessor-version":[{"id":11313,"href":"https:\/\/fibrainternacional.org\/index.php?rest_route=\/wp\/v2\/posts\/11304\/revisions\/11313"}],"wp:featuredmedia":[{"embeddable":true,"href":"https:\/\/fibrainternacional.org\/index.php?rest_route=\/wp\/v2\/media\/11305"}],"wp:attachment":[{"href":"https:\/\/fibrainternacional.org\/index.php?rest_route=%2Fwp%2Fv2%2Fmedia&parent=11304"}],"wp:term":[{"taxonomy":"category","embeddable":true,"href":"https:\/\/fibrainternacional.org\/index.php?rest_route=%2Fwp%2Fv2%2Fcategories&post=11304"},{"taxonomy":"post_tag","embeddable":true,"href":"https:\/\/fibrainternacional.org\/index.php?rest_route=%2Fwp%2Fv2%2Ftags&post=11304"}],"curies":[{"name":"wp","href":"https:\/\/api.w.org\/{rel}","templated":true}]}}