{"id":2699,"date":"2021-04-20T08:49:18","date_gmt":"2021-04-20T11:49:18","guid":{"rendered":"https:\/\/fibrabrasil.wordpress.com\/?p=2699"},"modified":"2021-04-20T08:49:18","modified_gmt":"2021-04-20T11:49:18","slug":"curso-on-line-militancia-internacional-brasileira","status":"publish","type":"post","link":"https:\/\/fibrainternacional.org\/?p=2699","title":{"rendered":"Curso on-line: Milit\u00e2ncia Internacional Brasileira","gt_translate_keys":[{"key":"rendered","format":"text"}]},"content":{"rendered":"\n<p class=\"has-medium-font-size\"><strong>Forma\u00e7\u00e3o e Conjuntura<\/strong><\/p>\n\n\n\n<p><strong>Programa:<\/strong><\/p>\n\n\n\n<div class=\"wp-block-image\"><figure class=\"alignright size-large is-resized\"><img fetchpriority=\"high\" decoding=\"async\" src=\"https:\/\/fibrabrasil.files.wordpress.com\/2021\/04\/screenshot-2021-04-19-at-21.57.42.png?w=1024\" alt=\"\" class=\"wp-image-2705\" width=\"346\" height=\"290\" \/><\/figure><\/div>\n\n\n\n<p class=\"has-drop-cap\">Em maio se inicia o curso Milit\u00e2ncia Internacional Brasileira, atividade in\u00e9dita do Coletivo Amsterdam pela Democracia no Brasil (Holanda), com o apoio da Frente Internacional Brasileira \u2013 FIBRA e coordena\u00e7\u00e3o do Movimento dos Trabalhadores e Trabalhadoras do Campo&nbsp; \u2013 MTC (<a href=\"https:\/\/mtcbrasil.org.br\/\">https:\/\/mtcbrasil.org.br<\/a>) e Movimento dos Trabalhadores e Rurais Sem Terra \u2013 MST (<a href=\"https:\/\/mst.org.br\/\">https:\/\/mst.org.br<\/a>).<\/p>\n\n\n\n<ol class=\"wp-block-list\" type=\"1\"><li><strong>Filosofia<\/strong>: materialismo hist\u00f3rico-dial\u00e9tico como m\u00e9todo de an\u00e1lise;<\/li><li><strong>Hist\u00f3ria<\/strong>: pensamento cr\u00edtico revolucion\u00e1rio, experi\u00eancia revolucion\u00e1ria na \u00c1sia, Am\u00e9rica e \u00c1frica;<\/li><li><strong>Economia Pol\u00edtica<\/strong>: categorias marxistas, teoria marxista da depend\u00eancia;<\/li><li><strong>Teoria da organiza\u00e7\u00e3o pol\u00edtica<\/strong>: m\u00e9todos de trabalho de base; partido e frente, estrat\u00e9gia e t\u00e1tica;<\/li><li><strong>Solidariedade internacional<\/strong>: brigadas internacionais, amigos do MST; lan\u00e7amento do site internacional do MTC; crise estrutural do capital e luta de classes.<\/li><\/ol>\n\n\n\n<p>As aulas ser\u00e3o ministradas em portugu\u00eas, <strong>a cada 15 dias<\/strong>, sempre aos <strong>s\u00e1bados<\/strong>, \u00e0s <strong>9:00<\/strong><strong>h<\/strong><strong> de Bras\u00edlia<\/strong><strong> <\/strong>(8:00h Nova York, 13:00h Lisboa, 14:00h Berlim), em plataforma digital Zoom.<\/p>\n\n\n\n<p>O curso \u00e9 <strong>gratuito<\/strong> e destina-se \u00e0 milit\u00e2ncia brasileira no Brasil e no exterior e ativistas progressistas internacionais amigos e parceiros da Fibra.<\/p>\n\n\n\n<p><strong>Realiza\u00e7\u00e3o<\/strong>: O curso foi organizado pelo Centro de Forma\u00e7\u00e3o Irm\u00e3 Dorothy (CEFID-MTC) e o Centro de Forma\u00e7\u00e3o Paulo Freire \u2013 MST.<strong><\/strong><\/p>\n\n\n\n<p>O Centro de Forma\u00e7\u00e3o Paulo Freire\/MST oferecer\u00e1 certifica\u00e7\u00e3o para os participantes que frequentarem pelo menos 75% das aulas e participarem das atividades sugeridas.<\/p>\n\n\n\n<p><strong>Aten\u00e7\u00e3o: Fique de olho no nosso site e nas nossas m\u00eddias pois as vagas s\u00e3o limitadas!<\/strong><\/p>\n\n\n\n<p style=\"font-size:25px;\">Interessado? Inscreva-se clicando <a href=\"https:\/\/form.jotform.com\/210613455793356\">aqui<\/a>:<\/p>\n\n\n\n<p><\/p>\n\n\n\n<p><\/p>\n","protected":false,"gt_translate_keys":[{"key":"rendered","format":"html"}]},"excerpt":{"rendered":"<p>Forma\u00e7\u00e3o e Conjuntura Programa: Em maio se inicia o curso Milit\u00e2ncia Internacional Brasileira, atividade in\u00e9dita do Coletivo Amsterdam pela Democracia no Brasil (Holanda), com o<\/p>\n","protected":false,"gt_translate_keys":[{"key":"rendered","format":"html"}]},"author":1,"featured_media":2709,"comment_status":"closed","ping_status":"open","sticky":false,"template":"","format":"standard","meta":{"om_disable_all_campaigns":false,"_eb_attr":"","footnotes":""},"categories":[49,10,1],"tags":[],"class_list":["post-2699","post","type-post","status-publish","format-standard","has-post-thumbnail","hentry","category-agenda","category-reportagens","category-sem-categoria","three-columns"],"aioseo_notices":[],"rttpg_featured_image_url":null,"rttpg_author":{"display_name":"FibraInternacional","author_link":"https:\/\/fibrainternacional.org\/?author=1"},"rttpg_comment":0,"rttpg_category":"<a href=\"https:\/\/fibrainternacional.org\/?cat=49\" rel=\"category\">Agenda<\/a> <a href=\"https:\/\/fibrainternacional.org\/?cat=10\" rel=\"category\">Reportagens<\/a> <a href=\"https:\/\/fibrainternacional.org\/?cat=1\" rel=\"category\">Sem categoria<\/a>","rttpg_excerpt":"Forma\u00e7\u00e3o e Conjuntura Programa: Em maio se inicia o curso Milit\u00e2ncia Internacional Brasileira, atividade in\u00e9dita do Coletivo Amsterdam pela Democracia no Brasil (Holanda), com o","gt_translate_keys":[{"key":"link","format":"url"}],"_links":{"self":[{"href":"https:\/\/fibrainternacional.org\/index.php?rest_route=\/wp\/v2\/posts\/2699","targetHints":{"allow":["GET"]}}],"collection":[{"href":"https:\/\/fibrainternacional.org\/index.php?rest_route=\/wp\/v2\/posts"}],"about":[{"href":"https:\/\/fibrainternacional.org\/index.php?rest_route=\/wp\/v2\/types\/post"}],"author":[{"embeddable":true,"href":"https:\/\/fibrainternacional.org\/index.php?rest_route=\/wp\/v2\/users\/1"}],"replies":[{"embeddable":true,"href":"https:\/\/fibrainternacional.org\/index.php?rest_route=%2Fwp%2Fv2%2Fcomments&post=2699"}],"version-history":[{"count":0,"href":"https:\/\/fibrainternacional.org\/index.php?rest_route=\/wp\/v2\/posts\/2699\/revisions"}],"wp:featuredmedia":[{"embeddable":true,"href":"https:\/\/fibrainternacional.org\/index.php?rest_route=\/"}],"wp:attachment":[{"href":"https:\/\/fibrainternacional.org\/index.php?rest_route=%2Fwp%2Fv2%2Fmedia&parent=2699"}],"wp:term":[{"taxonomy":"category","embeddable":true,"href":"https:\/\/fibrainternacional.org\/index.php?rest_route=%2Fwp%2Fv2%2Fcategories&post=2699"},{"taxonomy":"post_tag","embeddable":true,"href":"https:\/\/fibrainternacional.org\/index.php?rest_route=%2Fwp%2Fv2%2Ftags&post=2699"}],"curies":[{"name":"wp","href":"https:\/\/api.w.org\/{rel}","templated":true}]}}