{"id":2976,"date":"2021-05-10T16:23:51","date_gmt":"2021-05-10T19:23:51","guid":{"rendered":"https:\/\/fibrabrasil.wordpress.com\/?p=2976"},"modified":"2021-05-10T16:23:51","modified_gmt":"2021-05-10T19:23:51","slug":"nota-de-repudio","status":"publish","type":"post","link":"https:\/\/fibrainternacional.org\/?p=2976","title":{"rendered":"NOTA DA FIBRA EM REP\u00daDIO \u00c0 CHACINA DO JACAREZINHO","gt_translate_keys":[{"key":"rendered","format":"text"}]},"content":{"rendered":"\n<p class=\"has-text-align-center\"><\/p>\n\n\n\n<p>A FIBRA \u2013 Frente Internacional Brasileira contra o Golpe e pela Democracia, organiza\u00e7\u00e3o<br>composta por mais de 90 coletivos ao redor do mundo, vem a p\u00fablico manifestar com<br>veem\u00eancia seu rep\u00fadio pela interven\u00e7\u00e3o criminosa deflagrada pela Pol\u00edcia Civil do Rio de<br>Janeiro, no dia 6 de maio, na comunidade de Jacarezinho. Esta a\u00e7\u00e3o, que culminou no<br>exterm\u00ednio de 29 pessoas, escancarou o desprezo \u00e0 vida, aos direitos humanos, \u00e0<br>constitui\u00e7\u00e3o e \u00e0 justi\u00e7a por parte daqueles que t\u00eam o dever de proteger a popula\u00e7\u00e3o, em<br>especial, \u00e0quela que se encontra em situa\u00e7\u00e3o de vulnerabilidade e pobreza.<\/p>\n\n\n\n<p><br>Ao colocar em pr\u00e1tica essa a\u00e7\u00e3o, a Pol\u00edcia Civil do Estado do Rio de Janeiro consagrou o seu<br>plano de seguir massacrando e exterminando, mesmo em tempo de pandemia, a<br>comunidade preta, pobre e perif\u00e9rica. \u00c9 o genoc\u00eddio orquestrado pelo Estado Brasileiro.<\/p>\n\n\n\n<p><br>\u00c9 preciso uma rea\u00e7\u00e3o eficaz e r\u00e1pida contra essa necropol\u00edtica genocida do Estado. N\u00e3o<br>podemos aceitar a impunidade e, muito menos , a banaliza\u00e7\u00e3o da viol\u00eancia policial, cruel e<br>racista. Cobramos uma investiga\u00e7\u00e3o rigorosa e imparcial das autoridades respons\u00e1veis e<br>exigimos que os culpados por essa chacina , a mais letal da hist\u00f3ria do Rio de Janeiro, sejam<br>responsabilizados.<\/p>\n\n\n\n<p><br>Nossa solidariedade aos moradores e moradoras do Jacarezinho , especialmente \u00e0s fam\u00edlias,<br>que perderam seus entes queridos nesta chacina.<\/p>\n\n\n\n<p class=\"has-text-align-right\">10 de maio de 2021.<br>Frente Internacional Brasileira contra o Golpe e pela Democracia &#8211; FIBRA<\/p>\n","protected":false,"gt_translate_keys":[{"key":"rendered","format":"html"}]},"excerpt":{"rendered":"<p>A FIBRA \u2013 Frente Internacional Brasileira contra o Golpe e pela Democracia, organiza\u00e7\u00e3ocomposta por mais de 90 coletivos ao redor do mundo, vem a p\u00fablico<\/p>\n","protected":false,"gt_translate_keys":[{"key":"rendered","format":"html"}]},"author":1,"featured_media":2978,"comment_status":"closed","ping_status":"open","sticky":false,"template":"","format":"standard","meta":{"om_disable_all_campaigns":false,"_eb_attr":"","footnotes":""},"categories":[1],"tags":[],"class_list":["post-2976","post","type-post","status-publish","format-standard","has-post-thumbnail","hentry","category-sem-categoria","three-columns"],"aioseo_notices":[],"rttpg_featured_image_url":null,"rttpg_author":{"display_name":"FibraInternacional","author_link":"https:\/\/fibrainternacional.org\/?author=1"},"rttpg_comment":0,"rttpg_category":"<a href=\"https:\/\/fibrainternacional.org\/?cat=1\" rel=\"category\">Sem categoria<\/a>","rttpg_excerpt":"A FIBRA \u2013 Frente Internacional Brasileira contra o Golpe e pela Democracia, organiza\u00e7\u00e3ocomposta por mais de 90 coletivos ao redor do mundo, vem a p\u00fablico","gt_translate_keys":[{"key":"link","format":"url"}],"_links":{"self":[{"href":"https:\/\/fibrainternacional.org\/index.php?rest_route=\/wp\/v2\/posts\/2976","targetHints":{"allow":["GET"]}}],"collection":[{"href":"https:\/\/fibrainternacional.org\/index.php?rest_route=\/wp\/v2\/posts"}],"about":[{"href":"https:\/\/fibrainternacional.org\/index.php?rest_route=\/wp\/v2\/types\/post"}],"author":[{"embeddable":true,"href":"https:\/\/fibrainternacional.org\/index.php?rest_route=\/wp\/v2\/users\/1"}],"replies":[{"embeddable":true,"href":"https:\/\/fibrainternacional.org\/index.php?rest_route=%2Fwp%2Fv2%2Fcomments&post=2976"}],"version-history":[{"count":0,"href":"https:\/\/fibrainternacional.org\/index.php?rest_route=\/wp\/v2\/posts\/2976\/revisions"}],"wp:featuredmedia":[{"embeddable":true,"href":"https:\/\/fibrainternacional.org\/index.php?rest_route=\/"}],"wp:attachment":[{"href":"https:\/\/fibrainternacional.org\/index.php?rest_route=%2Fwp%2Fv2%2Fmedia&parent=2976"}],"wp:term":[{"taxonomy":"category","embeddable":true,"href":"https:\/\/fibrainternacional.org\/index.php?rest_route=%2Fwp%2Fv2%2Fcategories&post=2976"},{"taxonomy":"post_tag","embeddable":true,"href":"https:\/\/fibrainternacional.org\/index.php?rest_route=%2Fwp%2Fv2%2Ftags&post=2976"}],"curies":[{"name":"wp","href":"https:\/\/api.w.org\/{rel}","templated":true}]}}