{"id":2981,"date":"2021-05-11T07:54:47","date_gmt":"2021-05-11T10:54:47","guid":{"rendered":"https:\/\/fibrabrasil.wordpress.com\/?p=2981"},"modified":"2021-05-11T07:54:47","modified_gmt":"2021-05-11T10:54:47","slug":"entre-fibra-cleire-sambo-entrevista-berit-thomsen","status":"publish","type":"post","link":"https:\/\/fibrainternacional.org\/?p=2981","title":{"rendered":"Entre-Fibra: Cleire Sambo entrevista BERIT THOMSEN","gt_translate_keys":[{"key":"rendered","format":"text"}]},"content":{"rendered":"\n<p>Cleire Sambo do Coletivo Desmascarando (Alemanha) e do Partido Verde alem\u00e3o B\u00fcndnis 90\/DIE GR\u00dcNEN, entrevista a assessora para assuntos internacionais da ABL &#8211; Confedera\u00e7\u00e3o das associa\u00e7\u00f5es de agricultores familiares e da economia rural &#8211; na Alemanha, Sra. BERIT THOMSEN, Conselheira de assuntos internacionais do mercado agr\u00edcola e agropecu\u00e1rio, representante da Confedera\u00e7\u00e3o Via Campesina na Europa. <\/p>\n\n\n\n<p>Metas e Lutas da ABL: Pre\u00e7os justos para produtos rurais Reformas na agropecu\u00e1ria e tratamento dos animais Fomento para projetos agropecu\u00e1rios sustent\u00e1veis, agroecol\u00f3gicos sociais e justos para os produtores, para o solo e para os animais. Produ\u00e7\u00e3o de alta qualidade sustent\u00e1vel ao inv\u00e9s de Exportdumping, Pol\u00edtica de prote\u00e7\u00e3o ao solo saud\u00e1vel, centro e sustento do agricultor familiar Direito ao livre uso de sementes e reprodu\u00e7\u00e3o de produtos naturais Agricultura livre de manipula\u00e7\u00e3o gen\u00e9tica Nenhum registro ou patente sobre a vida e os seres vivos. (Resist\u00eancia contra a manipula\u00e7\u00e3o gen\u00e9tica, contra engenharia gen\u00e9tica).<\/p>\n\n\n\n<p>Cleire Sambo von &#8220;Coletivo Desmascarando&#8221;\/BRD und der Partei B\u00fcndnis 90\/DIE GR\u00dcNEN interviewt die ABL Referentin f\u00fcr internationale Agrarpolitik, BERIT THOMSEN, auch Mitglied der internationalen Agrar Organisation Via Campesina in Europa. <\/p>\n\n\n\n<p>ABL steht f\u00fcr faire Erzeugerpreise, einen Umbau in der Tierhaltung, der b\u00e4uerliche Betriebe mitnimmt, Agrarzahlungen, die eine soziale, \u00f6kologische und tiergerechte Landwirtschaft f\u00f6rdern, Qualit\u00e4tserzeugung, statt Exportdumping, eine Bodenpolitik, die b\u00e4uerliche Betriebe in den Mittelpunkt stellt, ein Recht auf Nachbau, eine gentechnikfreie Landwirtschaft, kein Patent auf Leben. (Widerstand gegen Gentechnik). <\/p>\n\n\n\n<p><a rel=\"noreferrer noopener\" href=\"https:\/\/www.youtube.com\/redirect?event=video_description&amp;redir_token=QUFFLUhqbHduVUxiUjNOTV9VT2lKSzlJbk1wSjd5VVpLd3xBQ3Jtc0ttQTF3dnI1cnQ3a3VuRVFzcTRGeEFUb1BhVVBreUJrcHk2MG5naHRpekJJU245XzNNNC1Ock9BdjB2QkRveDEzOGhVNEprOFZ1SHAtOG0xRjJ1bVZxZ3pUNXhrd0tyTDFqSm9hSVFRZkU0TGVEbG9ybw&amp;q=https%3A%2F%2Fwww.abl-ev.de\" target=\"_blank\">https:\/\/www.abl-ev.de<\/a>\u200b <a rel=\"noreferrer noopener\" href=\"https:\/\/www.youtube.com\/redirect?event=video_description&amp;redir_token=QUFFLUhqazEtV3l5S0hnM2t4d0pwQ3RIREo2VGFocVVwQXxBQ3Jtc0tsYkJMWjJkMjk5OHpvUjRnbHVtbjZwSWRJd3lQcDhYUlNCUGJsekZyR0RDeTRFZ3E2NXV2S2FjV1ZIZTl6Z2o2QjdRMGZ6ZGgtNjcyb1FTUGpwdFBfXzhSZXdMZ2NZUDFiNVVWcmhEU3VweWNoLXdkdw&amp;q=https%3A%2F%2Fwww.abl-ev.de%2Fueber-uns%2Fbundesvorstand%2F\" target=\"_blank\">https:\/\/www.abl-ev.de\/ueber-uns\/bunde&#8230;<\/a>\u200b <\/p>\n\n\n\n<p>Sobre ABL &#8211; Pol\u00edtica Comercial Agropecu\u00e1ria: <a rel=\"noreferrer noopener\" href=\"https:\/\/www.youtube.com\/redirect?event=video_description&amp;redir_token=QUFFLUhqa29NYVlIZElTM0FybzVITnFBVVA3UEItWnRFd3xBQ3Jtc0tsX3RuOFRYVzBSdWVKZ1JNMFJaRnNTTUFNVW5ELWhaX2VxX09BcjQ4VUpoaWZVS2pZVlBoUWtVLTFQb1JTb0lGX09JeEpFTWFVcHRkcUpLalVrR3N4SDB2N3FVLVNKLUVfaHVqNnZsS1BlUExtdjM2RQ&amp;q=https%3A%2F%2Fwww.abl-ev.de%2Fthemen%2Fhandelspolitik%2F\" target=\"_blank\">https:\/\/www.abl-ev.de\/themen\/handelsp&#8230;<\/a><\/p>\n\n\n\n<p><a href=\"https:\/\/www.youtube.com\/hashtag\/fibrafrenteinternacional\">#FibraFrenteInternacional\u200b<\/a>\u200b <a href=\"https:\/\/www.youtube.com\/hashtag\/coletivodesmascarandobolsonaroj%C3%A1\">#ColetivoDesmascarandoBolsonaroJ\u00e1\u200b<\/a>\u200b <a href=\"https:\/\/www.youtube.com\/hashtag\/stopuemercosul\">#StopUEMercosul\u200b<\/a>\u200b <a href=\"https:\/\/www.youtube.com\/hashtag\/forabolsonaro\">#ForaBolsonaro<\/a>\u200b<\/p>\n","protected":false,"gt_translate_keys":[{"key":"rendered","format":"html"}]},"excerpt":{"rendered":"<p>Cleire Sambo do Coletivo Desmascarando (Alemanha) e do Partido Verde alem\u00e3o B\u00fcndnis 90\/DIE GR\u00dcNEN, entrevista a assessora para assuntos internacionais da ABL &#8211; Confedera\u00e7\u00e3o das<\/p>\n","protected":false,"gt_translate_keys":[{"key":"rendered","format":"html"}]},"author":1,"featured_media":2984,"comment_status":"closed","ping_status":"open","sticky":false,"template":"","format":"standard","meta":{"om_disable_all_campaigns":false,"_eb_attr":"","footnotes":""},"categories":[1],"tags":[],"class_list":["post-2981","post","type-post","status-publish","format-standard","has-post-thumbnail","hentry","category-sem-categoria","three-columns"],"aioseo_notices":[],"rttpg_featured_image_url":null,"rttpg_author":{"display_name":"FibraInternacional","author_link":"https:\/\/fibrainternacional.org\/?author=1"},"rttpg_comment":0,"rttpg_category":"<a href=\"https:\/\/fibrainternacional.org\/?cat=1\" rel=\"category\">Sem categoria<\/a>","rttpg_excerpt":"Cleire Sambo do Coletivo Desmascarando (Alemanha) e do Partido Verde alem\u00e3o B\u00fcndnis 90\/DIE GR\u00dcNEN, entrevista a assessora para assuntos internacionais da ABL &#8211; Confedera\u00e7\u00e3o das","gt_translate_keys":[{"key":"link","format":"url"}],"_links":{"self":[{"href":"https:\/\/fibrainternacional.org\/index.php?rest_route=\/wp\/v2\/posts\/2981","targetHints":{"allow":["GET"]}}],"collection":[{"href":"https:\/\/fibrainternacional.org\/index.php?rest_route=\/wp\/v2\/posts"}],"about":[{"href":"https:\/\/fibrainternacional.org\/index.php?rest_route=\/wp\/v2\/types\/post"}],"author":[{"embeddable":true,"href":"https:\/\/fibrainternacional.org\/index.php?rest_route=\/wp\/v2\/users\/1"}],"replies":[{"embeddable":true,"href":"https:\/\/fibrainternacional.org\/index.php?rest_route=%2Fwp%2Fv2%2Fcomments&post=2981"}],"version-history":[{"count":0,"href":"https:\/\/fibrainternacional.org\/index.php?rest_route=\/wp\/v2\/posts\/2981\/revisions"}],"wp:featuredmedia":[{"embeddable":true,"href":"https:\/\/fibrainternacional.org\/index.php?rest_route=\/"}],"wp:attachment":[{"href":"https:\/\/fibrainternacional.org\/index.php?rest_route=%2Fwp%2Fv2%2Fmedia&parent=2981"}],"wp:term":[{"taxonomy":"category","embeddable":true,"href":"https:\/\/fibrainternacional.org\/index.php?rest_route=%2Fwp%2Fv2%2Fcategories&post=2981"},{"taxonomy":"post_tag","embeddable":true,"href":"https:\/\/fibrainternacional.org\/index.php?rest_route=%2Fwp%2Fv2%2Ftags&post=2981"}],"curies":[{"name":"wp","href":"https:\/\/api.w.org\/{rel}","templated":true}]}}