{"id":3503,"date":"2021-06-30T10:53:29","date_gmt":"2021-06-30T13:53:29","guid":{"rendered":"https:\/\/fibrabrasil.wordpress.com\/?p=3503"},"modified":"2021-06-30T10:53:29","modified_gmt":"2021-06-30T13:53:29","slug":"3jnoexterior-fora-bolsonaro-pelo-mundo","status":"publish","type":"post","link":"https:\/\/fibrainternacional.org\/?p=3503","title":{"rendered":"3JnoExterior \u2013 Fora Bolsonaro pelo mundo!","gt_translate_keys":[{"key":"rendered","format":"text"}]},"content":{"rendered":"\n<p>N\u00f3s, resist\u00eancia no exterior, tamb\u00e9m iremos ocupar as ruas do mundo pelo Fora Bolsonaro! #3JForaBolsonaro<\/p>\n\n\n\n<p>Aqui a lista das cidades que j\u00e1 est\u00e3o com atos marcados:<\/p>\n\n\n\n<ol class=\"wp-block-list\"><li>2J &#8211; Alemanha &#8211; Frankfurt \u2013 R\u00f6merberg| 17h (hor\u00e1rio local)<\/li><li>Alemanha &#8211; Munique \u2013 Geschwister \u2013 Scholl- Platz| 11h (hor\u00e1rio local)<\/li><li>Alemanha &#8211; Berlim \u2013 Parizer Platz | 12h (hor\u00e1rio local)<\/li><li>Alemanha &#8211; Berlim &#8211; Humboldt Forum (concentra\u00e7\u00e3o)| 17h (hor\u00e1rio local)<\/li><li>Alemanha &#8211; Hamburgo &#8211; Gerhart-Houptmann-Platz | 12h (hor\u00e1rio local)<\/li><li>Alemanha &#8211; Freiburg im Breisgau | 13h (Concentrac\u0327a\u0303o-Konzerthaus) a\u0300s 14h (Te\u0301rmino-Europaplatz)<\/li><li>Argentina &#8211; Buenos Aires &#8211; Obelisco | 17h (hor\u00e1rio local)<\/li><li>\u00c1ustria &#8211; Viena &#8211; Stephansplatz | 10h ( hor\u00e1rio local)<\/li><li>B\u00e9lgica &#8211; Bruxelas &#8211; Placede l\u2019Albertine,1000 | 15h ( hor\u00e1rio local)<\/li><li>Canad\u00e1 &#8211; Quebec &#8211; H\u00f4tel du Parlement du Qu\u00e9bec| 10h (hor\u00e1rio local)<\/li><li>Canad\u00e1 &#8211; Montreal &#8211; Monument \u00e0 George-\u00c9tienne Cartier | 15h (hor\u00e1rio local)<\/li><li>Canad\u00e1 &#8211; Toronto &#8211; City Hall | 15h (hor\u00e1rio local)<\/li><li>Canad\u00e1 &#8211; Vancouver &#8211; Consulado Geral do Brasil | 11h30 ( hor\u00e1rio local)<\/li><li>Dinamarca &#8211;  Aarhus &#8211; M\u00f8lleparken | 15h (hor\u00e1rio local)<\/li><li>Espanha &#8211; Barcelona &#8211; Font de Canaletes (Las Ramblas) 19h &#8211; (hor\u00e1rio local)<\/li><li>Espanha &#8211; Madri &#8211; Madrid-rio (toboganes Parque de Arganzuela)| 21h ( hor\u00e1rio local)<\/li><li>Espanha &#8211; Madri &#8211; Picnic Pal\u00e1cio de Cristal no Parque Del Retiro | 18h (hor\u00e1rio local)<\/li><li>EUA &#8211; Nova York \u2013 Union Square | 16h (hor\u00e1rio local)<\/li><li>EUA- Los Angeles &#8211; em frente ao Federal Building | 10h am (hor\u00e1rio local)<\/li><li>EUA &#8211; Austin \u2013 (aguardando informa\u00e7\u00f5es)<\/li><li>EUA &#8211; Orlando &#8211; Persimmon Hollow Brewery, 227 N Eola Dr., FL32801| 5pm (hor\u00e1rio local)<\/li><li>EUA &#8211; Boston &#8211; Massashusetts &#8211; Consulado do Brasil| 15h (hor\u00e1rio local)<\/li><li>EUA &#8211; Newark &#8211; Nova Jersey &#8211; Ferry St&amp;Adam St| 12 \u00e0s 14h (hor\u00e1rio local)<\/li><li>Fran\u00e7a &#8211; Paris &#8211; (aguardando informa\u00e7\u00f5es)<\/li><li>Holanda &#8211; Amsterd\u00e3 &#8211; Dam 1 | 16h (hor\u00e1rio local)<\/li><li>Irlanda -Dublin \u2013 O\u2019connell Street| 11h (hor\u00e1rio local)<\/li><li>Irlanda &#8211; Cork &#8211; Daunt Square | 10am (hor\u00e1rio local)<\/li><li>It\u00e1lia &#8211; Bologna &#8211; Piazza di Porta Ravagnane (Duas Torres) | 19h30 (hor\u00e1rio local)<\/li><li>It\u00e1lia &#8211; Roma &#8211; Pomponio Leto , 02 | 21h (hor\u00e1rio local)<\/li><li>Portugal &#8211; Braga &#8211; Pra\u00e7a da Rep\u00fablica | 18h ( hor\u00e1rio local)<\/li><li>Portugal &#8211; Aveiro &#8211; Pra\u00e7a do Dr. Joaquim de Melo Freitas | 15h30 ( hor\u00e1rio local)<\/li><li>Portugal &#8211; Coimbra- Pra\u00e7a 8 de maio| 1h30 ( hor\u00e1rio local)<\/li><li>Portugal &#8211; Lisboa &#8211; Rossio (Pra\u00e7a D. Pedro IV) | 18h (hor\u00e1rio local)<\/li><li>Portugal &#8211; Lisboa &#8211; Coletivo Andorinha| A\u00e7\u00e3o online<\/li><li>Portugal &#8211; Porto &#8211; Solidariedade Brasileira | A\u00e7\u00e3o online<\/li><li>Portugal &#8211; Porto &#8211; Centro Portugu\u00eas de Fotografia, Largo Amor de Perdi\u00e7\u00e3o | 13h30 (hor\u00e1rio local)<\/li><li>UK &#8211; Londres \u2013 Embaixada do Brasil em Londres | 12pm (hor\u00e1rio local)<\/li><li>UK &#8211; Londres &#8211; Parliament Square (est\u00e1tua de Gandhi) | 15h (hor\u00e1rio local)<\/li><li>Sui\u00e7a &#8211; Genebra &#8211; Place des Nations | 11h ( hor\u00e1rio local)<\/li><li>Sui\u00e7a &#8211; Z\u00fcrich &#8211; Gemusebrucke |13h30 (hor\u00e1rio local)<\/li><li>Uruguay &#8211; Montevid\u00e9o &#8211; Embaixada do Brasil | 14h (hor\u00e1rio local)<\/li><li>4J &#8211; It\u00e1lia &#8211; Roma &#8211; It\u00e1lia &#8211; Piazza San Giovanni | 18h (hor\u00e1rio local)<\/li><\/ol>\n\n\n\n<p>Sistematiza\u00e7\u00e3o: Frente Internacional Brasileira Contra o golpe e pela Democracia &#8211; Fibra<\/p>\n","protected":false,"gt_translate_keys":[{"key":"rendered","format":"html"}]},"excerpt":{"rendered":"<p>N\u00f3s, resist\u00eancia no exterior, tamb\u00e9m iremos ocupar as ruas do mundo pelo Fora Bolsonaro! #3JForaBolsonaro Aqui a lista das cidades que j\u00e1 est\u00e3o com atos<\/p>\n","protected":false,"gt_translate_keys":[{"key":"rendered","format":"html"}]},"author":1,"featured_media":3511,"comment_status":"closed","ping_status":"open","sticky":false,"template":"","format":"standard","meta":{"om_disable_all_campaigns":false,"_eb_attr":"","footnotes":""},"categories":[1],"tags":[],"class_list":["post-3503","post","type-post","status-publish","format-standard","has-post-thumbnail","hentry","category-sem-categoria","three-columns"],"aioseo_notices":[],"rttpg_featured_image_url":null,"rttpg_author":{"display_name":"FibraInternacional","author_link":"https:\/\/fibrainternacional.org\/?author=1"},"rttpg_comment":0,"rttpg_category":"<a href=\"https:\/\/fibrainternacional.org\/?cat=1\" rel=\"category\">Sem categoria<\/a>","rttpg_excerpt":"N\u00f3s, resist\u00eancia no exterior, tamb\u00e9m iremos ocupar as ruas do mundo pelo Fora Bolsonaro! #3JForaBolsonaro Aqui a lista das cidades que j\u00e1 est\u00e3o com atos","gt_translate_keys":[{"key":"link","format":"url"}],"_links":{"self":[{"href":"https:\/\/fibrainternacional.org\/index.php?rest_route=\/wp\/v2\/posts\/3503","targetHints":{"allow":["GET"]}}],"collection":[{"href":"https:\/\/fibrainternacional.org\/index.php?rest_route=\/wp\/v2\/posts"}],"about":[{"href":"https:\/\/fibrainternacional.org\/index.php?rest_route=\/wp\/v2\/types\/post"}],"author":[{"embeddable":true,"href":"https:\/\/fibrainternacional.org\/index.php?rest_route=\/wp\/v2\/users\/1"}],"replies":[{"embeddable":true,"href":"https:\/\/fibrainternacional.org\/index.php?rest_route=%2Fwp%2Fv2%2Fcomments&post=3503"}],"version-history":[{"count":0,"href":"https:\/\/fibrainternacional.org\/index.php?rest_route=\/wp\/v2\/posts\/3503\/revisions"}],"wp:featuredmedia":[{"embeddable":true,"href":"https:\/\/fibrainternacional.org\/index.php?rest_route=\/"}],"wp:attachment":[{"href":"https:\/\/fibrainternacional.org\/index.php?rest_route=%2Fwp%2Fv2%2Fmedia&parent=3503"}],"wp:term":[{"taxonomy":"category","embeddable":true,"href":"https:\/\/fibrainternacional.org\/index.php?rest_route=%2Fwp%2Fv2%2Fcategories&post=3503"},{"taxonomy":"post_tag","embeddable":true,"href":"https:\/\/fibrainternacional.org\/index.php?rest_route=%2Fwp%2Fv2%2Ftags&post=3503"}],"curies":[{"name":"wp","href":"https:\/\/api.w.org\/{rel}","templated":true}]}}