{"id":3611,"date":"2021-07-10T04:45:34","date_gmt":"2021-07-10T07:45:34","guid":{"rendered":"https:\/\/fibrabrasil.wordpress.com\/?p=3611"},"modified":"2021-07-10T04:45:34","modified_gmt":"2021-07-10T07:45:34","slug":"campanha-internacional-solidaria-centro-de-formacao-paulo-freire-cfpf-mst","status":"publish","type":"post","link":"https:\/\/fibrainternacional.org\/?p=3611","title":{"rendered":"Campanha Internacional Solid\u00e1ria: Centro de Forma\u00e7\u00e3o Paulo Freire (CFPF\/MST)","gt_translate_keys":[{"key":"rendered","format":"text"}]},"content":{"rendered":"\n<p class=\"has-text-align-center\"><strong>Campanha de arrecada\u00e7\u00e3o de fundos internacionais para o Centro de Forma\u00e7\u00e3o Paulo Freire<\/strong><\/p>\n\n\n\n<div class=\"wp-block-columns is-layout-flex wp-container-core-columns-is-layout-9d6595d7 wp-block-columns-is-layout-flex\">\n<div class=\"wp-block-column is-layout-flow wp-block-column-is-layout-flow\">\n<div class=\"wp-block-image\"><figure class=\"aligncenter size-large is-resized\"><img fetchpriority=\"high\" decoding=\"async\" src=\"https:\/\/fibrabrasil.files.wordpress.com\/2021\/07\/screenshot-2021-07-15-at-10.14.46.png?w=1024\" alt=\"\" class=\"wp-image-3670\" width=\"534\" height=\"378\" \/><figcaption>CFPF Sede<\/figcaption><\/figure><\/div>\n<\/div>\n<\/div>\n\n\n\n<p class=\"has-drop-cap\">O <strong>Centro de Forma\u00e7\u00e3o Paulo Freire &#8211; CFPF<\/strong> foi fundado em 1998 e est\u00e1 localizado no assentamento Normandia, em Caruaru, interior de Pernambuco. Atuando como estrutura de apoio ao trabalho desenvolvido pelo Movimento dos Sem Terra (MST), o CFPF consolidou-se ao longo dos anos como importante refer\u00eancia no campo da educa\u00e7\u00e3o popular, forma\u00e7\u00e3o de professores, forma\u00e7\u00e3o de coordenadores e, em especial, na tarefa fundamental da transi\u00e7\u00e3o para a agroecologia.<\/p>\n\n\n\n<div class=\"wp-block-image\"><figure class=\"alignright size-large is-resized\"><img decoding=\"async\" src=\"https:\/\/fibrabrasil.files.wordpress.com\/2021\/07\/screenshot-2021-07-14-at-10.24.28.png?w=1024\" alt=\"\" class=\"wp-image-3643\" width=\"463\" height=\"130\" \/><figcaption> Canal do <em><a href=\"https:\/\/www.youtube.com\/c\/CentrodeForma%C3%A7%C3%A3oPauloFreire\/featured\">youtube<\/a><\/em> onde contam com mais de <strong><span style=\"color:#fa0505;\" class=\"has-inline-color\">12mil seguidores<\/span><\/strong>!<\/figcaption><\/figure><\/div>\n\n\n\n<p>O Centro n\u00e3o possui p\u00e1gina na web, por\u00e9m conta com o pr\u00f3prio canal no YouTube, onde \u00e9 poss\u00edvel encontrar uma videoteca poderosa reunindo cursos de forma\u00e7\u00e3o pol\u00edtica, campanhas de solidariedade diversas e um enorme n\u00famero de outros programas que concretizam seus esfor\u00e7os na amplia\u00e7\u00e3o e melhoria do acesso gratuito e irrestrito de educa\u00e7\u00e3o para as popula\u00e7\u00f5es atendidas.<\/p>\n\n\n\n<p>Com os tempos dif\u00edceis impostos pelo atual governo federal aos que vivem da terra e lutam pela terra, e com a infeliz chegada da pandemia de COVID19, o CFPF se viu duramente atingido, j\u00e1 que a imensa maior parte de seus recursos advinham dos cursos que ofereciam.&nbsp; \u00c9 tempo de a solidariedade internacional arrega\u00e7ar tamb\u00e9m as mangas e auxiliar na manuten\u00e7\u00e3o do Centro de Forma\u00e7\u00e3o Paulo Freire.<\/p>\n\n\n\n<p>Se tiver d\u00favidas ou n\u00e3o puder contribuir financeiramente mas gostaria de apoiar o Centro de Forma\u00e7\u00e3o de outra forma, entre em contato com <br>1. a FIBRA pelo email: fibracontraogolpe@gmail.com, ou <br>2. o Coletivo Amsterdam pelo e-mail: <a>coletivoamsterdam@gmail.com<\/a><\/p>\n\n\n\n<p><strong>Quer colaborar? Acesse a conta do Paypal clicando no bot\u00e3o abaixo:<\/strong> <\/p>\n\n\n\n<div class=\"wp-block-image\"><figure class=\"aligncenter size-large is-resized\"><a href=\"https:\/\/www.paypal.com\/donate?hosted_button_id=AA7YDF229G2FE\"><img decoding=\"async\" src=\"https:\/\/fibrabrasil.files.wordpress.com\/2021\/07\/2.png?w=1024\" alt=\"\" class=\"wp-image-3626\" width=\"189\" height=\"189\" \/><\/a><\/figure><\/div>\n\n\n\n<p><strong>Veja o v\u00eddeo da Campanha<\/strong>!<\/p>\n\n\n\n<figure class=\"wp-block-embed is-type-rich is-provider-youtube wp-block-embed-youtube wp-embed-aspect-16-9 wp-has-aspect-ratio\"><div class=\"wp-block-embed__wrapper\">\n<iframe title=\"Apoie o Centro de Forma\u00e7\u00e3o Paulo Freire!\" width=\"640\" height=\"360\" src=\"https:\/\/www.youtube.com\/embed\/IY6RKrkzHFs?feature=oembed\" frameborder=\"0\" allow=\"accelerometer; autoplay; clipboard-write; encrypted-media; gyroscope; picture-in-picture; web-share\" referrerpolicy=\"strict-origin-when-cross-origin\" allowfullscreen><\/iframe>\n<\/div><figcaption>Neste v\u00eddeo, apresentado pela <strong>educadora do Levante Popular da Juventude &#8211; Rosa Amorim<\/strong>, \u00e9 poss\u00edvel ver com clareza o maravilhoso trabalho desenvolvido pelo CFPF, bem como a situa\u00e7\u00e3o delicada que enfrentam neste momento.<\/figcaption><\/figure>\n","protected":false,"gt_translate_keys":[{"key":"rendered","format":"html"}]},"excerpt":{"rendered":"<p>Campanha de arrecada\u00e7\u00e3o de fundos internacionais para o Centro de Forma\u00e7\u00e3o Paulo Freire O Centro de Forma\u00e7\u00e3o Paulo Freire &#8211; CFPF foi fundado em 1998<\/p>\n","protected":false,"gt_translate_keys":[{"key":"rendered","format":"html"}]},"author":1,"featured_media":3674,"comment_status":"closed","ping_status":"open","sticky":false,"template":"","format":"standard","meta":{"om_disable_all_campaigns":false,"_eb_attr":"","footnotes":""},"categories":[1],"tags":[],"class_list":["post-3611","post","type-post","status-publish","format-standard","has-post-thumbnail","hentry","category-sem-categoria","three-columns"],"aioseo_notices":[],"rttpg_featured_image_url":null,"rttpg_author":{"display_name":"FibraInternacional","author_link":"https:\/\/fibrainternacional.org\/?author=1"},"rttpg_comment":0,"rttpg_category":"<a href=\"https:\/\/fibrainternacional.org\/?cat=1\" rel=\"category\">Sem categoria<\/a>","rttpg_excerpt":"Campanha de arrecada\u00e7\u00e3o de fundos internacionais para o Centro de Forma\u00e7\u00e3o Paulo Freire O Centro de Forma\u00e7\u00e3o Paulo Freire &#8211; CFPF foi fundado em 1998","gt_translate_keys":[{"key":"link","format":"url"}],"_links":{"self":[{"href":"https:\/\/fibrainternacional.org\/index.php?rest_route=\/wp\/v2\/posts\/3611","targetHints":{"allow":["GET"]}}],"collection":[{"href":"https:\/\/fibrainternacional.org\/index.php?rest_route=\/wp\/v2\/posts"}],"about":[{"href":"https:\/\/fibrainternacional.org\/index.php?rest_route=\/wp\/v2\/types\/post"}],"author":[{"embeddable":true,"href":"https:\/\/fibrainternacional.org\/index.php?rest_route=\/wp\/v2\/users\/1"}],"replies":[{"embeddable":true,"href":"https:\/\/fibrainternacional.org\/index.php?rest_route=%2Fwp%2Fv2%2Fcomments&post=3611"}],"version-history":[{"count":0,"href":"https:\/\/fibrainternacional.org\/index.php?rest_route=\/wp\/v2\/posts\/3611\/revisions"}],"wp:featuredmedia":[{"embeddable":true,"href":"https:\/\/fibrainternacional.org\/index.php?rest_route=\/"}],"wp:attachment":[{"href":"https:\/\/fibrainternacional.org\/index.php?rest_route=%2Fwp%2Fv2%2Fmedia&parent=3611"}],"wp:term":[{"taxonomy":"category","embeddable":true,"href":"https:\/\/fibrainternacional.org\/index.php?rest_route=%2Fwp%2Fv2%2Fcategories&post=3611"},{"taxonomy":"post_tag","embeddable":true,"href":"https:\/\/fibrainternacional.org\/index.php?rest_route=%2Fwp%2Fv2%2Ftags&post=3611"}],"curies":[{"name":"wp","href":"https:\/\/api.w.org\/{rel}","templated":true}]}}