{"id":3651,"date":"2021-07-14T18:15:18","date_gmt":"2021-07-14T21:15:18","guid":{"rendered":"https:\/\/fibrabrasil.wordpress.com\/?p=3651"},"modified":"2021-07-14T18:15:18","modified_gmt":"2021-07-14T21:15:18","slug":"a-acao-concreta-e-solidaria-de-belas-palavras","status":"publish","type":"post","link":"https:\/\/fibrainternacional.org\/?p=3651","title":{"rendered":"A a\u00e7\u00e3o concreta e solid\u00e1ria de belas palavras.","gt_translate_keys":[{"key":"rendered","format":"text"}]},"content":{"rendered":"\n<p class=\"has-text-align-right\">Holanda, 14 de Julho de 2021.<\/p>\n\n\n\n<div class=\"wp-block-image\"><figure class=\"alignright size-large is-resized\"><img decoding=\"async\" src=\"https:\/\/fibrabrasil.files.wordpress.com\/2021\/07\/0_fidel.jpeg?w=202\" alt=\"\" class=\"wp-image-3652\" width=\"156\" height=\"192\" \/><figcaption>\u201cEn las relaciones internacionales practicamos nuestra solidaridad con hechos, no con bellas palabras.\u201d Fidel Castro.<\/figcaption><\/figure><\/div>\n\n\n\n<p class=\"has-drop-cap\">H\u00e1 pouco, recebi um v\u00eddeo contendo mensagem do Prefeito de Bel\u00e9m\/PA, Edmilson Rodrigues (PSol). Nele, expressa sua solidariedade ao povo cubano diante dos acontecimentos dos \u00faltimos dias. A tal \u201crevolta popular\u201d, amplamente divulgada (e festejada) pela imprensa corporativa no Brasil e no mundo demonstrou, desde o domingo passado, que h\u00e1 que se estar atento \u00e0s narrativas que correm a explicar as imagens das manifesta\u00e7\u00f5es que tomaram as ruas de Cuba. Imagens que mostram uma rara situa\u00e7\u00e3o de protestos, aparentemente motivada pelo agravamento de uma crise financeira, que tudo indica ser causada pela combina\u00e7\u00e3o do aprofundamento do embargo econ\u00f4mico \u00e0 Ilha, na era Trump, e pelos consequentes desdobramentos da pandemia &#8211; em que a falta de respiradouros para UTI \u00e9 apenas uma das enormes dificuldades enfrentadas. Criminoso o <a href=\"https:\/\/www.dn.pt\/internacional\/onu-pede-fim-de-embargo-a-cuba-com-oposicao-de-eua-e-de-israel-13868225.html\">embargo<\/a> que torna ainda mais cruel a realidade imposta pelo v\u00edrus.<\/p>\n\n\n\n<p>A fala de Edmilson pontua com profundo conhecimento de causa, especialmente os aspectos pol\u00edticos do que ali se passa. Tudo leva a crer que a realidade escondida por tr\u00e1s das imagens veiculadas pela imprensa, indica outra investida imperialista para golpear novamente os legados sociais da revolu\u00e7\u00e3o cubana. Eu, por\u00e9m, conterr\u00e2nea e colega de profiss\u00e3o do prefeito Edmilson \u2013 al\u00e9m de sua amiga h\u00e1 muitos anos &#8211; percebi bem mais do que o v\u00eddeo nos exibe. Emocionei-me com o que vi, e isso me inspirou ao registro que aqui fa\u00e7o, neste dia.<\/p>\n\n\n\n<p>Explico minha motiva\u00e7\u00e3o voltando no tempo e relatando dois epis\u00f3dios, para mim simb\u00f3licos e que servem de baliza para avaliar a grandeza da fala de Edmilson.<\/p>\n\n\n\n<p>Em meados de 2019, o <a href=\"https:\/\/www.facebook.com\/amsterdampelademocracianobrasil\">Coletivo Amsterdam<\/a> articulava a vinda de Dilma para uma palestra na cidade. Lula estava preso e sua liberdade era bandeira de luta nossa e da Frente Internacional Brasileira (FIBRA). A despeito de qualquer cr\u00edtica que se tenha ao governo dela, sua figura de retid\u00e3o e coragem sempre nos inspirou sua defesa. Dilma revelou-se mulher resistente aos golpes impetrados pela misoginia a que esteve sujeita, deixando fluir nos encontros do exterior, um estilo capaz de dialogar com a milit\u00e2ncia internacional de forma direta e companheira. Qualidades que aumentaram ainda mais o carinho e admira\u00e7\u00e3o de muitos pela Presidenta aqui na Holanda. Naqueles dias, Dilma realizou v\u00e1rias turn\u00eas internacionais, onde denunciava e explicava o Golpe sofrido em 2016 e pedia justi\u00e7a e liberdade para Lula. Nossa motiva\u00e7\u00e3o foi rapidamente compreendida pelos holandeses e o evento lotou em menos de vinte e quatro horas! Como ex-chefa de Estado, havia um protocolo a seguir. Entramos em contato com a assessoria da rec\u00e9m-empossada prefeita de Amsterdam (<a href=\"https:\/\/pt.wikipedia.org\/wiki\/Femke_Halsema\">Femke Halsema<\/a>\/<a href=\"https:\/\/pt.wikipedia.org\/wiki\/Esquerda_Verde\">GroenLinks<\/a>) para que &nbsp;recebesse a Presidenta Dilma, tal como recomendava o protocolo habitual. Pelo fato da prefeita ser integrante da esquerda verde, achamos que seria tranquilo agendar com ela. Para nossa surpresa, recebemos um N\u00e3o, sob a raz\u00e3o de que a prefeita n\u00e3o se envolveria em pol\u00edtica partid\u00e1ria de outros pa\u00edses! \ud83d\ude20 Bizarro e verdadeiro!&#8230;<\/p>\n\n\n\n<p>Pouco tempo depois, alguns grupos, coletivos e comit\u00eas organizados na Europa, especialmente em Paris, por brasileiros e brasileiras progressistas, agendaram encontro semelhante com a Prefeita de Paris, <a href=\"https:\/\/pt.wikipedia.org\/wiki\/Anne_Hidalgo\">Anne Hidalgo<\/a>, eleita anos antes pelo Partido <a href=\"https:\/\/pt.wikipedia.org\/wiki\/Partido_Socialista_(Fran%C3%A7a)\">Socialista<\/a>. Anne n\u00e3o somente compreendeu a import\u00e2ncia da causa dos militantes e ativistas, como ainda patrocinou um evento p\u00fablico custeado pela prefeitura. Nele, ofereceu solidariedade \u00e0 Lula, concedendo-lhe o t\u00edtulo de <a href=\"https:\/\/institutolula.org\/lula-viaja-a-europa-para-receber-titulo-de-cidadao-honorario-de-paris?fbclid=IwAR1-qYCv3KI0fBReLV7UMRbHwXmKwNpghF-ZKerrR1lYFZYoK9PhkJFzwSA\">Cidad\u00e3o de Paris<\/a>. Desta forma, a prefeita de Paris empenhou sua empatia com a luta e os feitos do ex-Presidente Lula! Anne Hidalgo empunhou a coragem dos que tem por h\u00e1bito o compromisso com causas justas. Foi al\u00e9m e mais al\u00e9m do que ousara lhe pedir a milit\u00e2ncia. Ela o fez por acreditar na causa, depositando no gesto pol\u00edtico a envergadura do seu cargo, e sinalizando a import\u00e2ncia de tal defesa. A diferen\u00e7a de postura entra as duas prefeitas foi gigante naquele contexto pol\u00edtico perante toda a comunidade militante internacional. Diferen\u00e7a que situa, uma e outra, no lado da hist\u00f3ria que escolheram trilhar na vida p\u00fablica.<\/p>\n\n\n\n<p>E foram esses dois epis\u00f3dios que arrebataram em mim a emo\u00e7\u00e3o com o v\u00eddeo do Edmilson. Seu relato pessoal e emocionado, emprestando o peso do cargo que ocupa em solidariedade com o povo cubano demonstra a mesma coragem de Anne ao assumir o compromisso com uma causa justa. Suas belas palavras s\u00e3o ato concreto. A fala \u00e9 forte e posiciona o prefeito de Bel\u00e9m sob o contexto expresso por Fidel a cerca da solidariedade internacional.<\/p>\n\n\n\n<p>Confira o v\u00eddeo que transforma um discurso corajoso, em importante e oportuno ato solid\u00e1rio! Daqueles que tanto fazem falta nos dias de hoje!<\/p>\n\n\n\n<figure class=\"wp-block-embed is-type-rich is-provider-youtube wp-block-embed-youtube wp-embed-aspect-16-9 wp-has-aspect-ratio\"><div class=\"wp-block-embed__wrapper\">\n<iframe title=\"Mensagem de solidariedade ao povo cubano de Edmilson Rodrigues, Prefeito de Bel\u00e9m.\" width=\"640\" height=\"360\" src=\"https:\/\/www.youtube.com\/embed\/ZlXZLt4GtpI?feature=oembed\" frameborder=\"0\" allow=\"accelerometer; autoplay; clipboard-write; encrypted-media; gyroscope; picture-in-picture; web-share\" referrerpolicy=\"strict-origin-when-cross-origin\" allowfullscreen><\/iframe>\n<\/div><figcaption>Edmilson Rodrugues, prefeito de Bel\u00e9m\/PA<\/figcaption><\/figure>\n\n\n\n<p>Aqui da Holanda, envio votos de for\u00e7a e sabedoria ao povo cubano. Para que resistam com a ternura revolucion\u00e1ria com que v\u00eam escrevendo sua hist\u00f3ria e que lhes \u00e9 peculiar, desde sessenta anos!<\/p>\n\n\n\n<p>\u201cYo he visto al \u00e1guila herida<br> Volar al azul sereno<br> Y morir en su guarida<br> La v\u00edbora del veneno\u201d.  Pablo Milan\u00e9s.<\/p>\n\n\n\n<p><strong>Ana Isa v Dijk<\/strong><\/p>\n\n\n\n<p>(Arquiteta e urbanista; ativista fundadora do Coletivo Amsterdam e da FIBRA-Frente Internacional Brasileira pela Democracia e contra o Golpe).<\/p>\n\n\n\n<p><\/p>\n","protected":false,"gt_translate_keys":[{"key":"rendered","format":"html"}]},"excerpt":{"rendered":"<p>Holanda, 14 de Julho de 2021. H\u00e1 pouco, recebi um v\u00eddeo contendo mensagem do Prefeito de Bel\u00e9m\/PA, Edmilson Rodrigues (PSol). Nele, expressa sua solidariedade ao<\/p>\n","protected":false,"gt_translate_keys":[{"key":"rendered","format":"html"}]},"author":1,"featured_media":3660,"comment_status":"closed","ping_status":"open","sticky":false,"template":"","format":"standard","meta":{"om_disable_all_campaigns":false,"_eb_attr":"","footnotes":""},"categories":[6,9],"tags":[],"class_list":["post-3651","post","type-post","status-publish","format-standard","has-post-thumbnail","hentry","category-artigos","category-opiniao","three-columns"],"aioseo_notices":[],"rttpg_featured_image_url":null,"rttpg_author":{"display_name":"FibraInternacional","author_link":"https:\/\/fibrainternacional.org\/?author=1"},"rttpg_comment":0,"rttpg_category":"<a href=\"https:\/\/fibrainternacional.org\/?cat=6\" rel=\"category\">Artigos<\/a> <a href=\"https:\/\/fibrainternacional.org\/?cat=9\" rel=\"category\">opiniao<\/a>","rttpg_excerpt":"Holanda, 14 de Julho de 2021. H\u00e1 pouco, recebi um v\u00eddeo contendo mensagem do Prefeito de Bel\u00e9m\/PA, Edmilson Rodrigues (PSol). Nele, expressa sua solidariedade ao","gt_translate_keys":[{"key":"link","format":"url"}],"_links":{"self":[{"href":"https:\/\/fibrainternacional.org\/index.php?rest_route=\/wp\/v2\/posts\/3651","targetHints":{"allow":["GET"]}}],"collection":[{"href":"https:\/\/fibrainternacional.org\/index.php?rest_route=\/wp\/v2\/posts"}],"about":[{"href":"https:\/\/fibrainternacional.org\/index.php?rest_route=\/wp\/v2\/types\/post"}],"author":[{"embeddable":true,"href":"https:\/\/fibrainternacional.org\/index.php?rest_route=\/wp\/v2\/users\/1"}],"replies":[{"embeddable":true,"href":"https:\/\/fibrainternacional.org\/index.php?rest_route=%2Fwp%2Fv2%2Fcomments&post=3651"}],"version-history":[{"count":1,"href":"https:\/\/fibrainternacional.org\/index.php?rest_route=\/wp\/v2\/posts\/3651\/revisions"}],"predecessor-version":[{"id":7704,"href":"https:\/\/fibrainternacional.org\/index.php?rest_route=\/wp\/v2\/posts\/3651\/revisions\/7704"}],"wp:featuredmedia":[{"embeddable":true,"href":"https:\/\/fibrainternacional.org\/index.php?rest_route=\/"}],"wp:attachment":[{"href":"https:\/\/fibrainternacional.org\/index.php?rest_route=%2Fwp%2Fv2%2Fmedia&parent=3651"}],"wp:term":[{"taxonomy":"category","embeddable":true,"href":"https:\/\/fibrainternacional.org\/index.php?rest_route=%2Fwp%2Fv2%2Fcategories&post=3651"},{"taxonomy":"post_tag","embeddable":true,"href":"https:\/\/fibrainternacional.org\/index.php?rest_route=%2Fwp%2Fv2%2Ftags&post=3651"}],"curies":[{"name":"wp","href":"https:\/\/api.w.org\/{rel}","templated":true}]}}