{"id":4682,"date":"2021-08-03T08:39:47","date_gmt":"2021-08-03T06:39:47","guid":{"rendered":"https:\/\/fibrabrasil.wordpress.com\/?p=4682"},"modified":"2021-12-10T20:06:26","modified_gmt":"2021-12-10T19:06:26","slug":"tem-gente-com-fome-solidariedade-tambem-e-nao-esperar-pra-amanha","status":"publish","type":"post","link":"https:\/\/fibrainternacional.org\/?p=4682","title":{"rendered":"Tem gente com fome. Solidariedade tamb\u00e9m \u00e9 N\u00e3o Esperar Pra Amanh\u00e3!","gt_translate_keys":[{"key":"rendered","format":"text"}]},"content":{"rendered":"\n<p>@1flaviocarvalho, Coletivo Brasil Catalunha. Soci\u00f3logo e Escritor.<\/p>\n\n\n\n<p>Barcelona, 2 de agosto de 2021.<\/p>\n\n\n\n<div class=\"wp-block-image\"><figure class=\"alignright size-large is-resized\"><img fetchpriority=\"high\" decoding=\"async\" src=\"https:\/\/fibrabrasil.files.wordpress.com\/2021\/08\/screenshot-2021-08-03-at-10.46.26.png?w=1024\" alt=\"\" class=\"wp-image-4686\" width=\"322\" height=\"322\" \/><\/figure><\/div>\n\n\n\n<p class=\"has-drop-cap\">A grande novidade \u00e9, infelizmente, uma velha not\u00edcia: a fome no Brasil.<\/p>\n\n\n\n<p>\u201cQuem faz caf\u00e9 virar d\u00f3lar e faz arroz virar fome \u00e9 o mesmo que p\u00f5e a bomba suja no corpo do homem. Bomba colocada nele pelos s\u00e9culos de fome. E que explode em diarreia no corpo de quem n\u00e3o come. N\u00e3o \u00e9 uma bomba limpa: \u00e9 uma bomba suja e mansa que elimina sem barulho v\u00e1rios milh\u00f5es de crian\u00e7as\u201d. (A Bomba Suja. Poema de Ferreira Gullar).<\/p>\n\n\n\n<p>&nbsp;Vacina no Bra\u00e7o e Comida no Prato foram os temas principais das quatro \u00faltimas jornadas internacionais de protesto contra o desgoverno BolsoNero, convocadas pelas frentes de movimentos sociais brasileiros. Sempre com ampla repercuss\u00e3o no exterior. Agora, at\u00e9 a ordem da frase est\u00e1 se invertendo: Comida no Prato e Vacina no Bra\u00e7o, sem serem incompat\u00edveis.<\/p>\n\n\n\n<p>No momento em que as ajudas emergenciais est\u00e3o se acabando, agora que piora a crise econ\u00f4mica no Brasil, e que o pr\u00f3prio desgoverno aprofunda a crise institucional (como se n\u00e3o fosse suficiente estarmos no meio de uma Sindemia combinada com Genoc\u00eddio), o Mapa da Mis\u00e9ria, no Brasil, est\u00e1 retornando aos piores n\u00edveis do final do mil\u00eanio passado.<\/p>\n\n\n\n<p>Nesse sentido, a boa nova \u00e9 a resposta &#8211; dos coletivos internacionais que participam da Fibra &#8211; a uma demanda nacional e em perfeita sintonia com o que est\u00e1 acontecendo no nosso pa\u00eds. A imensa maioria do povo mais empobrecido carece das m\u00ednimas condi\u00e7\u00f5es (b\u00e1sicas, alimentares, de ajuda humanit\u00e1ria): a comida no prato \u00e9 fundamental, at\u00e9 mesmo na hora de sair pra luta antifascista.<\/p>\n\n\n\n<p>Morando no exterior, sempre tivemos que lidar com uma Falsa sensa\u00e7\u00e3o de que nos pa\u00edses do eixo norte do mundo, n\u00e3o h\u00e1 mis\u00e9ria. Mas, em perigosa compara\u00e7\u00e3o, \u00e9 ao mesmo tempo ineg\u00e1vel que a situa\u00e7\u00e3o de desmonte de qualquer estado de bem-estar social no Brasil ainda n\u00e3o nos tirou da triste heran\u00e7a escravocrata. N\u00e3o \u00e9 acaso que a maioria do povo seja a mesma maioria que mais sofre o racismo estrutural, cotidiano, que nunca foi sutil.<\/p>\n\n\n\n<p>Por isso, j\u00e1 no meio da Sindemia (a Pandemia caracterizada como desigual, como pior castigo aos mais vulner\u00e1veis), surgiram algumas campanhas \u2013 por espont\u00e2nea ideia dos coletivos participantes da Fibra, tanto na Europa quanto na Am\u00e9rica do Norte.<\/p>\n\n\n\n<p>Em Nova York, por exemplo, os coletivos \u201cMulheres da Resist\u00eancia no Exterior\u201d, \u201cBrado\u201d e \u201cReconvexo\u201d, se uniram numa campanha para arrecadar fundos para cinco organiza\u00e7\u00f5es no Brasil. Com o apoio solid\u00e1rio de 25 d\u00f3lares, as camisas #StopBolsonaro podem ser enviadas para qualquer lugar dos Estados Unidos, e 100% dos recursos arrecadados ser\u00e3o destinados ao US-BR Covid Relief. Motivos e formas diversas de ajudar \u2013 com dinheiro mesmo &#8211; n\u00e3o faltam.<\/p>\n\n\n\n<p>Um dos primeiros Coletivos a organizar uma campanha de arrecada\u00e7\u00e3o financeira direta, dentro da Fibra, foi o Coletivo de Amsterd\u00e3. E come\u00e7ou logo em dose dupla, plenamente consciente da urg\u00eancia. No website da Fibra, h\u00e1 duas campanhas j\u00e1 em bom andamento. Uma trata da arrecada\u00e7\u00e3o direta, sem intermedi\u00e1rios, para o <a href=\"https:\/\/fibrabrasil.wordpress.com\/2021\/07\/10\/campanha-internacional-solidaria-centro-de-formacao-paulo-freire-cfpf-mst\/\">Centro de Forma\u00e7\u00e3o Paulo Freire, do MST<\/a>. A outra, tamb\u00e9m de transfer\u00eancia banc\u00e1ria direta, est\u00e1 obtendo \u00eaxitos na arrecada\u00e7\u00e3o para o <a href=\"https:\/\/mtcbrasil.org.br\/campaigns\/fundo-emergencial-de-solidariedade-ao-mtc\/\">Fundo Emergencial do MTC <\/a>, cujo dinheiro vai para as mais de cinco mil fam\u00edlias do Movimento de Trabalhadoras e Trabalhadores do Campo, o MTC. Mas ainda falta a sua contribui\u00e7\u00e3o. Fa\u00e7a-o logo, por favor.Neste m\u00eas de agosto (corra, pois \u00e9 s\u00f3 at\u00e9 o dia 20), est\u00e1 sendo lan\u00e7ada outra iniciativa, junto com a Coaliz\u00e3o Negra por Direitos e com a ajuda do Fundo Brasil de Direitos Humanos. A <strong>Campanha Tem Gente Com Fome<\/strong> j\u00e1 \u00e9 todo um \u00eaxito internacional. Mas ainda cabe sua ajuda. O Coletivo por um Brasil Democr\u00e1tico de Los Angeles chama a aten\u00e7\u00e3o de todos os Coletivos da Fibra para este momento espec\u00edfico e intensivo: ajudar, doando dinheiro diretamente. <\/p>\n\n\n\n<div class=\"wp-block-image\"><figure class=\"alignright size-large is-resized\"><img decoding=\"async\" src=\"https:\/\/fibrabrasil.files.wordpress.com\/2021\/08\/screenshot-2021-08-03-at-13.37.45.png?w=1024\" alt=\"\" class=\"wp-image-4689\" width=\"259\" height=\"257\" \/><\/figure><\/div>\n\n\n\n<p>Importante lembrar que, qualquer recurso (por menor que seja), \u00e9 importante \u2013 principalmente depois da pol\u00edtica econ\u00f4mica desastrosa que desvalorizou muit\u00edssimo o Real, em rela\u00e7\u00e3o com outras moedas do mundo. Assim, o dinheiro de um almo\u00e7o na Europa, pode ajudar toda uma fam\u00edlia no Brasil, durante v\u00e1rios dias. E principalmente as fam\u00edlias que mais precisam dessa ajuda urgente.<\/p>\n\n\n\n<p>O Governo que cobra propina na compra de vacinas foi capaz de reduzir as ajudas sociais bem no meio desta crise sem precedentes. Crueldade? Genoc\u00eddio. Eliminar os mais pobres, ajudar os milion\u00e1rios que lhe apoiam, sacrificar ind\u00edgenas, quilombolas, povos tradicionais&#8230;<\/p>\n\n\n\n<p>Por \u00faltimo, existe a iniciativa desenvolvida na Catalunha, desde mais de dez anos, pela ONG Garraf Coopera, cujo coordenador \u00e9 participante da Fibra, em Barcelona. A iniciativa foi debatida na assembleia local da Fibra, no sindicato Comisiones Obreras, e segue a estrat\u00e9gia de ser assumida por coletivos que comp\u00f5em a Fibra, em duas linhas: uma a\u00e7\u00e3o emergencial, humanit\u00e1ria, de doa\u00e7\u00f5es de cestas b\u00e1sicas; e outra a\u00e7\u00e3o mais estrutural, em um projeto de coopera\u00e7\u00e3o internacional de longo prazo e com amplo reconhecimento no Brasil e no exterior. Esta campanha coordenada por mulheres, com a Justa Trama &#8211; rede de economia social e solid\u00e1ria, que envolve v\u00e1rios estados e movimentos sociais do Brasil (inclusive o MST e a CUT) &#8211; produziu um document\u00e1rio \u2013 em formato de cinema \u2013 cujo trailer pode ser assistido neste link: <a href=\"https:\/\/lajustatrama.wordpress.com\/el-documental\/\">https:\/\/lajustatrama.wordpress.com\/el-documental\/<\/a><\/p>\n\n\n\n<p>Fa\u00e7a a hora. N\u00e3o espere acontecer.<\/p>\n\n\n\n<p>\u201cMas precisamos agora deter o sabotador que instala a bomba da fome dentro do trabalhador. E, sobretudo, \u00e9 preciso trabalhar com seguran\u00e7a pra dentro de cada homem. Trocar a arma de fome, pela arma da esperan\u00e7a\u201d. (Gullar).<\/p>\n\n\n\n<p>Conhe\u00e7a! Divulgue!<\/p>\n\n\n\n<p><strong>A fome \u00e9 agora. Doe!<\/strong><\/p>\n","protected":false,"gt_translate_keys":[{"key":"rendered","format":"html"}]},"excerpt":{"rendered":"<p>@1flaviocarvalho, Coletivo Brasil Catalunha. Soci\u00f3logo e Escritor. Barcelona, 2 de agosto de 2021. A grande novidade \u00e9, infelizmente, uma velha not\u00edcia: a fome no Brasil.<\/p>\n","protected":false,"gt_translate_keys":[{"key":"rendered","format":"html"}]},"author":1,"featured_media":4686,"comment_status":"closed","ping_status":"open","sticky":false,"template":"","format":"standard","meta":{"om_disable_all_campaigns":false,"_eb_attr":"","footnotes":""},"categories":[6,202,9],"tags":[],"class_list":["post-4682","post","type-post","status-publish","format-standard","has-post-thumbnail","hentry","category-artigos","category-flavio","category-opiniao","three-columns"],"aioseo_notices":[],"rttpg_featured_image_url":null,"rttpg_author":{"display_name":"FibraInternacional","author_link":"https:\/\/fibrainternacional.org\/?author=1"},"rttpg_comment":0,"rttpg_category":"<a href=\"https:\/\/fibrainternacional.org\/?cat=6\" rel=\"category\">Artigos<\/a> <a href=\"https:\/\/fibrainternacional.org\/?cat=202\" rel=\"category\">Fl\u00e1vio Carvalho<\/a> <a href=\"https:\/\/fibrainternacional.org\/?cat=9\" rel=\"category\">opiniao<\/a>","rttpg_excerpt":"@1flaviocarvalho, Coletivo Brasil Catalunha. Soci\u00f3logo e Escritor. Barcelona, 2 de agosto de 2021. A grande novidade \u00e9, infelizmente, uma velha not\u00edcia: a fome no Brasil.","gt_translate_keys":[{"key":"link","format":"url"}],"_links":{"self":[{"href":"https:\/\/fibrainternacional.org\/index.php?rest_route=\/wp\/v2\/posts\/4682","targetHints":{"allow":["GET"]}}],"collection":[{"href":"https:\/\/fibrainternacional.org\/index.php?rest_route=\/wp\/v2\/posts"}],"about":[{"href":"https:\/\/fibrainternacional.org\/index.php?rest_route=\/wp\/v2\/types\/post"}],"author":[{"embeddable":true,"href":"https:\/\/fibrainternacional.org\/index.php?rest_route=\/wp\/v2\/users\/1"}],"replies":[{"embeddable":true,"href":"https:\/\/fibrainternacional.org\/index.php?rest_route=%2Fwp%2Fv2%2Fcomments&post=4682"}],"version-history":[{"count":1,"href":"https:\/\/fibrainternacional.org\/index.php?rest_route=\/wp\/v2\/posts\/4682\/revisions"}],"predecessor-version":[{"id":7703,"href":"https:\/\/fibrainternacional.org\/index.php?rest_route=\/wp\/v2\/posts\/4682\/revisions\/7703"}],"wp:featuredmedia":[{"embeddable":true,"href":"https:\/\/fibrainternacional.org\/index.php?rest_route=\/"}],"wp:attachment":[{"href":"https:\/\/fibrainternacional.org\/index.php?rest_route=%2Fwp%2Fv2%2Fmedia&parent=4682"}],"wp:term":[{"taxonomy":"category","embeddable":true,"href":"https:\/\/fibrainternacional.org\/index.php?rest_route=%2Fwp%2Fv2%2Fcategories&post=4682"},{"taxonomy":"post_tag","embeddable":true,"href":"https:\/\/fibrainternacional.org\/index.php?rest_route=%2Fwp%2Fv2%2Ftags&post=4682"}],"curies":[{"name":"wp","href":"https:\/\/api.w.org\/{rel}","templated":true}]}}