{"id":7338,"date":"2021-11-15T16:40:09","date_gmt":"2021-11-15T15:40:09","guid":{"rendered":"http:\/\/fibrainternacional.org\/?p=7338"},"modified":"2021-11-19T21:25:14","modified_gmt":"2021-11-19T20:25:14","slug":"fibra-nas-ruas-dia-da-consciencia-negra","status":"publish","type":"post","link":"https:\/\/fibrainternacional.org\/?p=7338","title":{"rendered":"FIBRA nas ruas: Dia da Consci\u00eancia Negra","gt_translate_keys":[{"key":"rendered","format":"text"}]},"content":{"rendered":"\n<h1 class=\"has-normal-font-size wp-block-heading\">#20Nforabolsonaroracista<br><br><strong>Lista de atos (no exterior) reunida pela FIBRA.<\/strong><\/h1>\n\n\n\n<p class=\"has-medium-font-size\"><strong>20 de novembro<\/strong> (s\u00e1bado \/ hora local)<\/p>\n\n\n\n<p>\ud83d\udc49\ud83c\udffe \ud83c\uddfe\ud83c\uddea <strong>Amsterd\u00e3<\/strong> (Holanda): 15h | Nieuwmarkt (Metr\u00f4 M51, M53, M54);<br>\ud83d\udc49\ud83c\udffe \ud83c\udde9\ud83c\uddea <strong>Berlim<\/strong> (Alemanha): 12h | Pariser Platz;<br>\ud83d\udc49\ud83c\udffe \ud83c\udde8\ud83c\uddee <strong>Bolonha<\/strong> (It\u00e1lia): 21h | Teatro Comunale di Conselice;<br>\ud83d\udc49\ud83c\udffe \ud83c\udde7\ud83c\uddea <strong>Bruxelas<\/strong> (B\u00e9lgica): de 15h \u00e0s 16h | LAMAB &#8211; Rue de l\u2019Association 14 &#8211; 1000;<br>\ud83d\udc49\ud83c\udffe \ud83c\udde9\ud83c\uddea <strong>Frankfurt aan Main<\/strong> (Alemanha):  15h | Kaiserplatz;<br>\ud83d\udc49\ud83c\udffe \ud83c\udde8\ud83c\udded <strong>Genebra<\/strong> (Su\u00ed\u00e7a): 11h-13h &#8211; Quai Wilson, 1201, en face du Palais Wilson;<br>\ud83d\udc49\ud83c\udffe \ud83c\uddf5\ud83c\uddf9 <strong>Lisboa <\/strong>(Portugal): 15h | Biblioteca da Casa do Alentejo (R. das Portas de Santo Ant\u00e3o, 72);<br>\ud83d\udc49\ud83c\udffe \ud83c\uddf5\ud83c\uddf9 <strong>Lisboa <\/strong>(Portugal): 16:30h | Pra\u00e7a do Munic\u00edpio;<br>\ud83d\udc49\ud83c\udffe \ud83c\uddf5\ud83c\uddf9 <strong>Lisboa <\/strong>(Portugal): 17h | Largo Cam\u00f5es;<br>\ud83d\udc49\ud83c\udfff \ud83c\uddec\ud83c\udde7 <strong>Londres<\/strong> (Inglaterra) 11h | Embaixada Brasileira;<br>\ud83d\udc49\ud83c\udffe \ud83c\uddfa\ud83c\uddf8 <strong>Nova York<\/strong> (EUA): 13h &#8211; The People&#8217;s Forum;<br>\ud83d\udc49\ud83c\udffe \ud83c\uddfa\ud83c\uddf8 <strong>Nova York<\/strong> (EUA): 16h | Times Square;<br>\ud83d\udc49\ud83c\udffe \ud83c\uddeb\ud83c\uddf7 <strong>Paris<\/strong> (Fran\u00e7a): de 18h \u00e0s 22h | 3 Place de Gr\u00e8s PCF 20\u00e8me;<br>\ud83d\udc49\ud83c\udffe \ud83c\uddf5\ud83c\uddf9 <strong>Porto<\/strong> (Portugal): 15h | Centro Portugu\u00eas de Fotografia;<br>\ud83d\udc49\ud83c\udffe \ud83c\uddee\ud83c\uddf9 <strong>Roma<\/strong> (It\u00e1lia): 17h | Piazza della Rep\u00fablica;<br>\ud83d\udc49\ud83c\udffe \ud83c\uddee\ud83c\uddf9 <strong>Roma<\/strong> (It\u00e1lia): 20h | Via Monte Testaccio 22.<\/p>\n\n\n\n<p><strong>21 de novembro<\/strong> (domingo \/ hora local)<\/p>\n\n\n\n<p>\ud83d\udc49\ud83c\udffe \ud83c\uddea\ud83c\uddf8 <strong>Madrid<\/strong> (Espanha): 17h | Sa\u00edda da Maloka, calle salitre 36.<\/p>\n\n\n\n<div class=\"wp-block-image\"><figure class=\"aligncenter size-medium\"><img fetchpriority=\"high\" decoding=\"async\" width=\"300\" height=\"300\" src=\"http:\/\/fibrainternacional.org\/wp-content\/uploads\/2021\/11\/Screenshot-2021-11-17-at-10.18.34-300x300.png\" alt=\"\" class=\"wp-image-7355\" srcset=\"https:\/\/fibrainternacional.org\/wp-content\/uploads\/2021\/11\/Screenshot-2021-11-17-at-10.18.34-300x300.png 300w, https:\/\/fibrainternacional.org\/wp-content\/uploads\/2021\/11\/Screenshot-2021-11-17-at-10.18.34-100x100.png 100w, https:\/\/fibrainternacional.org\/wp-content\/uploads\/2021\/11\/Screenshot-2021-11-17-at-10.18.34-600x599.png 600w, https:\/\/fibrainternacional.org\/wp-content\/uploads\/2021\/11\/Screenshot-2021-11-17-at-10.18.34-1024x1024.png 1024w, https:\/\/fibrainternacional.org\/wp-content\/uploads\/2021\/11\/Screenshot-2021-11-17-at-10.18.34-150x150.png 150w, https:\/\/fibrainternacional.org\/wp-content\/uploads\/2021\/11\/Screenshot-2021-11-17-at-10.18.34-768x767.png 768w, https:\/\/fibrainternacional.org\/wp-content\/uploads\/2021\/11\/Screenshot-2021-11-17-at-10.18.34-1536x1534.png 1536w, https:\/\/fibrainternacional.org\/wp-content\/uploads\/2021\/11\/Screenshot-2021-11-17-at-10.18.34-1170x1169.png 1170w, https:\/\/fibrainternacional.org\/wp-content\/uploads\/2021\/11\/Screenshot-2021-11-17-at-10.18.34.png 1594w\" sizes=\"(max-width: 300px) 100vw, 300px\" \/><\/figure><\/div>\n\n\n\n<p>\u270a \ud83d\udea9 <strong>O #ForaBolsonaroRacista \u00e9 uma constru\u00e7\u00e3o coletiva.<\/strong><\/p>\n\n\n\n<p><strong> <\/strong><\/p>\n","protected":false,"gt_translate_keys":[{"key":"rendered","format":"html"}]},"excerpt":{"rendered":"<p>#20Nforabolsonaroracista Lista de atos (no exterior) reunida pela FIBRA. 20 de novembro (s\u00e1bado \/ hora local) \ud83d\udc49\ud83c\udffe \ud83c\uddfe\ud83c\uddea Amsterd\u00e3 (Holanda): 15h | Nieuwmarkt (Metr\u00f4 M51,<\/p>\n","protected":false,"gt_translate_keys":[{"key":"rendered","format":"html"}]},"author":2,"featured_media":7355,"comment_status":"open","ping_status":"open","sticky":false,"template":"","format":"standard","meta":{"om_disable_all_campaigns":false,"_eb_attr":"","footnotes":""},"categories":[49,10],"tags":[],"class_list":["post-7338","post","type-post","status-publish","format-standard","has-post-thumbnail","hentry","category-agenda","category-reportagens","three-columns"],"aioseo_notices":[],"rttpg_featured_image_url":{"full":["https:\/\/fibrainternacional.org\/wp-content\/uploads\/2021\/11\/Screenshot-2021-11-17-at-10.18.34.png",1594,1592,false],"landscape":["https:\/\/fibrainternacional.org\/wp-content\/uploads\/2021\/11\/Screenshot-2021-11-17-at-10.18.34.png",1594,1592,false],"portraits":["https:\/\/fibrainternacional.org\/wp-content\/uploads\/2021\/11\/Screenshot-2021-11-17-at-10.18.34.png",1594,1592,false],"thumbnail":["https:\/\/fibrainternacional.org\/wp-content\/uploads\/2021\/11\/Screenshot-2021-11-17-at-10.18.34-150x150.png",150,150,true],"medium":["https:\/\/fibrainternacional.org\/wp-content\/uploads\/2021\/11\/Screenshot-2021-11-17-at-10.18.34-300x300.png",300,300,true],"large":["https:\/\/fibrainternacional.org\/wp-content\/uploads\/2021\/11\/Screenshot-2021-11-17-at-10.18.34-1024x1024.png",640,640,true],"1536x1536":["https:\/\/fibrainternacional.org\/wp-content\/uploads\/2021\/11\/Screenshot-2021-11-17-at-10.18.34-1536x1534.png",1536,1534,true],"2048x2048":["https:\/\/fibrainternacional.org\/wp-content\/uploads\/2021\/11\/Screenshot-2021-11-17-at-10.18.34.png",1594,1592,false],"refined-magazine-carousel-img":["https:\/\/fibrainternacional.org\/wp-content\/uploads\/2021\/11\/Screenshot-2021-11-17-at-10.18.34-783x450.png",783,450,true],"refined-magazine-carousel-img-landscape":["https:\/\/fibrainternacional.org\/wp-content\/uploads\/2021\/11\/Screenshot-2021-11-17-at-10.18.34-783x225.png",783,225,true],"refined-magazine-carousel-large-img":["https:\/\/fibrainternacional.org\/wp-content\/uploads\/2021\/11\/Screenshot-2021-11-17-at-10.18.34-1000x574.png",1000,574,true],"refined-magazine-carousel-large-img-landscape":["https:\/\/fibrainternacional.org\/wp-content\/uploads\/2021\/11\/Screenshot-2021-11-17-at-10.18.34-1000x287.png",1000,287,true],"refined-magazine-large-thumb":["https:\/\/fibrainternacional.org\/wp-content\/uploads\/2021\/11\/Screenshot-2021-11-17-at-10.18.34-1170x1169.png",1170,1169,true],"refined-magazine-small-thumb":["https:\/\/fibrainternacional.org\/wp-content\/uploads\/2021\/11\/Screenshot-2021-11-17-at-10.18.34-350x220.png",350,220,true]},"rttpg_author":{"display_name":"clearwaterdijk","author_link":"https:\/\/fibrainternacional.org\/?author=2"},"rttpg_comment":1,"rttpg_category":"<a href=\"https:\/\/fibrainternacional.org\/?cat=49\" rel=\"category\">Agenda<\/a> <a href=\"https:\/\/fibrainternacional.org\/?cat=10\" rel=\"category\">Reportagens<\/a>","rttpg_excerpt":"#20Nforabolsonaroracista Lista de atos (no exterior) reunida pela FIBRA. 20 de novembro (s\u00e1bado \/ hora local) \ud83d\udc49\ud83c\udffe \ud83c\uddfe\ud83c\uddea Amsterd\u00e3 (Holanda): 15h | Nieuwmarkt (Metr\u00f4 M51,","gt_translate_keys":[{"key":"link","format":"url"}],"_links":{"self":[{"href":"https:\/\/fibrainternacional.org\/index.php?rest_route=\/wp\/v2\/posts\/7338","targetHints":{"allow":["GET"]}}],"collection":[{"href":"https:\/\/fibrainternacional.org\/index.php?rest_route=\/wp\/v2\/posts"}],"about":[{"href":"https:\/\/fibrainternacional.org\/index.php?rest_route=\/wp\/v2\/types\/post"}],"author":[{"embeddable":true,"href":"https:\/\/fibrainternacional.org\/index.php?rest_route=\/wp\/v2\/users\/2"}],"replies":[{"embeddable":true,"href":"https:\/\/fibrainternacional.org\/index.php?rest_route=%2Fwp%2Fv2%2Fcomments&post=7338"}],"version-history":[{"count":18,"href":"https:\/\/fibrainternacional.org\/index.php?rest_route=\/wp\/v2\/posts\/7338\/revisions"}],"predecessor-version":[{"id":7444,"href":"https:\/\/fibrainternacional.org\/index.php?rest_route=\/wp\/v2\/posts\/7338\/revisions\/7444"}],"wp:featuredmedia":[{"embeddable":true,"href":"https:\/\/fibrainternacional.org\/index.php?rest_route=\/wp\/v2\/media\/7355"}],"wp:attachment":[{"href":"https:\/\/fibrainternacional.org\/index.php?rest_route=%2Fwp%2Fv2%2Fmedia&parent=7338"}],"wp:term":[{"taxonomy":"category","embeddable":true,"href":"https:\/\/fibrainternacional.org\/index.php?rest_route=%2Fwp%2Fv2%2Fcategories&post=7338"},{"taxonomy":"post_tag","embeddable":true,"href":"https:\/\/fibrainternacional.org\/index.php?rest_route=%2Fwp%2Fv2%2Ftags&post=7338"}],"curies":[{"name":"wp","href":"https:\/\/api.w.org\/{rel}","templated":true}]}}