{"id":7405,"date":"2021-11-19T14:41:26","date_gmt":"2021-11-19T13:41:26","guid":{"rendered":"http:\/\/fibrainternacional.org\/?p=7405"},"modified":"2022-07-25T23:28:05","modified_gmt":"2022-07-25T21:28:05","slug":"fibra-verde","status":"publish","type":"post","link":"https:\/\/fibrainternacional.org\/?p=7405","title":{"rendered":"Fibra Verde","gt_translate_keys":[{"key":"rendered","format":"text"}]},"content":{"rendered":"\n<p>Apresentamos FIBRA VERDE, programa focado na quest\u00e3o ambiental. Todo terceiro domingo do m\u00eas levamos ao p\u00fablico essa pauta, para ampliar o debate e chamar a aten\u00e7\u00e3o da comunidade internacional para a situa\u00e7\u00e3o de desmonte das pol\u00edticas ambientais do atual governo brasileiro (2021). A ideia \u00e9 mostrar como o ecocida Bolsonaro atua na contram\u00e3o dos chamados \u201cobjetivos do mil\u00eanio\u201d &#8211; os 17 Objetivos de Desenvolvimento Sustent\u00e1vel aprovados pela ONU para 2030.<\/p>\n\n\n\n<p>A s\u00e9rie pretende dar visibilidade e apoio a todxs que atuam em defesa da vida e da preserva\u00e7\u00e3o da natureza.<\/p>\n\n\n\n<hr class=\"wp-block-separator has-css-opacity\"\/>\n\n\n\n<div class=\"wp-block-media-text alignwide is-stacked-on-mobile\" style=\"grid-template-columns:27% auto\"><figure class=\"wp-block-media-text__media\"><img fetchpriority=\"high\" decoding=\"async\" width=\"1024\" height=\"575\" src=\"http:\/\/fibrainternacional.org\/wp-content\/uploads\/2021\/11\/Screenshot-2022-07-23-at-23.55.40-1024x575.png\" alt=\"Fibra Verde #11\" class=\"wp-image-8844 size-full\" srcset=\"https:\/\/fibrainternacional.org\/wp-content\/uploads\/2021\/11\/Screenshot-2022-07-23-at-23.55.40-1024x575.png 1024w, https:\/\/fibrainternacional.org\/wp-content\/uploads\/2021\/11\/Screenshot-2022-07-23-at-23.55.40-600x337.png 600w, https:\/\/fibrainternacional.org\/wp-content\/uploads\/2021\/11\/Screenshot-2022-07-23-at-23.55.40-300x168.png 300w, https:\/\/fibrainternacional.org\/wp-content\/uploads\/2021\/11\/Screenshot-2022-07-23-at-23.55.40-768x431.png 768w, https:\/\/fibrainternacional.org\/wp-content\/uploads\/2021\/11\/Screenshot-2022-07-23-at-23.55.40-1536x862.png 1536w, https:\/\/fibrainternacional.org\/wp-content\/uploads\/2021\/11\/Screenshot-2022-07-23-at-23.55.40-2048x1149.png 2048w, https:\/\/fibrainternacional.org\/wp-content\/uploads\/2021\/11\/Screenshot-2022-07-23-at-23.55.40-1170x657.png 1170w\" sizes=\"(max-width: 1024px) 100vw, 1024px\" \/><\/figure><div class=\"wp-block-media-text__content\">\n<p class=\"has-small-font-size\"><strong><a href=\"https:\/\/youtu.be\/46Uji_teDNY\" target=\"_blank\" rel=\"noreferrer noopener\">Programa 11<\/a><\/strong><a href=\"https:\/\/youtu.be\/lNTJpysNy4A\" target=\"_blank\" rel=\"noreferrer noopener\"><strong>:<\/strong><\/a> <strong>17\/07\/2022<\/strong><br>O programa FibraVerde #11 desse domingo abordar\u00e1 os caminhos da reconstru\u00e7\u00e3o nacional atrav\u00e9s da consolida\u00e7\u00e3o de\u00a0 programas agroecol\u00f3gicos \u00a0constru\u00eddos por movimentos populares urbanos, do campo e das florestas e atrav\u00e9s do apoio \u00e0s candidaturas aos legislativos federal e estaduais de candidatos progressistas que defendem a pauta da agroecologia, da reforma agr\u00e1ria, do desenvolvimento da agricultura familiar, da seguran\u00e7a alimentar, dos direitos humanos da popula\u00e7\u00e3o ind\u00edgena, quilombola, ribeirinha, e de seus defensores ambientalistas.<\/p>\n<\/div><\/div>\n\n\n\n<div class=\"wp-block-media-text alignwide is-stacked-on-mobile\" style=\"grid-template-columns:27% auto\"><figure class=\"wp-block-media-text__media\"><img decoding=\"async\" width=\"1024\" height=\"574\" src=\"http:\/\/fibrainternacional.org\/wp-content\/uploads\/2021\/11\/Screenshot-2022-07-25-at-23.10.28-1024x574.png\" alt=\"\" class=\"wp-image-8878 size-full\" srcset=\"https:\/\/fibrainternacional.org\/wp-content\/uploads\/2021\/11\/Screenshot-2022-07-25-at-23.10.28-1024x574.png 1024w, https:\/\/fibrainternacional.org\/wp-content\/uploads\/2021\/11\/Screenshot-2022-07-25-at-23.10.28-600x336.png 600w, https:\/\/fibrainternacional.org\/wp-content\/uploads\/2021\/11\/Screenshot-2022-07-25-at-23.10.28-300x168.png 300w, https:\/\/fibrainternacional.org\/wp-content\/uploads\/2021\/11\/Screenshot-2022-07-25-at-23.10.28-768x430.png 768w, https:\/\/fibrainternacional.org\/wp-content\/uploads\/2021\/11\/Screenshot-2022-07-25-at-23.10.28-1536x861.png 1536w, https:\/\/fibrainternacional.org\/wp-content\/uploads\/2021\/11\/Screenshot-2022-07-25-at-23.10.28-2048x1148.png 2048w, https:\/\/fibrainternacional.org\/wp-content\/uploads\/2021\/11\/Screenshot-2022-07-25-at-23.10.28-1170x656.png 1170w\" sizes=\"(max-width: 1024px) 100vw, 1024px\" \/><\/figure><div class=\"wp-block-media-text__content\">\n<p class=\"has-small-font-size\"><strong><a href=\"https:\/\/youtu.be\/jHZS2z4kDVA\" target=\"_blank\" rel=\"noreferrer noopener\">Programa 10<\/a><\/strong><a href=\"https:\/\/youtu.be\/jHZS2z4kDVA\" target=\"_blank\" rel=\"noreferrer noopener\"><strong>:<\/strong><\/a> <strong>19\/06\/2022<\/strong><br>Neste domingo, 19 de junho, Rebeca R. Lang e Divaneide de Souza conversam com Fl\u00e1vio Torres sobre a campanha contra o licenciamento ambiental para que explorem uma mina na Serra do Curral, reserva natural de BH. Fl\u00e1vio Torres \u00e9 Soci\u00f3logo, Mestre em Ci\u00eancias Sociais \/ Gest\u00e3o das Cidades &#8211; PUC Minas, Especialista em Gest\u00e3o Ambiental IEC PUC Minas, Analista de Pol\u00edticas P\u00fablicas da Prefeitura Municipal de Belo Horizonte. Ele atua tamb\u00e9m no Movimento Salve a Serra do Curral e Coletivo Alvorada, e foi assessor parlamentar na C\u00e2mara Municipal de Belo Horizonte entre 2015 e 2020.<\/p>\n<\/div><\/div>\n\n\n\n<div class=\"wp-block-media-text alignwide is-stacked-on-mobile\" style=\"grid-template-columns:27% auto\"><figure class=\"wp-block-media-text__media\"><img decoding=\"async\" width=\"1024\" height=\"575\" src=\"http:\/\/fibrainternacional.org\/wp-content\/uploads\/2021\/11\/Screenshot-2022-07-25-at-23.14.37-1024x575.png\" alt=\"\" class=\"wp-image-8879 size-full\" srcset=\"https:\/\/fibrainternacional.org\/wp-content\/uploads\/2021\/11\/Screenshot-2022-07-25-at-23.14.37-1024x575.png 1024w, https:\/\/fibrainternacional.org\/wp-content\/uploads\/2021\/11\/Screenshot-2022-07-25-at-23.14.37-600x337.png 600w, https:\/\/fibrainternacional.org\/wp-content\/uploads\/2021\/11\/Screenshot-2022-07-25-at-23.14.37-300x169.png 300w, https:\/\/fibrainternacional.org\/wp-content\/uploads\/2021\/11\/Screenshot-2022-07-25-at-23.14.37-768x432.png 768w, https:\/\/fibrainternacional.org\/wp-content\/uploads\/2021\/11\/Screenshot-2022-07-25-at-23.14.37-1536x863.png 1536w, https:\/\/fibrainternacional.org\/wp-content\/uploads\/2021\/11\/Screenshot-2022-07-25-at-23.14.37-2048x1151.png 2048w, https:\/\/fibrainternacional.org\/wp-content\/uploads\/2021\/11\/Screenshot-2022-07-25-at-23.14.37-1170x657.png 1170w\" sizes=\"(max-width: 1024px) 100vw, 1024px\" \/><\/figure><div class=\"wp-block-media-text__content\">\n<p class=\"has-small-font-size\"><strong><a href=\"https:\/\/youtu.be\/46Uji_teDNY\" target=\"_blank\" rel=\"noreferrer noopener\">Programa 09<\/a><\/strong><a href=\"https:\/\/youtu.be\/jHZS2z4kDVA\" target=\"_blank\" rel=\"noreferrer noopener\"><strong>:<\/strong><\/a> <strong>15\/05\/2022<\/strong><br>Neste domingo, 15 de maio, no Programa Vozes de Fibra vamos bater um papo com representantes de grupos-coletivos\/ movimentos de mulheres agricultoras de AL, MG e MS vencedoras do pr\u00eamio &#8220;Mulheres Rurais- Espanha Reconhece&#8221;, concedido pela Embaixada da Espanha no \u00faltimo dia 28 de abril. O objetivo do concurso foi dar destaque \u00e0s experi\u00eancias que incentivem a autonomia econ\u00f4mica das mulheres rurais.<\/p>\n<\/div><\/div>\n\n\n\n<div class=\"wp-block-media-text alignwide is-stacked-on-mobile\" style=\"grid-template-columns:27% auto\"><figure class=\"wp-block-media-text__media\"><img loading=\"lazy\" decoding=\"async\" width=\"1024\" height=\"573\" src=\"http:\/\/fibrainternacional.org\/wp-content\/uploads\/2021\/11\/Screenshot-2022-07-25-at-23.24.41-1024x573.png\" alt=\"\" class=\"wp-image-8880 size-full\" srcset=\"https:\/\/fibrainternacional.org\/wp-content\/uploads\/2021\/11\/Screenshot-2022-07-25-at-23.24.41-1024x573.png 1024w, https:\/\/fibrainternacional.org\/wp-content\/uploads\/2021\/11\/Screenshot-2022-07-25-at-23.24.41-600x336.png 600w, https:\/\/fibrainternacional.org\/wp-content\/uploads\/2021\/11\/Screenshot-2022-07-25-at-23.24.41-300x168.png 300w, https:\/\/fibrainternacional.org\/wp-content\/uploads\/2021\/11\/Screenshot-2022-07-25-at-23.24.41-768x430.png 768w, https:\/\/fibrainternacional.org\/wp-content\/uploads\/2021\/11\/Screenshot-2022-07-25-at-23.24.41-1170x655.png 1170w, https:\/\/fibrainternacional.org\/wp-content\/uploads\/2021\/11\/Screenshot-2022-07-25-at-23.24.41.png 1254w\" sizes=\"(max-width: 1024px) 100vw, 1024px\" \/><\/figure><div class=\"wp-block-media-text__content\">\n<p class=\"has-small-font-size\"><strong><a href=\"https:\/\/youtu.be\/46Uji_teDNY\" target=\"_blank\" rel=\"noreferrer noopener\">Programa 08<\/a><\/strong><a href=\"https:\/\/youtu.be\/jHZS2z4kDVA\" target=\"_blank\" rel=\"noreferrer noopener\"><strong>:<\/strong><\/a> <strong>17\/04\/2022<\/strong><br>Temas: &#8211; A organiza\u00e7\u00e3o e resist\u00eancia das Mulheres Ind\u00edgenas contra os avan\u00e7os do Agroneg\u00f3cio no Estado do Mato Grosso: Ocupa\u00e7\u00f5es e arrendamentos ilegais, pulveriza\u00e7\u00e3o \u00e1rea, amea\u00e7as aos territ\u00f3rios e a biodiversidade.<\/p>\n<\/div><\/div>\n\n\n\n<div class=\"wp-block-media-text alignwide is-stacked-on-mobile\" style=\"grid-template-columns:27% auto\"><figure class=\"wp-block-media-text__media\"><img loading=\"lazy\" decoding=\"async\" width=\"1024\" height=\"576\" src=\"http:\/\/fibrainternacional.org\/wp-content\/uploads\/2021\/11\/20.02-FIBRA-VERDE-Post-para-Twitter-1024x576.jpg\" alt=\"\" class=\"wp-image-8430 size-full\" srcset=\"https:\/\/fibrainternacional.org\/wp-content\/uploads\/2021\/11\/20.02-FIBRA-VERDE-Post-para-Twitter-1024x576.jpg 1024w, https:\/\/fibrainternacional.org\/wp-content\/uploads\/2021\/11\/20.02-FIBRA-VERDE-Post-para-Twitter-600x338.jpg 600w, https:\/\/fibrainternacional.org\/wp-content\/uploads\/2021\/11\/20.02-FIBRA-VERDE-Post-para-Twitter-300x169.jpg 300w, https:\/\/fibrainternacional.org\/wp-content\/uploads\/2021\/11\/20.02-FIBRA-VERDE-Post-para-Twitter-768x432.jpg 768w, https:\/\/fibrainternacional.org\/wp-content\/uploads\/2021\/11\/20.02-FIBRA-VERDE-Post-para-Twitter-1536x864.jpg 1536w, https:\/\/fibrainternacional.org\/wp-content\/uploads\/2021\/11\/20.02-FIBRA-VERDE-Post-para-Twitter-1170x658.jpg 1170w, https:\/\/fibrainternacional.org\/wp-content\/uploads\/2021\/11\/20.02-FIBRA-VERDE-Post-para-Twitter.jpg 1600w\" sizes=\"(max-width: 1024px) 100vw, 1024px\" \/><\/figure><div class=\"wp-block-media-text__content\">\n<p class=\"has-small-font-size\"><a href=\"https:\/\/youtu.be\/lNTJpysNy4A\" target=\"_blank\" rel=\"noreferrer noopener\"><strong>Programa 07:<\/strong><\/a> <strong>20\/02\/2022<\/strong><br>Nesse domingo, vamos entender o que distancia a Agroecologia do Agroneg\u00f3cio com Jakeline Pivato, da Campanha Permanente Contra os Agrotoxicos e Pela Vida e junto com o Observat\u00f3rio da Natureza do Levante das Mulheres Brasileiras e nosso convidado Chico Whitaker convidaremos voc\u00eas a se engajarem em duas campanhas que visam a organizar a resist\u00eancia \u00e0 pol\u00edtica de destrui\u00e7\u00e3o em curso sem mais tardar. Porque esperan\u00e7ar significa tamb\u00e9m a\u00e7\u00e3o, resist\u00eancia e luta.<\/p>\n<\/div><\/div>\n\n\n\n<div class=\"wp-block-media-text alignwide is-stacked-on-mobile\" style=\"grid-template-columns:27% auto\"><figure class=\"wp-block-media-text__media\"><img loading=\"lazy\" decoding=\"async\" width=\"1024\" height=\"1021\" src=\"http:\/\/fibrainternacional.org\/wp-content\/uploads\/2021\/11\/Screenshot-2022-01-21-at-00.26.45-1024x1021.png\" alt=\"\" class=\"wp-image-8029 size-full\" srcset=\"https:\/\/fibrainternacional.org\/wp-content\/uploads\/2021\/11\/Screenshot-2022-01-21-at-00.26.45-1024x1021.png 1024w, https:\/\/fibrainternacional.org\/wp-content\/uploads\/2021\/11\/Screenshot-2022-01-21-at-00.26.45-300x300.png 300w, https:\/\/fibrainternacional.org\/wp-content\/uploads\/2021\/11\/Screenshot-2022-01-21-at-00.26.45-100x100.png 100w, https:\/\/fibrainternacional.org\/wp-content\/uploads\/2021\/11\/Screenshot-2022-01-21-at-00.26.45-600x598.png 600w, https:\/\/fibrainternacional.org\/wp-content\/uploads\/2021\/11\/Screenshot-2022-01-21-at-00.26.45-150x150.png 150w, https:\/\/fibrainternacional.org\/wp-content\/uploads\/2021\/11\/Screenshot-2022-01-21-at-00.26.45-768x766.png 768w, https:\/\/fibrainternacional.org\/wp-content\/uploads\/2021\/11\/Screenshot-2022-01-21-at-00.26.45-1536x1532.png 1536w, https:\/\/fibrainternacional.org\/wp-content\/uploads\/2021\/11\/Screenshot-2022-01-21-at-00.26.45-1170x1167.png 1170w, https:\/\/fibrainternacional.org\/wp-content\/uploads\/2021\/11\/Screenshot-2022-01-21-at-00.26.45.png 1596w\" sizes=\"(max-width: 1024px) 100vw, 1024px\" \/><\/figure><div class=\"wp-block-media-text__content\">\n<p class=\"has-small-font-size\"><a href=\"https:\/\/youtu.be\/c0hAFybMTSc\" target=\"_blank\" rel=\"noreferrer noopener\"><strong>Programa 06:<\/strong><\/a> <strong>16\/01\/2022<\/strong><br>Neste domingo, o programa Vozes de Fibra recebeu representantes do povo Xavantes para uma conversa sobre a necessidade de se apoiar a cultura, a luta e resist\u00eancia dos Xavantes contra o projeto anti-ind\u00edgena conduzido e orquestrado pelo Governo Bolsonaro.<\/p>\n<\/div><\/div>\n\n\n\n<div class=\"wp-block-media-text alignwide is-stacked-on-mobile\" style=\"grid-template-columns:27% auto\"><figure class=\"wp-block-media-text__media\"><img loading=\"lazy\" decoding=\"async\" width=\"1024\" height=\"987\" src=\"http:\/\/fibrainternacional.org\/wp-content\/uploads\/2021\/11\/Screenshot-2022-01-21-at-00.18.09-1024x987.png\" alt=\"\" class=\"wp-image-8026 size-full\" srcset=\"https:\/\/fibrainternacional.org\/wp-content\/uploads\/2021\/11\/Screenshot-2022-01-21-at-00.18.09-1024x987.png 1024w, https:\/\/fibrainternacional.org\/wp-content\/uploads\/2021\/11\/Screenshot-2022-01-21-at-00.18.09-600x578.png 600w, https:\/\/fibrainternacional.org\/wp-content\/uploads\/2021\/11\/Screenshot-2022-01-21-at-00.18.09-300x289.png 300w, https:\/\/fibrainternacional.org\/wp-content\/uploads\/2021\/11\/Screenshot-2022-01-21-at-00.18.09-768x740.png 768w, https:\/\/fibrainternacional.org\/wp-content\/uploads\/2021\/11\/Screenshot-2022-01-21-at-00.18.09-1170x1128.png 1170w, https:\/\/fibrainternacional.org\/wp-content\/uploads\/2021\/11\/Screenshot-2022-01-21-at-00.18.09.png 1492w\" sizes=\"(max-width: 1024px) 100vw, 1024px\" \/><\/figure><div class=\"wp-block-media-text__content\">\n<p class=\"has-small-font-size\"><a href=\"https:\/\/youtu.be\/c0hAFybMTSc\" target=\"_blank\" rel=\"noreferrer noopener\"><strong>Programa 05:<\/strong><\/a> <strong>19\/12\/2021<\/strong><br>Lan\u00e7ado no come\u00e7o de novembro 2021, o movimento chamado Alian\u00e7a Reflorestar da Amaz\u00f4nia traz uma solu\u00e7\u00e3o para reverter o desatre ambiental em curso promovendo a\u00e7\u00f5es de reflorestamento da Amaz\u00f4nia atrav\u00e9s da cria\u00e7\u00e3o e manuten\u00e7\u00e3o de \u00ab\u00a0agro-florestas &#8221; para restaurar as \u00e0reas desmatadas. Para isso, a Alian\u00e7a Reflorestar da Amaz\u00f4nia nos convida a todos, cidad\u00e3os do campo e da cidade, a nos unirmos em torno desse projeto que re\u00f9ne organiza\u00e7\u00f5es n\u00e3o-governamentais, associa\u00e7\u00f5es ind\u00edgenas, cooperativas de produtores, e empresas, participando, apoiando e compartilhando esse trabalho incr\u00ecvel que nos inspira a esperan\u00e7ar e agir para \u00ab\u00a0replantar a floresta\u00a0\u00bb.os <\/p>\n<\/div><\/div>\n\n\n\n<div class=\"wp-block-media-text alignwide is-stacked-on-mobile\" style=\"grid-template-columns:27% auto\"><figure class=\"wp-block-media-text__media\"><img loading=\"lazy\" decoding=\"async\" width=\"1024\" height=\"1024\" src=\"http:\/\/fibrainternacional.org\/wp-content\/uploads\/2021\/11\/Screenshot-2022-01-21-at-00.07.22-1024x1024.png\" alt=\"\" class=\"wp-image-8025 size-full\" srcset=\"https:\/\/fibrainternacional.org\/wp-content\/uploads\/2021\/11\/Screenshot-2022-01-21-at-00.07.22-1024x1024.png 1024w, https:\/\/fibrainternacional.org\/wp-content\/uploads\/2021\/11\/Screenshot-2022-01-21-at-00.07.22-300x300.png 300w, https:\/\/fibrainternacional.org\/wp-content\/uploads\/2021\/11\/Screenshot-2022-01-21-at-00.07.22-100x100.png 100w, https:\/\/fibrainternacional.org\/wp-content\/uploads\/2021\/11\/Screenshot-2022-01-21-at-00.07.22-600x600.png 600w, https:\/\/fibrainternacional.org\/wp-content\/uploads\/2021\/11\/Screenshot-2022-01-21-at-00.07.22-150x150.png 150w, https:\/\/fibrainternacional.org\/wp-content\/uploads\/2021\/11\/Screenshot-2022-01-21-at-00.07.22-768x768.png 768w, https:\/\/fibrainternacional.org\/wp-content\/uploads\/2021\/11\/Screenshot-2022-01-21-at-00.07.22-1536x1536.png 1536w, https:\/\/fibrainternacional.org\/wp-content\/uploads\/2021\/11\/Screenshot-2022-01-21-at-00.07.22-1170x1170.png 1170w, https:\/\/fibrainternacional.org\/wp-content\/uploads\/2021\/11\/Screenshot-2022-01-21-at-00.07.22.png 1596w\" sizes=\"(max-width: 1024px) 100vw, 1024px\" \/><\/figure><div class=\"wp-block-media-text__content\">\n<p class=\"has-small-font-size\"><a href=\"https:\/\/youtu.be\/xTWPjY55ZQI\" target=\"_blank\" rel=\"noreferrer noopener\"><strong>Programa 04<\/strong><\/a> <strong>21\/11\/2021<\/strong><br>Nesta \u00faltima etapa, chegamos \u00e0 Foz do Rio S\u00e3o Francisco, no Estado de Alagoas, onde o rio se encontra com o mar\u2026 Por\u00e9m, \u00e9 justamente no mar que ronda o pesadelo do equivocado licenciamento ambiental que permitir\u00e1 a explora\u00e7\u00e3o petrol\u00edfera pela empresa estrangeira EXXON MOBIL na Foz do Velho Chico&#8230; Denunciamos tamb\u00e9m as consequ\u00eancias da &#8220;crise h\u00eddrica&#8221; imposta \u00e0 popula\u00e7\u00e3o ribeirinha, progressivamente obrigada a sobreviver com escassez de \u00e1gua, numa regi\u00e3o onde esse recurso natural \u00e9 abundante. A Usina Hidrel\u00e9trica da Barragem do Xing\u00f3 racionaliza a \u00e1gua provocando escassez para a popula\u00e7\u00e3o e privilegiando o agroneg\u00f3cio.<\/p>\n<\/div><\/div>\n\n\n\n<div class=\"wp-block-media-text alignwide is-stacked-on-mobile\" style=\"grid-template-columns:27% auto\"><figure class=\"wp-block-media-text__media\"><img loading=\"lazy\" decoding=\"async\" width=\"1024\" height=\"1024\" src=\"http:\/\/fibrainternacional.org\/wp-content\/uploads\/2021\/11\/Screenshot-2021-11-19-at-14.34.39-1024x1024.png\" alt=\"\" class=\"wp-image-7408 size-full\" srcset=\"https:\/\/fibrainternacional.org\/wp-content\/uploads\/2021\/11\/Screenshot-2021-11-19-at-14.34.39-1024x1024.png 1024w, https:\/\/fibrainternacional.org\/wp-content\/uploads\/2021\/11\/Screenshot-2021-11-19-at-14.34.39-300x300.png 300w, https:\/\/fibrainternacional.org\/wp-content\/uploads\/2021\/11\/Screenshot-2021-11-19-at-14.34.39-100x100.png 100w, https:\/\/fibrainternacional.org\/wp-content\/uploads\/2021\/11\/Screenshot-2021-11-19-at-14.34.39-600x601.png 600w, https:\/\/fibrainternacional.org\/wp-content\/uploads\/2021\/11\/Screenshot-2021-11-19-at-14.34.39-150x150.png 150w, https:\/\/fibrainternacional.org\/wp-content\/uploads\/2021\/11\/Screenshot-2021-11-19-at-14.34.39-768x769.png 768w, https:\/\/fibrainternacional.org\/wp-content\/uploads\/2021\/11\/Screenshot-2021-11-19-at-14.34.39-1534x1536.png 1534w, https:\/\/fibrainternacional.org\/wp-content\/uploads\/2021\/11\/Screenshot-2021-11-19-at-14.34.39-1170x1171.png 1170w, https:\/\/fibrainternacional.org\/wp-content\/uploads\/2021\/11\/Screenshot-2021-11-19-at-14.34.39.png 1594w\" sizes=\"(max-width: 1024px) 100vw, 1024px\" \/><\/figure><div class=\"wp-block-media-text__content\">\n<p class=\"has-small-font-size\"><a href=\"https:\/\/youtu.be\/4iggexJqFOw\" target=\"_blank\" rel=\"noreferrer noopener\" title=\"Programa III\"><strong>Programa 03<\/strong><\/a>: <strong>17\/10\/2021<\/strong><br> &#8220;O Velho Chico vive e resiste III (sub-m\u00e9dio S\u00e3o Francisco)&#8221;, neste programa as pessoas convidadas falar\u00e3o sobre as duas principais amea\u00e7as que atingem as comunidades locais da regi\u00e3o do sub-m\u00e9dio S\u00e3o Francisco: o agroneg\u00f3cio e a retomada da constru\u00e7\u00e3o da Usina Nuclear Itacuruba (PE). A regi\u00e3o chamada de sub-m\u00e9dio S\u00e3o Francisco abrange desde o munic\u00edpio de Remanso, \u00e0s margens do lago de Sobradinho, at\u00e9 a usina de Paulo Afonso, na Bahia. A regi\u00e3o integra 25 munic\u00edpios da Bahia e 59 munic\u00edpios de Pernambuco.<\/p>\n<\/div><\/div>\n\n\n\n<div class=\"wp-block-media-text alignwide is-stacked-on-mobile\" style=\"grid-template-columns:27% auto\"><figure class=\"wp-block-media-text__media\"><img loading=\"lazy\" decoding=\"async\" width=\"1024\" height=\"1024\" src=\"http:\/\/fibrainternacional.org\/wp-content\/uploads\/2021\/11\/Screenshot-2021-11-19-at-14.37.45-1024x1024.png\" alt=\"\" class=\"wp-image-7409 size-full\" srcset=\"https:\/\/fibrainternacional.org\/wp-content\/uploads\/2021\/11\/Screenshot-2021-11-19-at-14.37.45-1024x1024.png 1024w, https:\/\/fibrainternacional.org\/wp-content\/uploads\/2021\/11\/Screenshot-2021-11-19-at-14.37.45-300x300.png 300w, https:\/\/fibrainternacional.org\/wp-content\/uploads\/2021\/11\/Screenshot-2021-11-19-at-14.37.45-100x100.png 100w, https:\/\/fibrainternacional.org\/wp-content\/uploads\/2021\/11\/Screenshot-2021-11-19-at-14.37.45-600x599.png 600w, https:\/\/fibrainternacional.org\/wp-content\/uploads\/2021\/11\/Screenshot-2021-11-19-at-14.37.45-150x150.png 150w, https:\/\/fibrainternacional.org\/wp-content\/uploads\/2021\/11\/Screenshot-2021-11-19-at-14.37.45-768x767.png 768w, https:\/\/fibrainternacional.org\/wp-content\/uploads\/2021\/11\/Screenshot-2021-11-19-at-14.37.45-1536x1534.png 1536w, https:\/\/fibrainternacional.org\/wp-content\/uploads\/2021\/11\/Screenshot-2021-11-19-at-14.37.45-1170x1169.png 1170w, https:\/\/fibrainternacional.org\/wp-content\/uploads\/2021\/11\/Screenshot-2021-11-19-at-14.37.45.png 1598w\" sizes=\"(max-width: 1024px) 100vw, 1024px\" \/><\/figure><div class=\"wp-block-media-text__content\">\n<p class=\"has-small-font-size\"><a href=\"https:\/\/youtu.be\/p-pa7wfcEa0\"><strong>Programa 02<\/strong><\/a>: <strong>19\/09\/2021 <\/strong><br>Nessa segunda etapa da s\u00e9rie &#8220;Velho Chico Vive e resiste &#8211; parte II&#8221; | (M\u00e9dio S\u00e3o Francisco), os convidados falar\u00e3o sobre as dificuldades que atingem as comunidades locais que vivem e resistem tradicionalemente em harmonia com os biomas da regi\u00e3o, a caatinga e o cerrado. O &#8220;M\u00e9dio&#8221; \u00e9 a maior regi\u00e3o geogr\u00e1fica da bacia do rio S\u00e3o Francisco, e abrange desde o norte de Minas at\u00e9 a barragem de Sobradinho, e desde o Espig\u00e3o Mestre de Goi\u00e1s at\u00e9 a Serra Geral, portanto um territ\u00f3rio extenso e com muitas riquezas. Diante de toda a biodiversidade de bens da natureza, min\u00e9rios, flora, fauna, \u00e1gua, topografia plana&#8230; o que atrai muitos interesses do capital para esta regi\u00e3o, tais como mineradoras, agroneg\u00f3cio, barragens, ferrovia, per\u00edmetros irrigados, parques e\u00f3licos e solares.<\/p>\n<\/div><\/div>\n\n\n\n<div class=\"wp-block-media-text alignwide is-stacked-on-mobile\" style=\"grid-template-columns:27% auto\"><figure class=\"wp-block-media-text__media\"><img loading=\"lazy\" decoding=\"async\" width=\"150\" height=\"150\" src=\"http:\/\/fibrainternacional.org\/wp-content\/uploads\/2021\/11\/Screenshot-2021-11-19-at-14.33.31-150x150.png\" alt=\"\" class=\"wp-image-7407 size-thumbnail\" srcset=\"https:\/\/fibrainternacional.org\/wp-content\/uploads\/2021\/11\/Screenshot-2021-11-19-at-14.33.31-150x150.png 150w, https:\/\/fibrainternacional.org\/wp-content\/uploads\/2021\/11\/Screenshot-2021-11-19-at-14.33.31-300x300.png 300w, https:\/\/fibrainternacional.org\/wp-content\/uploads\/2021\/11\/Screenshot-2021-11-19-at-14.33.31-100x100.png 100w, https:\/\/fibrainternacional.org\/wp-content\/uploads\/2021\/11\/Screenshot-2021-11-19-at-14.33.31-600x602.png 600w, https:\/\/fibrainternacional.org\/wp-content\/uploads\/2021\/11\/Screenshot-2021-11-19-at-14.33.31-1021x1024.png 1021w, https:\/\/fibrainternacional.org\/wp-content\/uploads\/2021\/11\/Screenshot-2021-11-19-at-14.33.31-768x770.png 768w, https:\/\/fibrainternacional.org\/wp-content\/uploads\/2021\/11\/Screenshot-2021-11-19-at-14.33.31-1532x1536.png 1532w, https:\/\/fibrainternacional.org\/wp-content\/uploads\/2021\/11\/Screenshot-2021-11-19-at-14.33.31-1170x1173.png 1170w, https:\/\/fibrainternacional.org\/wp-content\/uploads\/2021\/11\/Screenshot-2021-11-19-at-14.33.31.png 1594w\" sizes=\"(max-width: 150px) 100vw, 150px\" \/><\/figure><div class=\"wp-block-media-text__content\">\n<p class=\"has-small-font-size\"><a href=\"https:\/\/youtu.be\/KcBzx3f32yA\" target=\"_blank\" rel=\"noreferrer noopener\"><strong>Programa 01<\/strong><\/a>: <strong>18\/08\/2021<\/strong><br>Para o encontro inaugural de FIBRA VERDE, convidamos a equipe do \u201cObservat\u00f3rio da Natureza\u201d, eixo de atividade do Levante das Mulheres Brasileir   as, que denuncia a expans\u00e3o gananciosa do agro-hidroneg\u00f3cio. Um avan\u00e7o que amea\u00e7a a sobreviv\u00eancia de nada menos do que a Bacia do rio S\u00e3o Francisco, o Velho Chico, chamado tamb\u00e9m de \u201crio da integra\u00e7\u00e3o nacional\u201d por seu papel de elo de liga\u00e7\u00e3o entre o Nordeste, o Sudeste e o Centro Oeste.<\/p>\n<\/div><\/div>\n","protected":false,"gt_translate_keys":[{"key":"rendered","format":"html"}]},"excerpt":{"rendered":"<p>Apresentamos FIBRA VERDE, programa focado na quest\u00e3o ambiental. Todo terceiro domingo do m\u00eas levamos ao p\u00fablico essa pauta, para ampliar o debate e chamar a<\/p>\n","protected":false,"gt_translate_keys":[{"key":"rendered","format":"html"}]},"author":2,"featured_media":0,"comment_status":"open","ping_status":"open","sticky":false,"template":"","format":"standard","meta":{"om_disable_all_campaigns":false,"_eb_attr":"","footnotes":""},"categories":[1],"tags":[],"class_list":["post-7405","post","type-post","status-publish","format-standard","hentry","category-sem-categoria","three-columns"],"aioseo_notices":[],"rttpg_featured_image_url":null,"rttpg_author":{"display_name":"clearwaterdijk","author_link":"https:\/\/fibrainternacional.org\/?author=2"},"rttpg_comment":1,"rttpg_category":"<a href=\"https:\/\/fibrainternacional.org\/?cat=1\" rel=\"category\">Sem categoria<\/a>","rttpg_excerpt":"Apresentamos FIBRA VERDE, programa focado na quest\u00e3o ambiental. Todo terceiro domingo do m\u00eas levamos ao p\u00fablico essa pauta, para ampliar o debate e chamar a","gt_translate_keys":[{"key":"link","format":"url"}],"_links":{"self":[{"href":"https:\/\/fibrainternacional.org\/index.php?rest_route=\/wp\/v2\/posts\/7405","targetHints":{"allow":["GET"]}}],"collection":[{"href":"https:\/\/fibrainternacional.org\/index.php?rest_route=\/wp\/v2\/posts"}],"about":[{"href":"https:\/\/fibrainternacional.org\/index.php?rest_route=\/wp\/v2\/types\/post"}],"author":[{"embeddable":true,"href":"https:\/\/fibrainternacional.org\/index.php?rest_route=\/wp\/v2\/users\/2"}],"replies":[{"embeddable":true,"href":"https:\/\/fibrainternacional.org\/index.php?rest_route=%2Fwp%2Fv2%2Fcomments&post=7405"}],"version-history":[{"count":11,"href":"https:\/\/fibrainternacional.org\/index.php?rest_route=\/wp\/v2\/posts\/7405\/revisions"}],"predecessor-version":[{"id":8881,"href":"https:\/\/fibrainternacional.org\/index.php?rest_route=\/wp\/v2\/posts\/7405\/revisions\/8881"}],"wp:attachment":[{"href":"https:\/\/fibrainternacional.org\/index.php?rest_route=%2Fwp%2Fv2%2Fmedia&parent=7405"}],"wp:term":[{"taxonomy":"category","embeddable":true,"href":"https:\/\/fibrainternacional.org\/index.php?rest_route=%2Fwp%2Fv2%2Fcategories&post=7405"},{"taxonomy":"post_tag","embeddable":true,"href":"https:\/\/fibrainternacional.org\/index.php?rest_route=%2Fwp%2Fv2%2Ftags&post=7405"}],"curies":[{"name":"wp","href":"https:\/\/api.w.org\/{rel}","templated":true}]}}