{"id":8171,"date":"2022-02-05T16:44:26","date_gmt":"2022-02-05T15:44:26","guid":{"rendered":"http:\/\/fibrainternacional.org\/?p=8171"},"modified":"2022-02-09T08:23:10","modified_gmt":"2022-02-09T07:23:10","slug":"nota-de-repudio-ao-assassinato-de-moise-mugenyi-kabamgabe","status":"publish","type":"post","link":"https:\/\/fibrainternacional.org\/?p=8171","title":{"rendered":"Nota de REP\u00daDIO ao assassinato de MO\u00cfSE MUGENYI KABAGAMBE","gt_translate_keys":[{"key":"rendered","format":"text"}]},"content":{"rendered":"\n<div class=\"wp-block-image\"><figure class=\"alignright size-medium\"><img fetchpriority=\"high\" decoding=\"async\" width=\"300\" height=\"168\" src=\"http:\/\/fibrainternacional.org\/wp-content\/uploads\/2022\/02\/Screenshot-2022-02-09-at-08.20.32-300x168.png\" alt=\"\" class=\"wp-image-8213\" srcset=\"https:\/\/fibrainternacional.org\/wp-content\/uploads\/2022\/02\/Screenshot-2022-02-09-at-08.20.32-300x168.png 300w, https:\/\/fibrainternacional.org\/wp-content\/uploads\/2022\/02\/Screenshot-2022-02-09-at-08.20.32-600x335.png 600w, https:\/\/fibrainternacional.org\/wp-content\/uploads\/2022\/02\/Screenshot-2022-02-09-at-08.20.32-1024x572.png 1024w, https:\/\/fibrainternacional.org\/wp-content\/uploads\/2022\/02\/Screenshot-2022-02-09-at-08.20.32-768x429.png 768w, https:\/\/fibrainternacional.org\/wp-content\/uploads\/2022\/02\/Screenshot-2022-02-09-at-08.20.32-1536x859.png 1536w, https:\/\/fibrainternacional.org\/wp-content\/uploads\/2022\/02\/Screenshot-2022-02-09-at-08.20.32-2048x1145.png 2048w, https:\/\/fibrainternacional.org\/wp-content\/uploads\/2022\/02\/Screenshot-2022-02-09-at-08.20.32-1170x654.png 1170w\" sizes=\"(max-width: 300px) 100vw, 300px\" \/><\/figure><\/div>\n\n\n\n<p>05 de fevereiro de 2022 <\/p>\n\n\n\n<p>A FIBRA \u2013 Frente Internacional Brasileira contra o Golpe e pela Democracia, organiza\u00e7\u00e3o composta por mais de 90 coletivos ao redor do mundo, vem a p\u00fablico manifestar com veem\u00eancia o seu rep\u00fadio ao assassinato brutal e cruel do congol\u00eas Mo\u00efse Mugenyi Kabagambe, refugiado de guerra no Brasil, covardemente torturado at\u00e9 a morte depois de cobrar pelo que era seu de direito: o pagamento pelos dias trabalhados.\u00a0<\/p>\n\n\n\n<p>A viol\u00eancia contra Kabagambe e seu corpo negro escancara a realidade de um pa\u00eds extremamente racista e xenof\u00f3bico que, ainda nos dias de hoje, mant\u00e9m um sistema de desigualdade racial onde pessoas negras n\u00e3o s\u00e3o vistas como detentorasde direitos fundamentais. A analogia aos trabalhos escravos, a desumaniza\u00e7\u00e3o do corpo preto \u00e9 uma pauta improrrog\u00e1vel, assim como a urgente necessidade de se lutar por melhores condi\u00e7\u00f5es de trabalho e vida para quem se encontra em situa\u00e7\u00e3o migrat\u00f3ria no Brasil.<\/p>\n\n\n\n<p>N\u00f3s, brasileiros e brasileiras residentes no exterior, n\u00e3o podemos nos calar diante deste crime b\u00e1rbaro. A FIBRA, representada pelos coletivos internacionais, soma-se \u00e0s incont\u00e1veis vozes que clamam por justi\u00e7a por Mo\u00efse Mugenyi Kabagambe.\u00a0<\/p>\n\n\n\n<p>\u00c9 preciso uma rea\u00e7\u00e3o eficaz, r\u00e1pida e justa. N\u00e3o podemos aceitar a impunidade e, muito menos , a banaliza\u00e7\u00e3o da viol\u00eancia, cruel,&nbsp; racista e xen\u00f3foba.<\/p>\n\n\n\n<p>Tamb\u00e9m \u00e9 preciso uma rea\u00e7\u00e3o copiosa, cr\u00edtica e respons\u00e1vel \u00e0 estrutura racista brasileira que&nbsp; resulta na impunidade e na banaliza\u00e7\u00e3o das viol\u00eancias contra pessoas pretas e pobres. Ressaltamos ainda a import\u00e2ncia de um olhar atento de todos dos movimentos sociais sobre o tema da migra\u00e7\u00e3o, com a subalterniza\u00e7\u00e3o dos corpos de migrantes negres em detrimento de outros grupos de migrantes.<\/p>\n\n\n\n<p>A xenofobia n\u00e3o deveria caber em um&nbsp; pa\u00eds que foi constru\u00eddo a partir do rapto e da domina\u00e7\u00e3o de corpos, saberes e culturas nativas e estrangeiras. O Brasil deveria ter tratado Mo\u00efse como ele o tratava: como sua segunda casa, provendo-lhe dignidade e respeito.<\/p>\n\n\n\n<p>Cobramos uma investiga\u00e7\u00e3o rigorosa e imparcial das autoridades respons\u00e1veis e exigimos que os culpados por essa monstruosidade sejam responsabilizados.<\/p>\n\n\n\n<p>Toda a nossa solidariedade \u00e0 fam\u00edlia, aos amigos e amigas de Mo\u00efse Mugenyi Kabagambe e \u00e0 comunidade congolesa no Brasil.<\/p>\n\n\n\n<p><strong>Frente Internacional Brasileira contra o Golpe e pela Democracia &#8211; FIBRA<\/strong><\/p>\n\n\n\n<hr class=\"wp-block-separator\"\/>\n\n\n\n<p><\/p>\n\n\n\n<p><\/p>\n","protected":false,"gt_translate_keys":[{"key":"rendered","format":"html"}]},"excerpt":{"rendered":"<p>05 de fevereiro de 2022 A FIBRA \u2013 Frente Internacional Brasileira contra o Golpe e pela Democracia, organiza\u00e7\u00e3o composta por mais de 90 coletivos ao<\/p>\n","protected":false,"gt_translate_keys":[{"key":"rendered","format":"html"}]},"author":2,"featured_media":8213,"comment_status":"open","ping_status":"open","sticky":false,"template":"","format":"standard","meta":{"om_disable_all_campaigns":false,"_eb_attr":"","footnotes":""},"categories":[49,10],"tags":[],"class_list":["post-8171","post","type-post","status-publish","format-standard","has-post-thumbnail","hentry","category-agenda","category-reportagens","three-columns"],"aioseo_notices":[],"rttpg_featured_image_url":{"full":["https:\/\/fibrainternacional.org\/wp-content\/uploads\/2022\/02\/Screenshot-2022-02-09-at-08.20.32.png",2558,1430,false],"landscape":["https:\/\/fibrainternacional.org\/wp-content\/uploads\/2022\/02\/Screenshot-2022-02-09-at-08.20.32.png",2558,1430,false],"portraits":["https:\/\/fibrainternacional.org\/wp-content\/uploads\/2022\/02\/Screenshot-2022-02-09-at-08.20.32.png",2558,1430,false],"thumbnail":["https:\/\/fibrainternacional.org\/wp-content\/uploads\/2022\/02\/Screenshot-2022-02-09-at-08.20.32-150x150.png",150,150,true],"medium":["https:\/\/fibrainternacional.org\/wp-content\/uploads\/2022\/02\/Screenshot-2022-02-09-at-08.20.32-300x168.png",300,168,true],"large":["https:\/\/fibrainternacional.org\/wp-content\/uploads\/2022\/02\/Screenshot-2022-02-09-at-08.20.32-1024x572.png",640,358,true],"1536x1536":["https:\/\/fibrainternacional.org\/wp-content\/uploads\/2022\/02\/Screenshot-2022-02-09-at-08.20.32-1536x859.png",1536,859,true],"2048x2048":["https:\/\/fibrainternacional.org\/wp-content\/uploads\/2022\/02\/Screenshot-2022-02-09-at-08.20.32-2048x1145.png",2048,1145,true],"refined-magazine-carousel-img":["https:\/\/fibrainternacional.org\/wp-content\/uploads\/2022\/02\/Screenshot-2022-02-09-at-08.20.32-783x450.png",783,450,true],"refined-magazine-carousel-img-landscape":["https:\/\/fibrainternacional.org\/wp-content\/uploads\/2022\/02\/Screenshot-2022-02-09-at-08.20.32-783x225.png",783,225,true],"refined-magazine-carousel-large-img":["https:\/\/fibrainternacional.org\/wp-content\/uploads\/2022\/02\/Screenshot-2022-02-09-at-08.20.32-1000x574.png",1000,574,true],"refined-magazine-carousel-large-img-landscape":["https:\/\/fibrainternacional.org\/wp-content\/uploads\/2022\/02\/Screenshot-2022-02-09-at-08.20.32-1000x287.png",1000,287,true],"refined-magazine-large-thumb":["https:\/\/fibrainternacional.org\/wp-content\/uploads\/2022\/02\/Screenshot-2022-02-09-at-08.20.32-1170x654.png",1170,654,true],"refined-magazine-small-thumb":["https:\/\/fibrainternacional.org\/wp-content\/uploads\/2022\/02\/Screenshot-2022-02-09-at-08.20.32-350x220.png",350,220,true]},"rttpg_author":{"display_name":"clearwaterdijk","author_link":"https:\/\/fibrainternacional.org\/?author=2"},"rttpg_comment":0,"rttpg_category":"<a href=\"https:\/\/fibrainternacional.org\/?cat=49\" rel=\"category\">Agenda<\/a> <a href=\"https:\/\/fibrainternacional.org\/?cat=10\" rel=\"category\">Reportagens<\/a>","rttpg_excerpt":"05 de fevereiro de 2022 A FIBRA \u2013 Frente Internacional Brasileira contra o Golpe e pela Democracia, organiza\u00e7\u00e3o composta por mais de 90 coletivos ao","gt_translate_keys":[{"key":"link","format":"url"}],"_links":{"self":[{"href":"https:\/\/fibrainternacional.org\/index.php?rest_route=\/wp\/v2\/posts\/8171","targetHints":{"allow":["GET"]}}],"collection":[{"href":"https:\/\/fibrainternacional.org\/index.php?rest_route=\/wp\/v2\/posts"}],"about":[{"href":"https:\/\/fibrainternacional.org\/index.php?rest_route=\/wp\/v2\/types\/post"}],"author":[{"embeddable":true,"href":"https:\/\/fibrainternacional.org\/index.php?rest_route=\/wp\/v2\/users\/2"}],"replies":[{"embeddable":true,"href":"https:\/\/fibrainternacional.org\/index.php?rest_route=%2Fwp%2Fv2%2Fcomments&post=8171"}],"version-history":[{"count":4,"href":"https:\/\/fibrainternacional.org\/index.php?rest_route=\/wp\/v2\/posts\/8171\/revisions"}],"predecessor-version":[{"id":8216,"href":"https:\/\/fibrainternacional.org\/index.php?rest_route=\/wp\/v2\/posts\/8171\/revisions\/8216"}],"wp:featuredmedia":[{"embeddable":true,"href":"https:\/\/fibrainternacional.org\/index.php?rest_route=\/wp\/v2\/media\/8213"}],"wp:attachment":[{"href":"https:\/\/fibrainternacional.org\/index.php?rest_route=%2Fwp%2Fv2%2Fmedia&parent=8171"}],"wp:term":[{"taxonomy":"category","embeddable":true,"href":"https:\/\/fibrainternacional.org\/index.php?rest_route=%2Fwp%2Fv2%2Fcategories&post=8171"},{"taxonomy":"post_tag","embeddable":true,"href":"https:\/\/fibrainternacional.org\/index.php?rest_route=%2Fwp%2Fv2%2Ftags&post=8171"}],"curies":[{"name":"wp","href":"https:\/\/api.w.org\/{rel}","templated":true}]}}