{"id":8509,"date":"2022-03-25T00:02:53","date_gmt":"2022-03-24T23:02:53","guid":{"rendered":"http:\/\/fibrainternacional.org\/?p=8509"},"modified":"2022-03-31T22:41:07","modified_gmt":"2022-03-31T20:41:07","slug":"mutirao-esperancar-o-voto-no-exterior","status":"publish","type":"post","link":"https:\/\/fibrainternacional.org\/?p=8509","title":{"rendered":"Mutir\u00e3o Esperan\u00e7ar &#8211; o voto no exterior","gt_translate_keys":[{"key":"rendered","format":"text"}]},"content":{"rendered":"\n<div class=\"wp-block-image\"><figure class=\"aligncenter size-medium is-resized\"><img fetchpriority=\"high\" decoding=\"async\" src=\"http:\/\/fibrainternacional.org\/wp-content\/uploads\/2022\/03\/Screenshot-2022-03-24-at-23.43.43-300x168.png\" alt=\"\" class=\"wp-image-8510\" width=\"518\" height=\"290\" srcset=\"https:\/\/fibrainternacional.org\/wp-content\/uploads\/2022\/03\/Screenshot-2022-03-24-at-23.43.43-300x168.png 300w, https:\/\/fibrainternacional.org\/wp-content\/uploads\/2022\/03\/Screenshot-2022-03-24-at-23.43.43-600x337.png 600w, https:\/\/fibrainternacional.org\/wp-content\/uploads\/2022\/03\/Screenshot-2022-03-24-at-23.43.43-1024x575.png 1024w, https:\/\/fibrainternacional.org\/wp-content\/uploads\/2022\/03\/Screenshot-2022-03-24-at-23.43.43-768x431.png 768w, https:\/\/fibrainternacional.org\/wp-content\/uploads\/2022\/03\/Screenshot-2022-03-24-at-23.43.43-1536x862.png 1536w, https:\/\/fibrainternacional.org\/wp-content\/uploads\/2022\/03\/Screenshot-2022-03-24-at-23.43.43-2048x1150.png 2048w, https:\/\/fibrainternacional.org\/wp-content\/uploads\/2022\/03\/Screenshot-2022-03-24-at-23.43.43-1170x657.png 1170w\" sizes=\"(max-width: 518px) 100vw, 518px\" \/><\/figure><\/div>\n\n\n\n<p class=\"has-medium-font-size\">\u270a\ud83c\udfff\u270a\ud83c\udffe\u270a\ud83c\udffd<strong> <strong>Rela\u00e7\u00e3o de eventos e atos de ruas dos coletivos internacionais<\/strong><\/strong> <\/p>\n\n\n\n<p><strong><strong>Atividades do s\u00e1bado &#8211; 26 de mar\u00e7o<\/strong><\/strong> (hor\u00e1rio local)<br><strong>\ud83d\udccdAmsterdam<\/strong> (Holanda) &#8211; \u00e0s 20h | local a confirmar;<br><strong>\ud83d\udccdBoston<\/strong> (EUA) &#8211; \u00e0s 11h | 697 Cambridge St Suite 106, Brighton, MA 02135 (Ponto de Encontro: Sede do grupo Mulher Brasileira);<br><strong>\ud83d\udccdDublin<\/strong> (Irlanda) \u2013 das 10h \u00e0s 12h | 400 N Circular RD.;<br><strong>\ud83d\udccdPorto<\/strong> (Portugal) &#8211; \u00e0s 13:30h | Rua do Sol n.14 (pr\u00f3ximo ao Teatro S\u00e3o Jo\u00e3o);<br><strong>\ud83d\udccdTel Aviv<\/strong> (Israel) &#8211; hor\u00e1rio e&nbsp; local a confirmar;&nbsp;<\/p>\n\n\n\n<figure class=\"wp-block-gallery has-nested-images columns-default is-cropped wp-block-gallery-1 is-layout-flex wp-block-gallery-is-layout-flex\">\n<figure class=\"wp-block-image size-large\"><img decoding=\"async\" width=\"1072\" height=\"602\" data-id=\"8523\" src=\"http:\/\/fibrainternacional.org\/wp-content\/uploads\/2022\/03\/Screenshot-2022-03-29-at-17.15.41.png\" alt=\"\" class=\"wp-image-8523\" srcset=\"https:\/\/fibrainternacional.org\/wp-content\/uploads\/2022\/03\/Screenshot-2022-03-29-at-17.15.41.png 1072w, https:\/\/fibrainternacional.org\/wp-content\/uploads\/2022\/03\/Screenshot-2022-03-29-at-17.15.41-600x337.png 600w, https:\/\/fibrainternacional.org\/wp-content\/uploads\/2022\/03\/Screenshot-2022-03-29-at-17.15.41-300x168.png 300w, https:\/\/fibrainternacional.org\/wp-content\/uploads\/2022\/03\/Screenshot-2022-03-29-at-17.15.41-1024x575.png 1024w, https:\/\/fibrainternacional.org\/wp-content\/uploads\/2022\/03\/Screenshot-2022-03-29-at-17.15.41-768x431.png 768w\" sizes=\"(max-width: 1072px) 100vw, 1072px\" \/><\/figure>\n\n\n\n<figure class=\"wp-block-image size-large\"><img decoding=\"async\" width=\"2556\" height=\"1438\" data-id=\"8524\" src=\"http:\/\/fibrainternacional.org\/wp-content\/uploads\/2022\/03\/Screenshot-2022-03-29-at-17.24.39.png\" alt=\"\" class=\"wp-image-8524\" srcset=\"https:\/\/fibrainternacional.org\/wp-content\/uploads\/2022\/03\/Screenshot-2022-03-29-at-17.24.39.png 2556w, https:\/\/fibrainternacional.org\/wp-content\/uploads\/2022\/03\/Screenshot-2022-03-29-at-17.24.39-600x338.png 600w, https:\/\/fibrainternacional.org\/wp-content\/uploads\/2022\/03\/Screenshot-2022-03-29-at-17.24.39-300x169.png 300w, https:\/\/fibrainternacional.org\/wp-content\/uploads\/2022\/03\/Screenshot-2022-03-29-at-17.24.39-1024x576.png 1024w, https:\/\/fibrainternacional.org\/wp-content\/uploads\/2022\/03\/Screenshot-2022-03-29-at-17.24.39-768x432.png 768w, https:\/\/fibrainternacional.org\/wp-content\/uploads\/2022\/03\/Screenshot-2022-03-29-at-17.24.39-1536x864.png 1536w, https:\/\/fibrainternacional.org\/wp-content\/uploads\/2022\/03\/Screenshot-2022-03-29-at-17.24.39-2048x1152.png 2048w, https:\/\/fibrainternacional.org\/wp-content\/uploads\/2022\/03\/Screenshot-2022-03-29-at-17.24.39-1170x658.png 1170w\" sizes=\"(max-width: 2556px) 100vw, 2556px\" \/><\/figure>\n\n\n\n<figure class=\"wp-block-image size-large\"><img loading=\"lazy\" decoding=\"async\" width=\"2550\" height=\"1438\" data-id=\"8527\" src=\"http:\/\/fibrainternacional.org\/wp-content\/uploads\/2022\/03\/Screenshot-2022-03-29-at-17.26.18.png\" alt=\"\" class=\"wp-image-8527\" srcset=\"https:\/\/fibrainternacional.org\/wp-content\/uploads\/2022\/03\/Screenshot-2022-03-29-at-17.26.18.png 2550w, https:\/\/fibrainternacional.org\/wp-content\/uploads\/2022\/03\/Screenshot-2022-03-29-at-17.26.18-600x338.png 600w, https:\/\/fibrainternacional.org\/wp-content\/uploads\/2022\/03\/Screenshot-2022-03-29-at-17.26.18-300x169.png 300w, https:\/\/fibrainternacional.org\/wp-content\/uploads\/2022\/03\/Screenshot-2022-03-29-at-17.26.18-1024x577.png 1024w, https:\/\/fibrainternacional.org\/wp-content\/uploads\/2022\/03\/Screenshot-2022-03-29-at-17.26.18-768x433.png 768w, https:\/\/fibrainternacional.org\/wp-content\/uploads\/2022\/03\/Screenshot-2022-03-29-at-17.26.18-1536x866.png 1536w, https:\/\/fibrainternacional.org\/wp-content\/uploads\/2022\/03\/Screenshot-2022-03-29-at-17.26.18-2048x1155.png 2048w, https:\/\/fibrainternacional.org\/wp-content\/uploads\/2022\/03\/Screenshot-2022-03-29-at-17.26.18-1170x660.png 1170w\" sizes=\"(max-width: 2550px) 100vw, 2550px\" \/><\/figure>\n\n\n\n<figure class=\"wp-block-image size-large\"><img loading=\"lazy\" decoding=\"async\" width=\"2554\" height=\"1434\" data-id=\"8526\" src=\"http:\/\/fibrainternacional.org\/wp-content\/uploads\/2022\/03\/Screenshot-2022-03-29-at-17.26.04.png\" alt=\"\" class=\"wp-image-8526\" srcset=\"https:\/\/fibrainternacional.org\/wp-content\/uploads\/2022\/03\/Screenshot-2022-03-29-at-17.26.04.png 2554w, https:\/\/fibrainternacional.org\/wp-content\/uploads\/2022\/03\/Screenshot-2022-03-29-at-17.26.04-600x337.png 600w, https:\/\/fibrainternacional.org\/wp-content\/uploads\/2022\/03\/Screenshot-2022-03-29-at-17.26.04-300x168.png 300w, https:\/\/fibrainternacional.org\/wp-content\/uploads\/2022\/03\/Screenshot-2022-03-29-at-17.26.04-1024x575.png 1024w, https:\/\/fibrainternacional.org\/wp-content\/uploads\/2022\/03\/Screenshot-2022-03-29-at-17.26.04-768x431.png 768w, https:\/\/fibrainternacional.org\/wp-content\/uploads\/2022\/03\/Screenshot-2022-03-29-at-17.26.04-1536x862.png 1536w, https:\/\/fibrainternacional.org\/wp-content\/uploads\/2022\/03\/Screenshot-2022-03-29-at-17.26.04-2048x1150.png 2048w, https:\/\/fibrainternacional.org\/wp-content\/uploads\/2022\/03\/Screenshot-2022-03-29-at-17.26.04-1170x657.png 1170w\" sizes=\"(max-width: 2554px) 100vw, 2554px\" \/><\/figure>\n\n\n\n<figure class=\"wp-block-image size-large\"><img loading=\"lazy\" decoding=\"async\" width=\"2480\" height=\"1440\" data-id=\"8525\" src=\"http:\/\/fibrainternacional.org\/wp-content\/uploads\/2022\/03\/Screenshot-2022-03-29-at-17.25.50.png\" alt=\"\" class=\"wp-image-8525\" srcset=\"https:\/\/fibrainternacional.org\/wp-content\/uploads\/2022\/03\/Screenshot-2022-03-29-at-17.25.50.png 2480w, https:\/\/fibrainternacional.org\/wp-content\/uploads\/2022\/03\/Screenshot-2022-03-29-at-17.25.50-600x348.png 600w, https:\/\/fibrainternacional.org\/wp-content\/uploads\/2022\/03\/Screenshot-2022-03-29-at-17.25.50-300x174.png 300w, https:\/\/fibrainternacional.org\/wp-content\/uploads\/2022\/03\/Screenshot-2022-03-29-at-17.25.50-1024x595.png 1024w, https:\/\/fibrainternacional.org\/wp-content\/uploads\/2022\/03\/Screenshot-2022-03-29-at-17.25.50-768x446.png 768w, https:\/\/fibrainternacional.org\/wp-content\/uploads\/2022\/03\/Screenshot-2022-03-29-at-17.25.50-1536x892.png 1536w, https:\/\/fibrainternacional.org\/wp-content\/uploads\/2022\/03\/Screenshot-2022-03-29-at-17.25.50-2048x1189.png 2048w, https:\/\/fibrainternacional.org\/wp-content\/uploads\/2022\/03\/Screenshot-2022-03-29-at-17.25.50-1170x679.png 1170w\" sizes=\"(max-width: 2480px) 100vw, 2480px\" \/><\/figure>\n<\/figure>\n\n\n\n<p><strong>Atividades do domingo &#8211; 27 de mar\u00e7o<\/strong><br>\ud83d\udccd<strong>Austin<\/strong> \u2013 Texas (EUA) &#8211; hor\u00e1rio e\u00a0 local a confirmar;<br><strong>\ud83d\udccdBolonha<\/strong> (It\u00e1lia) &#8211; hor\u00e1rio e\u00a0 local a confirmar;<br>\ud83d\udccd<strong>Coimbra<\/strong> (Portugal) &#8211; das 15h \u00e0s 17h | Pra\u00e7a 8 de Maio;<br><strong>\ud83d\udccdEstocolmo<\/strong> (Su\u00e9cia) &#8211; \u00e0s 16h | informa\u00e7\u00f5es com: <strong><mark style=\"background-color:rgba(0, 0, 0, 0);color:#0c669a\" class=\"has-inline-color\">lailesan7@gmail.com<\/mark><\/strong>;<br><strong>\ud83d\udccdFl\u00f3rida<\/strong> (EUA) &#8211; de 8h \u00e0s 10h a.m. | Lado Norte do Pier de Deerfield Beach;<br><strong>\ud83d\udccdFreiburg<\/strong> (Alemanha) &#8211;  hor\u00e1rio e\u00a0 local a confirmar;\u00a0<br><strong>\ud83d\udccdLisboa<\/strong> (Portugal) &#8211; hor\u00e1rio e\u00a0 local a confirmar;<br><strong>\ud83d\udccdNewark<\/strong> &#8211; \u00e0s 12h | New Jersey (EUA) \u2013 Ferry ST RD;<br><strong>\ud83d\udccdRavenna<\/strong> (It\u00e1lia) &#8211; de 10h \u00e0s 12h | Giardini Pubblici Ravenna; <br><strong>\ud83d\udccd<mark style=\"background-color:rgba(0, 0, 0, 0);color:#c11313\" class=\"has-inline-color\">Plant\u00e3o tira-d\u00favidas (via Zoom)<\/mark><\/strong> &#8211; info: fibracontraogolpe@gmail.com  <\/p>\n\n\n\n<p><\/p>\n\n\n\n<figure class=\"wp-block-gallery has-nested-images columns-default is-cropped wp-block-gallery-2 is-layout-flex wp-block-gallery-is-layout-flex\">\n<figure class=\"wp-block-image size-large\"><img loading=\"lazy\" decoding=\"async\" width=\"2550\" height=\"1432\" data-id=\"8533\" src=\"http:\/\/fibrainternacional.org\/wp-content\/uploads\/2022\/03\/Screenshot-2022-03-29-at-17.43.31.png\" alt=\"\" class=\"wp-image-8533\" srcset=\"https:\/\/fibrainternacional.org\/wp-content\/uploads\/2022\/03\/Screenshot-2022-03-29-at-17.43.31.png 2550w, https:\/\/fibrainternacional.org\/wp-content\/uploads\/2022\/03\/Screenshot-2022-03-29-at-17.43.31-600x337.png 600w, https:\/\/fibrainternacional.org\/wp-content\/uploads\/2022\/03\/Screenshot-2022-03-29-at-17.43.31-300x168.png 300w, https:\/\/fibrainternacional.org\/wp-content\/uploads\/2022\/03\/Screenshot-2022-03-29-at-17.43.31-1024x575.png 1024w, https:\/\/fibrainternacional.org\/wp-content\/uploads\/2022\/03\/Screenshot-2022-03-29-at-17.43.31-768x431.png 768w, https:\/\/fibrainternacional.org\/wp-content\/uploads\/2022\/03\/Screenshot-2022-03-29-at-17.43.31-1536x863.png 1536w, https:\/\/fibrainternacional.org\/wp-content\/uploads\/2022\/03\/Screenshot-2022-03-29-at-17.43.31-2048x1150.png 2048w, https:\/\/fibrainternacional.org\/wp-content\/uploads\/2022\/03\/Screenshot-2022-03-29-at-17.43.31-1170x657.png 1170w\" sizes=\"(max-width: 2550px) 100vw, 2550px\" \/><\/figure>\n\n\n\n<figure class=\"wp-block-image size-large\"><img loading=\"lazy\" decoding=\"async\" width=\"2548\" height=\"1410\" data-id=\"8532\" src=\"http:\/\/fibrainternacional.org\/wp-content\/uploads\/2022\/03\/Screenshot-2022-03-29-at-17.38.52.png\" alt=\"\" class=\"wp-image-8532\" srcset=\"https:\/\/fibrainternacional.org\/wp-content\/uploads\/2022\/03\/Screenshot-2022-03-29-at-17.38.52.png 2548w, https:\/\/fibrainternacional.org\/wp-content\/uploads\/2022\/03\/Screenshot-2022-03-29-at-17.38.52-600x332.png 600w, https:\/\/fibrainternacional.org\/wp-content\/uploads\/2022\/03\/Screenshot-2022-03-29-at-17.38.52-300x166.png 300w, https:\/\/fibrainternacional.org\/wp-content\/uploads\/2022\/03\/Screenshot-2022-03-29-at-17.38.52-1024x567.png 1024w, https:\/\/fibrainternacional.org\/wp-content\/uploads\/2022\/03\/Screenshot-2022-03-29-at-17.38.52-768x425.png 768w, https:\/\/fibrainternacional.org\/wp-content\/uploads\/2022\/03\/Screenshot-2022-03-29-at-17.38.52-1536x850.png 1536w, https:\/\/fibrainternacional.org\/wp-content\/uploads\/2022\/03\/Screenshot-2022-03-29-at-17.38.52-2048x1133.png 2048w, https:\/\/fibrainternacional.org\/wp-content\/uploads\/2022\/03\/Screenshot-2022-03-29-at-17.38.52-1170x647.png 1170w\" sizes=\"(max-width: 2548px) 100vw, 2548px\" \/><\/figure>\n\n\n\n<figure class=\"wp-block-image size-large\"><img loading=\"lazy\" decoding=\"async\" width=\"2472\" height=\"1428\" data-id=\"8529\" src=\"http:\/\/fibrainternacional.org\/wp-content\/uploads\/2022\/03\/Screenshot-2022-03-29-at-17.38.20.png\" alt=\"\" class=\"wp-image-8529\" srcset=\"https:\/\/fibrainternacional.org\/wp-content\/uploads\/2022\/03\/Screenshot-2022-03-29-at-17.38.20.png 2472w, https:\/\/fibrainternacional.org\/wp-content\/uploads\/2022\/03\/Screenshot-2022-03-29-at-17.38.20-600x347.png 600w, https:\/\/fibrainternacional.org\/wp-content\/uploads\/2022\/03\/Screenshot-2022-03-29-at-17.38.20-300x173.png 300w, https:\/\/fibrainternacional.org\/wp-content\/uploads\/2022\/03\/Screenshot-2022-03-29-at-17.38.20-1024x592.png 1024w, https:\/\/fibrainternacional.org\/wp-content\/uploads\/2022\/03\/Screenshot-2022-03-29-at-17.38.20-768x444.png 768w, https:\/\/fibrainternacional.org\/wp-content\/uploads\/2022\/03\/Screenshot-2022-03-29-at-17.38.20-1536x887.png 1536w, https:\/\/fibrainternacional.org\/wp-content\/uploads\/2022\/03\/Screenshot-2022-03-29-at-17.38.20-2048x1183.png 2048w, https:\/\/fibrainternacional.org\/wp-content\/uploads\/2022\/03\/Screenshot-2022-03-29-at-17.38.20-1170x676.png 1170w\" sizes=\"(max-width: 2472px) 100vw, 2472px\" \/><\/figure>\n\n\n\n<figure class=\"wp-block-image size-large\"><img loading=\"lazy\" decoding=\"async\" width=\"1024\" height=\"705\" data-id=\"8534\" src=\"http:\/\/fibrainternacional.org\/wp-content\/uploads\/2022\/03\/Screenshot-2022-03-29-at-17.48.11-1024x705.png\" alt=\"\" class=\"wp-image-8534\" srcset=\"https:\/\/fibrainternacional.org\/wp-content\/uploads\/2022\/03\/Screenshot-2022-03-29-at-17.48.11-1024x705.png 1024w, https:\/\/fibrainternacional.org\/wp-content\/uploads\/2022\/03\/Screenshot-2022-03-29-at-17.48.11-600x413.png 600w, https:\/\/fibrainternacional.org\/wp-content\/uploads\/2022\/03\/Screenshot-2022-03-29-at-17.48.11-300x207.png 300w, https:\/\/fibrainternacional.org\/wp-content\/uploads\/2022\/03\/Screenshot-2022-03-29-at-17.48.11-768x529.png 768w, https:\/\/fibrainternacional.org\/wp-content\/uploads\/2022\/03\/Screenshot-2022-03-29-at-17.48.11-1536x1058.png 1536w, https:\/\/fibrainternacional.org\/wp-content\/uploads\/2022\/03\/Screenshot-2022-03-29-at-17.48.11-1170x806.png 1170w, https:\/\/fibrainternacional.org\/wp-content\/uploads\/2022\/03\/Screenshot-2022-03-29-at-17.48.11.png 2012w\" sizes=\"(max-width: 1024px) 100vw, 1024px\" \/><\/figure>\n\n\n\n<figure class=\"wp-block-image size-large\"><img loading=\"lazy\" decoding=\"async\" width=\"1990\" height=\"1430\" data-id=\"8528\" src=\"http:\/\/fibrainternacional.org\/wp-content\/uploads\/2022\/03\/Screenshot-2022-03-29-at-17.38.08.png\" alt=\"\" class=\"wp-image-8528\" srcset=\"https:\/\/fibrainternacional.org\/wp-content\/uploads\/2022\/03\/Screenshot-2022-03-29-at-17.38.08.png 1990w, https:\/\/fibrainternacional.org\/wp-content\/uploads\/2022\/03\/Screenshot-2022-03-29-at-17.38.08-600x431.png 600w, https:\/\/fibrainternacional.org\/wp-content\/uploads\/2022\/03\/Screenshot-2022-03-29-at-17.38.08-300x216.png 300w, https:\/\/fibrainternacional.org\/wp-content\/uploads\/2022\/03\/Screenshot-2022-03-29-at-17.38.08-1024x736.png 1024w, https:\/\/fibrainternacional.org\/wp-content\/uploads\/2022\/03\/Screenshot-2022-03-29-at-17.38.08-768x552.png 768w, https:\/\/fibrainternacional.org\/wp-content\/uploads\/2022\/03\/Screenshot-2022-03-29-at-17.38.08-1536x1104.png 1536w, https:\/\/fibrainternacional.org\/wp-content\/uploads\/2022\/03\/Screenshot-2022-03-29-at-17.38.08-1170x841.png 1170w\" sizes=\"(max-width: 1990px) 100vw, 1990px\" \/><\/figure>\n<\/figure>\n\n\n\n<hr class=\"wp-block-separator\"\/>\n","protected":false,"gt_translate_keys":[{"key":"rendered","format":"html"}]},"excerpt":{"rendered":"<p>\u270a\ud83c\udfff\u270a\ud83c\udffe\u270a\ud83c\udffd Rela\u00e7\u00e3o de eventos e atos de ruas dos coletivos internacionais Atividades do s\u00e1bado &#8211; 26 de mar\u00e7o (hor\u00e1rio local)\ud83d\udccdAmsterdam (Holanda) &#8211; \u00e0s 20h |<\/p>\n","protected":false,"gt_translate_keys":[{"key":"rendered","format":"html"}]},"author":2,"featured_media":8510,"comment_status":"open","ping_status":"open","sticky":false,"template":"","format":"standard","meta":{"om_disable_all_campaigns":false,"_eb_attr":"","footnotes":""},"categories":[49,10],"tags":[],"class_list":["post-8509","post","type-post","status-publish","format-standard","has-post-thumbnail","hentry","category-agenda","category-reportagens","three-columns"],"aioseo_notices":[],"rttpg_featured_image_url":{"full":["https:\/\/fibrainternacional.org\/wp-content\/uploads\/2022\/03\/Screenshot-2022-03-24-at-23.43.43.png",2554,1434,false],"landscape":["https:\/\/fibrainternacional.org\/wp-content\/uploads\/2022\/03\/Screenshot-2022-03-24-at-23.43.43.png",2554,1434,false],"portraits":["https:\/\/fibrainternacional.org\/wp-content\/uploads\/2022\/03\/Screenshot-2022-03-24-at-23.43.43.png",2554,1434,false],"thumbnail":["https:\/\/fibrainternacional.org\/wp-content\/uploads\/2022\/03\/Screenshot-2022-03-24-at-23.43.43-150x150.png",150,150,true],"medium":["https:\/\/fibrainternacional.org\/wp-content\/uploads\/2022\/03\/Screenshot-2022-03-24-at-23.43.43-300x168.png",300,168,true],"large":["https:\/\/fibrainternacional.org\/wp-content\/uploads\/2022\/03\/Screenshot-2022-03-24-at-23.43.43-1024x575.png",640,359,true],"1536x1536":["https:\/\/fibrainternacional.org\/wp-content\/uploads\/2022\/03\/Screenshot-2022-03-24-at-23.43.43-1536x862.png",1536,862,true],"2048x2048":["https:\/\/fibrainternacional.org\/wp-content\/uploads\/2022\/03\/Screenshot-2022-03-24-at-23.43.43-2048x1150.png",2048,1150,true],"refined-magazine-carousel-img":["https:\/\/fibrainternacional.org\/wp-content\/uploads\/2022\/03\/Screenshot-2022-03-24-at-23.43.43-783x450.png",783,450,true],"refined-magazine-carousel-img-landscape":["https:\/\/fibrainternacional.org\/wp-content\/uploads\/2022\/03\/Screenshot-2022-03-24-at-23.43.43-783x225.png",783,225,true],"refined-magazine-carousel-large-img":["https:\/\/fibrainternacional.org\/wp-content\/uploads\/2022\/03\/Screenshot-2022-03-24-at-23.43.43-1000x574.png",1000,574,true],"refined-magazine-carousel-large-img-landscape":["https:\/\/fibrainternacional.org\/wp-content\/uploads\/2022\/03\/Screenshot-2022-03-24-at-23.43.43-1000x287.png",1000,287,true],"refined-magazine-large-thumb":["https:\/\/fibrainternacional.org\/wp-content\/uploads\/2022\/03\/Screenshot-2022-03-24-at-23.43.43-1170x657.png",1170,657,true],"refined-magazine-small-thumb":["https:\/\/fibrainternacional.org\/wp-content\/uploads\/2022\/03\/Screenshot-2022-03-24-at-23.43.43-350x220.png",350,220,true]},"rttpg_author":{"display_name":"clearwaterdijk","author_link":"https:\/\/fibrainternacional.org\/?author=2"},"rttpg_comment":0,"rttpg_category":"<a href=\"https:\/\/fibrainternacional.org\/?cat=49\" rel=\"category\">Agenda<\/a> <a href=\"https:\/\/fibrainternacional.org\/?cat=10\" rel=\"category\">Reportagens<\/a>","rttpg_excerpt":"\u270a\ud83c\udfff\u270a\ud83c\udffe\u270a\ud83c\udffd Rela\u00e7\u00e3o de eventos e atos de ruas dos coletivos internacionais Atividades do s\u00e1bado &#8211; 26 de mar\u00e7o (hor\u00e1rio local)\ud83d\udccdAmsterdam (Holanda) &#8211; \u00e0s 20h |","gt_translate_keys":[{"key":"link","format":"url"}],"_links":{"self":[{"href":"https:\/\/fibrainternacional.org\/index.php?rest_route=\/wp\/v2\/posts\/8509","targetHints":{"allow":["GET"]}}],"collection":[{"href":"https:\/\/fibrainternacional.org\/index.php?rest_route=\/wp\/v2\/posts"}],"about":[{"href":"https:\/\/fibrainternacional.org\/index.php?rest_route=\/wp\/v2\/types\/post"}],"author":[{"embeddable":true,"href":"https:\/\/fibrainternacional.org\/index.php?rest_route=\/wp\/v2\/users\/2"}],"replies":[{"embeddable":true,"href":"https:\/\/fibrainternacional.org\/index.php?rest_route=%2Fwp%2Fv2%2Fcomments&post=8509"}],"version-history":[{"count":5,"href":"https:\/\/fibrainternacional.org\/index.php?rest_route=\/wp\/v2\/posts\/8509\/revisions"}],"predecessor-version":[{"id":8556,"href":"https:\/\/fibrainternacional.org\/index.php?rest_route=\/wp\/v2\/posts\/8509\/revisions\/8556"}],"wp:featuredmedia":[{"embeddable":true,"href":"https:\/\/fibrainternacional.org\/index.php?rest_route=\/wp\/v2\/media\/8510"}],"wp:attachment":[{"href":"https:\/\/fibrainternacional.org\/index.php?rest_route=%2Fwp%2Fv2%2Fmedia&parent=8509"}],"wp:term":[{"taxonomy":"category","embeddable":true,"href":"https:\/\/fibrainternacional.org\/index.php?rest_route=%2Fwp%2Fv2%2Fcategories&post=8509"},{"taxonomy":"post_tag","embeddable":true,"href":"https:\/\/fibrainternacional.org\/index.php?rest_route=%2Fwp%2Fv2%2Ftags&post=8509"}],"curies":[{"name":"wp","href":"https:\/\/api.w.org\/{rel}","templated":true}]}}