{"id":8909,"date":"2022-07-31T11:36:55","date_gmt":"2022-07-31T09:36:55","guid":{"rendered":"http:\/\/fibrainternacional.org\/?p=8909"},"modified":"2022-07-31T11:36:56","modified_gmt":"2022-07-31T09:36:56","slug":"agitando-as-ruas-de-berlim","status":"publish","type":"post","link":"https:\/\/fibrainternacional.org\/?p=8909","title":{"rendered":"Agitando as ruas de Berlim","gt_translate_keys":[{"key":"rendered","format":"text"}]},"content":{"rendered":"\n<p>Berlim, 31 de julho de 2022<\/p>\n\n\n<div class=\"wp-block-image\">\n<figure class=\"alignright size-large is-resized\"><img decoding=\"async\" src=\"http:\/\/fibrainternacional.org\/wp-content\/uploads\/2022\/07\/Screenshot-2022-07-31-at-11.31.17-1024x576.png\" alt=\"\" class=\"wp-image-8911\" width=\"284\" height=\"158\"\/><\/figure>\n<\/div>\n\n\n<p class=\"has-drop-cap\">O <a href=\"https:\/\/www.facebook.com\/LutaContraOFascismoNoBrasil\" target=\"_blank\" rel=\"noreferrer noopener\">Coletivo Luta contra o Fascismo no Brasil<\/a>, d\u00e1 o ponta-p\u00e9 inicial na agenda de <a href=\"http:\/\/fibrainternacional.org\/?p=8895\" target=\"_blank\" rel=\"noreferrer noopener\">atos internacionais<\/a> para o m\u00eas de agosto. <\/p>\n\n\n\n<p>A manifesta\u00e7\u00e3o programada para acontecer no dia 13 de agosto, \u00e9 a primeira anunciada, de uma s\u00e9rie de eventos internacionais de coletivos da FIBRA, a ocorrer como marco do in\u00edcio da campanha eleitoral de 2022, conclamando a comunidade brasileira a envolver-se nesta luta contra o fascismo no Brasil, bem como orientar a comunidade internacional sobre o momento, o aumento consider\u00e1vel da viol\u00eancia pol\u00edtica e as amea\u00e7as que pairam sobre o pleito de outubro.<\/p>\n\n\n\n<p>Est\u00e1 em Berlim? <\/p>\n\n\n\n<p class=\"has-luminous-vivid-amber-background-color has-background\">Participe voc\u00ea tamb\u00e9m, leve seu cartaz, sua voz e sua vontade de mudar o Brasil para a Pariser Platz (Berlim), entre 12h e 14h, do dia 13.08.2022!<\/p>\n\n\n<div class=\"wp-block-image\">\n<figure class=\"aligncenter size-large is-resized\"><img fetchpriority=\"high\" decoding=\"async\" src=\"http:\/\/fibrainternacional.org\/wp-content\/uploads\/2022\/07\/Screenshot-2022-07-31-at-11.13.44-1024x575.png\" alt=\"\" class=\"wp-image-8910\" width=\"747\" height=\"418\" srcset=\"https:\/\/fibrainternacional.org\/wp-content\/uploads\/2022\/07\/Screenshot-2022-07-31-at-11.13.44-1024x575.png 1024w, https:\/\/fibrainternacional.org\/wp-content\/uploads\/2022\/07\/Screenshot-2022-07-31-at-11.13.44-300x168.png 300w, https:\/\/fibrainternacional.org\/wp-content\/uploads\/2022\/07\/Screenshot-2022-07-31-at-11.13.44-768x431.png 768w, https:\/\/fibrainternacional.org\/wp-content\/uploads\/2022\/07\/Screenshot-2022-07-31-at-11.13.44-2048x1150.png 2048w, https:\/\/fibrainternacional.org\/wp-content\/uploads\/2022\/07\/Screenshot-2022-07-31-at-11.13.44-1170x657.png 1170w, https:\/\/fibrainternacional.org\/wp-content\/uploads\/2022\/07\/Screenshot-2022-07-31-at-11.13.44-600x337.png 600w\" sizes=\"(max-width: 747px) 100vw, 747px\" \/><figcaption>Imagens: Coletivo Luta contra o Fascismo no Brasil<\/figcaption><\/figure>\n<\/div>","protected":false,"gt_translate_keys":[{"key":"rendered","format":"html"}]},"excerpt":{"rendered":"<p>Berlim, 31 de julho de 2022 O Coletivo Luta contra o Fascismo no Brasil, d\u00e1 o ponta-p\u00e9 inicial na agenda de atos internacionais para o<\/p>\n","protected":false,"gt_translate_keys":[{"key":"rendered","format":"html"}]},"author":2,"featured_media":8911,"comment_status":"open","ping_status":"open","sticky":false,"template":"","format":"standard","meta":{"om_disable_all_campaigns":false,"_eb_attr":"","footnotes":""},"categories":[49,10],"tags":[],"class_list":["post-8909","post","type-post","status-publish","format-standard","has-post-thumbnail","hentry","category-agenda","category-reportagens","three-columns"],"aioseo_notices":[],"rttpg_featured_image_url":{"full":["https:\/\/fibrainternacional.org\/wp-content\/uploads\/2022\/07\/Screenshot-2022-07-31-at-11.31.17.png",2554,1436,false],"landscape":["https:\/\/fibrainternacional.org\/wp-content\/uploads\/2022\/07\/Screenshot-2022-07-31-at-11.31.17.png",2554,1436,false],"portraits":["https:\/\/fibrainternacional.org\/wp-content\/uploads\/2022\/07\/Screenshot-2022-07-31-at-11.31.17.png",2554,1436,false],"thumbnail":["https:\/\/fibrainternacional.org\/wp-content\/uploads\/2022\/07\/Screenshot-2022-07-31-at-11.31.17-150x150.png",150,150,true],"medium":["https:\/\/fibrainternacional.org\/wp-content\/uploads\/2022\/07\/Screenshot-2022-07-31-at-11.31.17-300x169.png",300,169,true],"large":["https:\/\/fibrainternacional.org\/wp-content\/uploads\/2022\/07\/Screenshot-2022-07-31-at-11.31.17-1024x576.png",640,360,true],"1536x1536":["https:\/\/fibrainternacional.org\/wp-content\/uploads\/2022\/07\/Screenshot-2022-07-31-at-11.31.17-1536x864.png",1536,864,true],"2048x2048":["https:\/\/fibrainternacional.org\/wp-content\/uploads\/2022\/07\/Screenshot-2022-07-31-at-11.31.17-2048x1151.png",2048,1151,true],"refined-magazine-carousel-img":["https:\/\/fibrainternacional.org\/wp-content\/uploads\/2022\/07\/Screenshot-2022-07-31-at-11.31.17-783x450.png",783,450,true],"refined-magazine-carousel-img-landscape":["https:\/\/fibrainternacional.org\/wp-content\/uploads\/2022\/07\/Screenshot-2022-07-31-at-11.31.17-783x225.png",783,225,true],"refined-magazine-carousel-large-img":["https:\/\/fibrainternacional.org\/wp-content\/uploads\/2022\/07\/Screenshot-2022-07-31-at-11.31.17-1000x574.png",1000,574,true],"refined-magazine-carousel-large-img-landscape":["https:\/\/fibrainternacional.org\/wp-content\/uploads\/2022\/07\/Screenshot-2022-07-31-at-11.31.17-1000x287.png",1000,287,true],"refined-magazine-large-thumb":["https:\/\/fibrainternacional.org\/wp-content\/uploads\/2022\/07\/Screenshot-2022-07-31-at-11.31.17-1170x658.png",1170,658,true],"refined-magazine-small-thumb":["https:\/\/fibrainternacional.org\/wp-content\/uploads\/2022\/07\/Screenshot-2022-07-31-at-11.31.17-350x220.png",350,220,true]},"rttpg_author":{"display_name":"clearwaterdijk","author_link":"https:\/\/fibrainternacional.org\/?author=2"},"rttpg_comment":0,"rttpg_category":"<a href=\"https:\/\/fibrainternacional.org\/?cat=49\" rel=\"category\">Agenda<\/a> <a href=\"https:\/\/fibrainternacional.org\/?cat=10\" rel=\"category\">Reportagens<\/a>","rttpg_excerpt":"Berlim, 31 de julho de 2022 O Coletivo Luta contra o Fascismo no Brasil, d\u00e1 o ponta-p\u00e9 inicial na agenda de atos internacionais para o","gt_translate_keys":[{"key":"link","format":"url"}],"_links":{"self":[{"href":"https:\/\/fibrainternacional.org\/index.php?rest_route=\/wp\/v2\/posts\/8909","targetHints":{"allow":["GET"]}}],"collection":[{"href":"https:\/\/fibrainternacional.org\/index.php?rest_route=\/wp\/v2\/posts"}],"about":[{"href":"https:\/\/fibrainternacional.org\/index.php?rest_route=\/wp\/v2\/types\/post"}],"author":[{"embeddable":true,"href":"https:\/\/fibrainternacional.org\/index.php?rest_route=\/wp\/v2\/users\/2"}],"replies":[{"embeddable":true,"href":"https:\/\/fibrainternacional.org\/index.php?rest_route=%2Fwp%2Fv2%2Fcomments&post=8909"}],"version-history":[{"count":1,"href":"https:\/\/fibrainternacional.org\/index.php?rest_route=\/wp\/v2\/posts\/8909\/revisions"}],"predecessor-version":[{"id":8912,"href":"https:\/\/fibrainternacional.org\/index.php?rest_route=\/wp\/v2\/posts\/8909\/revisions\/8912"}],"wp:featuredmedia":[{"embeddable":true,"href":"https:\/\/fibrainternacional.org\/index.php?rest_route=\/wp\/v2\/media\/8911"}],"wp:attachment":[{"href":"https:\/\/fibrainternacional.org\/index.php?rest_route=%2Fwp%2Fv2%2Fmedia&parent=8909"}],"wp:term":[{"taxonomy":"category","embeddable":true,"href":"https:\/\/fibrainternacional.org\/index.php?rest_route=%2Fwp%2Fv2%2Fcategories&post=8909"},{"taxonomy":"post_tag","embeddable":true,"href":"https:\/\/fibrainternacional.org\/index.php?rest_route=%2Fwp%2Fv2%2Ftags&post=8909"}],"curies":[{"name":"wp","href":"https:\/\/api.w.org\/{rel}","templated":true}]}}