{"id":8920,"date":"2022-07-31T21:28:10","date_gmt":"2022-07-31T19:28:10","guid":{"rendered":"http:\/\/fibrainternacional.org\/?p=8920"},"modified":"2022-07-31T21:37:33","modified_gmt":"2022-07-31T19:37:33","slug":"tenda-pre-parada-vancouver","status":"publish","type":"post","link":"https:\/\/fibrainternacional.org\/?p=8920","title":{"rendered":"TENDA PR\u00c9-PARADA &#8211; Vancouver","gt_translate_keys":[{"key":"rendered","format":"text"}]},"content":{"rendered":"<div class=\"wp-block-image\">\n<figure class=\"alignright size-large is-resized\"><img fetchpriority=\"high\" decoding=\"async\" src=\"http:\/\/fibrainternacional.org\/wp-content\/uploads\/2022\/07\/Im-here-1024x576.png\" alt=\"\" class=\"wp-image-8923\" width=\"450\" height=\"252\" srcset=\"https:\/\/fibrainternacional.org\/wp-content\/uploads\/2022\/07\/Im-here-1024x576.png 1024w, https:\/\/fibrainternacional.org\/wp-content\/uploads\/2022\/07\/Im-here-300x169.png 300w, https:\/\/fibrainternacional.org\/wp-content\/uploads\/2022\/07\/Im-here-768x432.png 768w, https:\/\/fibrainternacional.org\/wp-content\/uploads\/2022\/07\/Im-here-1536x864.png 1536w, https:\/\/fibrainternacional.org\/wp-content\/uploads\/2022\/07\/Im-here-1170x658.png 1170w, https:\/\/fibrainternacional.org\/wp-content\/uploads\/2022\/07\/Im-here.png 1600w\" sizes=\"(max-width: 450px) 100vw, 450px\" \/><\/figure>\n<\/div>\n\n\n<p class=\"has-drop-cap\">O Comit\u00ea Popular Marielle Franco de Vancouver realizou na tarde de s\u00e1bado, 30 de julho, mais uma edi\u00e7\u00e3o de sua tenda itinerante, uma iniciativa do grupo de brasileiros progressistas na cidade canadense, para exercitar o trabalho politico de base com a comunidade brasileira local. De acordo com Marco, da Frente de Vancouver , &#8220;o Comit\u00ea Popular de Vancouver t\u00e1 levando essa tenda coletiva deixando panfletos e \u00e1gua, salgadinho pra quem passar por l\u00e1 poder trocar uma ideia.&#8221;<\/p>\n\n\n\n<p>Na edi\u00e7\u00e3o deste s\u00e1bado, a tenda teve como nome <strong>TENDA PR\u00c9-PARADA<\/strong>, como explica Marco: -&#8220;Ontem teve um festival de fogos em uma das praias do centro de Vancouver&#8230;. estava lotado e chamamos essa a\u00e7\u00e3o de TENDA PR\u00c9-PARADA pq a data de ontem antecede a Pride (desfile do orgulho LGBTQIA+) que vai acontecer agora.&#8221; (31\/07\/2022)<\/p>\n\n\n\n<figure class=\"wp-block-image size-large\"><img decoding=\"async\" width=\"1024\" height=\"576\" src=\"http:\/\/fibrainternacional.org\/wp-content\/uploads\/2022\/07\/2-1-1024x576.png\" alt=\"\" class=\"wp-image-8922\" srcset=\"https:\/\/fibrainternacional.org\/wp-content\/uploads\/2022\/07\/2-1-1024x576.png 1024w, https:\/\/fibrainternacional.org\/wp-content\/uploads\/2022\/07\/2-1-300x169.png 300w, https:\/\/fibrainternacional.org\/wp-content\/uploads\/2022\/07\/2-1-768x432.png 768w, https:\/\/fibrainternacional.org\/wp-content\/uploads\/2022\/07\/2-1-1536x864.png 1536w, https:\/\/fibrainternacional.org\/wp-content\/uploads\/2022\/07\/2-1-1170x658.png 1170w, https:\/\/fibrainternacional.org\/wp-content\/uploads\/2022\/07\/2-1-600x338.png 600w, https:\/\/fibrainternacional.org\/wp-content\/uploads\/2022\/07\/2-1.png 1600w\" sizes=\"(max-width: 1024px) 100vw, 1024px\" \/><\/figure>\n\n\n\n<p>Imagens da tenda e panfletagem, em parque p\u00fablico de Vancouver, h\u00e1 duas semanas (16\/07\/2022)<\/p>\n\n\n\n<figure class=\"wp-block-image size-full\"><img decoding=\"async\" width=\"856\" height=\"602\" src=\"http:\/\/fibrainternacional.org\/wp-content\/uploads\/2022\/07\/Screenshot-2022-07-31-at-21.36.45.png\" alt=\"\" class=\"wp-image-8929\" srcset=\"https:\/\/fibrainternacional.org\/wp-content\/uploads\/2022\/07\/Screenshot-2022-07-31-at-21.36.45.png 856w, https:\/\/fibrainternacional.org\/wp-content\/uploads\/2022\/07\/Screenshot-2022-07-31-at-21.36.45-300x211.png 300w, https:\/\/fibrainternacional.org\/wp-content\/uploads\/2022\/07\/Screenshot-2022-07-31-at-21.36.45-768x540.png 768w, https:\/\/fibrainternacional.org\/wp-content\/uploads\/2022\/07\/Screenshot-2022-07-31-at-21.36.45-600x422.png 600w\" sizes=\"(max-width: 856px) 100vw, 856px\" \/><\/figure>\n","protected":false,"gt_translate_keys":[{"key":"rendered","format":"html"}]},"excerpt":{"rendered":"<p>O Comit\u00ea Popular Marielle Franco de Vancouver realizou na tarde de s\u00e1bado, 30 de julho, mais uma edi\u00e7\u00e3o de sua tenda itinerante, uma iniciativa do<\/p>\n","protected":false,"gt_translate_keys":[{"key":"rendered","format":"html"}]},"author":2,"featured_media":8923,"comment_status":"open","ping_status":"open","sticky":false,"template":"","format":"standard","meta":{"om_disable_all_campaigns":false,"_eb_attr":"","footnotes":""},"categories":[189,10],"tags":[],"class_list":["post-8920","post","type-post","status-publish","format-standard","has-post-thumbnail","hentry","category-galeria-imagens","category-reportagens","three-columns"],"aioseo_notices":[],"rttpg_featured_image_url":{"full":["https:\/\/fibrainternacional.org\/wp-content\/uploads\/2022\/07\/Im-here.png",1600,900,false],"landscape":["https:\/\/fibrainternacional.org\/wp-content\/uploads\/2022\/07\/Im-here.png",1600,900,false],"portraits":["https:\/\/fibrainternacional.org\/wp-content\/uploads\/2022\/07\/Im-here.png",1600,900,false],"thumbnail":["https:\/\/fibrainternacional.org\/wp-content\/uploads\/2022\/07\/Im-here-150x150.png",150,150,true],"medium":["https:\/\/fibrainternacional.org\/wp-content\/uploads\/2022\/07\/Im-here-300x169.png",300,169,true],"large":["https:\/\/fibrainternacional.org\/wp-content\/uploads\/2022\/07\/Im-here-1024x576.png",640,360,true],"1536x1536":["https:\/\/fibrainternacional.org\/wp-content\/uploads\/2022\/07\/Im-here-1536x864.png",1536,864,true],"2048x2048":["https:\/\/fibrainternacional.org\/wp-content\/uploads\/2022\/07\/Im-here.png",1600,900,false],"refined-magazine-carousel-img":["https:\/\/fibrainternacional.org\/wp-content\/uploads\/2022\/07\/Im-here-783x450.png",783,450,true],"refined-magazine-carousel-img-landscape":["https:\/\/fibrainternacional.org\/wp-content\/uploads\/2022\/07\/Im-here-783x225.png",783,225,true],"refined-magazine-carousel-large-img":["https:\/\/fibrainternacional.org\/wp-content\/uploads\/2022\/07\/Im-here-1000x574.png",1000,574,true],"refined-magazine-carousel-large-img-landscape":["https:\/\/fibrainternacional.org\/wp-content\/uploads\/2022\/07\/Im-here-1000x287.png",1000,287,true],"refined-magazine-large-thumb":["https:\/\/fibrainternacional.org\/wp-content\/uploads\/2022\/07\/Im-here-1170x658.png",1170,658,true],"refined-magazine-small-thumb":["https:\/\/fibrainternacional.org\/wp-content\/uploads\/2022\/07\/Im-here-350x220.png",350,220,true]},"rttpg_author":{"display_name":"clearwaterdijk","author_link":"https:\/\/fibrainternacional.org\/?author=2"},"rttpg_comment":1,"rttpg_category":"<a href=\"https:\/\/fibrainternacional.org\/?cat=189\" rel=\"category\">Galeria Imagens<\/a> <a href=\"https:\/\/fibrainternacional.org\/?cat=10\" rel=\"category\">Reportagens<\/a>","rttpg_excerpt":"O Comit\u00ea Popular Marielle Franco de Vancouver realizou na tarde de s\u00e1bado, 30 de julho, mais uma edi\u00e7\u00e3o de sua tenda itinerante, uma iniciativa do","gt_translate_keys":[{"key":"link","format":"url"}],"_links":{"self":[{"href":"https:\/\/fibrainternacional.org\/index.php?rest_route=\/wp\/v2\/posts\/8920","targetHints":{"allow":["GET"]}}],"collection":[{"href":"https:\/\/fibrainternacional.org\/index.php?rest_route=\/wp\/v2\/posts"}],"about":[{"href":"https:\/\/fibrainternacional.org\/index.php?rest_route=\/wp\/v2\/types\/post"}],"author":[{"embeddable":true,"href":"https:\/\/fibrainternacional.org\/index.php?rest_route=\/wp\/v2\/users\/2"}],"replies":[{"embeddable":true,"href":"https:\/\/fibrainternacional.org\/index.php?rest_route=%2Fwp%2Fv2%2Fcomments&post=8920"}],"version-history":[{"count":2,"href":"https:\/\/fibrainternacional.org\/index.php?rest_route=\/wp\/v2\/posts\/8920\/revisions"}],"predecessor-version":[{"id":8930,"href":"https:\/\/fibrainternacional.org\/index.php?rest_route=\/wp\/v2\/posts\/8920\/revisions\/8930"}],"wp:featuredmedia":[{"embeddable":true,"href":"https:\/\/fibrainternacional.org\/index.php?rest_route=\/wp\/v2\/media\/8923"}],"wp:attachment":[{"href":"https:\/\/fibrainternacional.org\/index.php?rest_route=%2Fwp%2Fv2%2Fmedia&parent=8920"}],"wp:term":[{"taxonomy":"category","embeddable":true,"href":"https:\/\/fibrainternacional.org\/index.php?rest_route=%2Fwp%2Fv2%2Fcategories&post=8920"},{"taxonomy":"post_tag","embeddable":true,"href":"https:\/\/fibrainternacional.org\/index.php?rest_route=%2Fwp%2Fv2%2Ftags&post=8920"}],"curies":[{"name":"wp","href":"https:\/\/api.w.org\/{rel}","templated":true}]}}