{"id":9263,"date":"2022-10-18T16:25:15","date_gmt":"2022-10-18T14:25:15","guid":{"rendered":"http:\/\/fibrainternacional.org\/?p=9263"},"modified":"2022-11-01T09:57:33","modified_gmt":"2022-11-01T08:57:33","slug":"atos-de-outubro-2022","status":"publish","type":"post","link":"https:\/\/fibrainternacional.org\/?p=9263","title":{"rendered":"Atos de Outubro 2022","gt_translate_keys":[{"key":"rendered","format":"text"}]},"content":{"rendered":"\n<p class=\"has-white-background-color has-background\"><strong>Agenda de atos e manifesta\u00e7\u00f5es da Milit\u00e2ncia Internacional:<\/strong><\/p>\n\n\n<div class=\"wp-block-image\">\n<figure class=\"aligncenter size-large is-resized\"><img fetchpriority=\"high\" decoding=\"async\" src=\"http:\/\/fibrainternacional.org\/wp-content\/uploads\/2022\/10\/Screenshot-2022-10-18-at-16.21.41-1024x576.png\" alt=\"\" class=\"wp-image-9264\" width=\"602\" height=\"338\" srcset=\"https:\/\/fibrainternacional.org\/wp-content\/uploads\/2022\/10\/Screenshot-2022-10-18-at-16.21.41-1024x576.png 1024w, https:\/\/fibrainternacional.org\/wp-content\/uploads\/2022\/10\/Screenshot-2022-10-18-at-16.21.41-300x169.png 300w, https:\/\/fibrainternacional.org\/wp-content\/uploads\/2022\/10\/Screenshot-2022-10-18-at-16.21.41-768x432.png 768w, https:\/\/fibrainternacional.org\/wp-content\/uploads\/2022\/10\/Screenshot-2022-10-18-at-16.21.41-1536x864.png 1536w, https:\/\/fibrainternacional.org\/wp-content\/uploads\/2022\/10\/Screenshot-2022-10-18-at-16.21.41-2048x1152.png 2048w, https:\/\/fibrainternacional.org\/wp-content\/uploads\/2022\/10\/Screenshot-2022-10-18-at-16.21.41-1170x658.png 1170w, https:\/\/fibrainternacional.org\/wp-content\/uploads\/2022\/10\/Screenshot-2022-10-18-at-16.21.41-600x338.png 600w\" sizes=\"(max-width: 602px) 100vw, 602px\" \/><\/figure>\n<\/div>\n\n\n<p class=\"has-vivid-red-background-color has-background\"><strong>ATOS DE RUA: 22 de outubro (s\u00e1bado \/ hor\u00e1rio local)<\/strong><\/p>\n\n\n\n<ol class=\"wp-block-list\"><li>\ud83c\uddf3\ud83c\uddf1 <strong>Amsterdam<\/strong> (Holanda) &#8211; <strong>Cortejo pela Democracia, com #Lula13 e contra o fascismo | &#8211; <\/strong> Vondelpark (em frente \u00e0 est\u00e1tua Mama Baranka) |<strong> <\/strong>das 13h \u00e0s 16h;<\/li><li>\ud83c\udde9\ud83c\uddea <strong>Berlim<\/strong> (Alemanha) &#8211; <strong>Manifesta\u00e7\u00e3o Brasil Urgente Lula Presidente <\/strong>| Parizer Platz | das 12h \u00e0s 14h;<\/li><li>\ud83c\uddfa\ud83c\uddf8 <strong>Newark<\/strong> (EUA) &#8211; <strong>New York e New Jersey  por Lula presidente! Lula \u00e9 13!<\/strong> | Caminhada, Carreata, Bike e Moto | Concentra\u00e7\u00e3o: Ferry St &amp; Magazine St | 15h;<\/li><li>\ud83c\uddeb\ud83c\uddf7 <strong>Paris<\/strong> (Fran\u00e7a) &#8211; <strong>Paris por Lula 13<\/strong> | Place de la Nation | \u00e0s 15h;<\/li><li>\ud83c\uddfa\ud83c\uddf8 <strong>Massachusetts<\/strong> (EUA) &#8211; <strong>VIRA VOTO em Somerville<\/strong><\/li><\/ol>\n\n\n\n<p class=\"has-luminous-vivid-amber-background-color has-background\"><strong>ATOS DE RUA: 23 de outubro (domingo \/ hora local)<\/strong><\/p>\n\n\n\n<ol class=\"wp-block-list\"><li>\ud83c\udde9\ud83c\uddea <strong>Berlim<\/strong> (Alemanha) &#8211; <strong>Caminhada em Berlim pela Vit\u00f3ria do Lula <\/strong>| de Oranienplatz at\u00e9 Hermannplatz | das 12h \u00e0s 15h;<\/li><li>\ud83c\uddee\ud83c\uddf9 <strong>Bolonha<\/strong> (It\u00e1lia) &#8211; <strong>Bolonha pela Democracia. Lula13!<\/strong>;<\/li><li>\ud83c\udde8\ud83c\udded <strong>Genebra<\/strong> (Su\u00ed\u00e7a) &#8211; <strong>Anivers\u00e1rio antecipado de LULA na Su\u00ed\u00e7a<\/strong>;<\/li><li>\ud83c\uddf5\ud83c\uddf9 <strong>Lisboa<\/strong> (Portugal) &#8211; <strong>Feij\u00e3o Camarada<\/strong> | Casa do Brasil de Lisboa, Rua da Luz Soriano, 42 | 15h;<\/li><li>\ud83c\uddf2\ud83c\uddfd <strong>M\u00e9xico<\/strong> (M\u00e9xico) \u2013 <strong>Samba por la Democracia<\/strong> | Chapata Vive Caf\u00e9 \/ Esta\u00e7\u00e3o Etiop\u00eda-Plaza de la Transparencia | 16:30h;<\/li><li>\ud83c\uddfa\ud83c\uddf8 <strong>Miami<\/strong> (EUA) &#8211; <strong>Lula Esperan\u00e7a Renovada<\/strong> | Praia de Deerfield Beach | de 14h \u00e0s 15h;<\/li><li>\ud83c\uddee\ud83c\uddf9 <strong>Mil\u00e3o<\/strong> (It\u00e1lia) \u2013 <strong>Festa Della Democrazia<\/strong> | Via Luigi Nono, 9 Tempio del Futuro Perduto | \u00e0s 16h;<\/li><li>\ud83c\udde8\ud83c\udde6 <strong>Vancouver<\/strong> (Canad\u00e1) &#8211; <strong>Act for climate justice and for democracy in Brazil<\/strong> | Vancouver Art Gallery | AT 10 PM \u2013 1 AM UTC+02.<\/li><\/ol>\n\n\n\n<p class=\"has-vivid-green-cyan-background-color has-background\"><strong>ATOS DE RUA e outras Manifesta\u00e7\u00f5es: 27 de outubro (quinta-feira \/ hora local)<\/strong><\/p>\n\n\n\n<ol class=\"wp-block-list\"><li>\ud83c\udde7\ud83c\uddea <strong>Bruxelas<\/strong> (B\u00e9lgica) &#8211; <strong>LulaDay Festa de Ades\u00e3o ao Anivers\u00e1rio de Lula<\/strong> | Rue Emile Carpentier 24 | a partir das 19h.<\/li><\/ol>\n\n\n\n<figure class=\"wp-block-image size-large\"><img decoding=\"async\" width=\"1024\" height=\"574\" src=\"http:\/\/fibrainternacional.org\/wp-content\/uploads\/2022\/10\/Screenshot-2022-11-01-at-09.46.06-1024x574.png\" alt=\"\" class=\"wp-image-9373\" srcset=\"https:\/\/fibrainternacional.org\/wp-content\/uploads\/2022\/10\/Screenshot-2022-11-01-at-09.46.06-1024x574.png 1024w, https:\/\/fibrainternacional.org\/wp-content\/uploads\/2022\/10\/Screenshot-2022-11-01-at-09.46.06-300x168.png 300w, https:\/\/fibrainternacional.org\/wp-content\/uploads\/2022\/10\/Screenshot-2022-11-01-at-09.46.06-768x431.png 768w, https:\/\/fibrainternacional.org\/wp-content\/uploads\/2022\/10\/Screenshot-2022-11-01-at-09.46.06-1536x861.png 1536w, https:\/\/fibrainternacional.org\/wp-content\/uploads\/2022\/10\/Screenshot-2022-11-01-at-09.46.06-2048x1148.png 2048w, https:\/\/fibrainternacional.org\/wp-content\/uploads\/2022\/10\/Screenshot-2022-11-01-at-09.46.06-1170x656.png 1170w, https:\/\/fibrainternacional.org\/wp-content\/uploads\/2022\/10\/Screenshot-2022-11-01-at-09.46.06-600x336.png 600w\" sizes=\"(max-width: 1024px) 100vw, 1024px\" \/><figcaption>Imagens: Ermeson Vieira<\/figcaption><\/figure>\n\n\n\n<p class=\"has-vivid-cyan-blue-background-color has-background\"><strong>ATOS DE RUA e outras Manifesta\u00e7\u00f5es: 29 de outubro (s\u00e1bado \/ hora local)<\/strong><\/p>\n\n\n\n<ol class=\"wp-block-list\"><li>\ud83c\uddea\ud83c\uddf8 <strong>Barcelona<\/strong> (Espanha) &#8211; <strong>Lulada em Barcelona <\/strong>| Concentra\u00e7\u00e3o Av. Gaud\u00ed, px. n\u00famero 2 | \u00e0s 16h<\/li><li>\ud83c\udde9\ud83c\uddea <strong>Berlim<\/strong> (Alemanha) &#8211; <strong>Brasil Urgente Lula Presidente <\/strong>| Parizer Platz | das 12:30h \u00e0s 14h;<\/li><\/ol>\n\n\n\n<p class=\"has-pale-pink-background-color has-background\"><strong>ATOS DE RUA e outras Manifesta\u00e7\u00f5es: 30 de outubro (domingo \/ hora local)<\/strong><\/p>\n\n\n\n<ol class=\"wp-block-list\"><li>\ud83c\uddf3\ud83c\uddf1 <strong>Amsterdam<\/strong> (Holanda) &#8211; <strong>Sarau Lulino. Reist\u00eancia,democracia, esperan\u00e7a, luta. | &#8211; <\/strong> Schinkelhavenstraat 27HS\/Teatro Munganga |<strong> <\/strong>das 18h \/ entrada franca;<\/li><\/ol>\n","protected":false,"gt_translate_keys":[{"key":"rendered","format":"html"}]},"excerpt":{"rendered":"<p>Agenda de atos e manifesta\u00e7\u00f5es da Milit\u00e2ncia Internacional: ATOS DE RUA: 22 de outubro (s\u00e1bado \/ hor\u00e1rio local) \ud83c\uddf3\ud83c\uddf1 Amsterdam (Holanda) &#8211; Cortejo pela Democracia,<\/p>\n","protected":false,"gt_translate_keys":[{"key":"rendered","format":"html"}]},"author":2,"featured_media":0,"comment_status":"open","ping_status":"open","sticky":false,"template":"","format":"standard","meta":{"om_disable_all_campaigns":false,"_eb_attr":"","footnotes":""},"categories":[49],"tags":[],"class_list":["post-9263","post","type-post","status-publish","format-standard","hentry","category-agenda","three-columns"],"aioseo_notices":[],"rttpg_featured_image_url":null,"rttpg_author":{"display_name":"clearwaterdijk","author_link":"https:\/\/fibrainternacional.org\/?author=2"},"rttpg_comment":2,"rttpg_category":"<a href=\"https:\/\/fibrainternacional.org\/?cat=49\" rel=\"category\">Agenda<\/a>","rttpg_excerpt":"Agenda de atos e manifesta\u00e7\u00f5es da Milit\u00e2ncia Internacional: ATOS DE RUA: 22 de outubro (s\u00e1bado \/ hor\u00e1rio local) \ud83c\uddf3\ud83c\uddf1 Amsterdam (Holanda) &#8211; Cortejo pela Democracia,","gt_translate_keys":[{"key":"link","format":"url"}],"_links":{"self":[{"href":"https:\/\/fibrainternacional.org\/index.php?rest_route=\/wp\/v2\/posts\/9263","targetHints":{"allow":["GET"]}}],"collection":[{"href":"https:\/\/fibrainternacional.org\/index.php?rest_route=\/wp\/v2\/posts"}],"about":[{"href":"https:\/\/fibrainternacional.org\/index.php?rest_route=\/wp\/v2\/types\/post"}],"author":[{"embeddable":true,"href":"https:\/\/fibrainternacional.org\/index.php?rest_route=\/wp\/v2\/users\/2"}],"replies":[{"embeddable":true,"href":"https:\/\/fibrainternacional.org\/index.php?rest_route=%2Fwp%2Fv2%2Fcomments&post=9263"}],"version-history":[{"count":20,"href":"https:\/\/fibrainternacional.org\/index.php?rest_route=\/wp\/v2\/posts\/9263\/revisions"}],"predecessor-version":[{"id":9375,"href":"https:\/\/fibrainternacional.org\/index.php?rest_route=\/wp\/v2\/posts\/9263\/revisions\/9375"}],"wp:attachment":[{"href":"https:\/\/fibrainternacional.org\/index.php?rest_route=%2Fwp%2Fv2%2Fmedia&parent=9263"}],"wp:term":[{"taxonomy":"category","embeddable":true,"href":"https:\/\/fibrainternacional.org\/index.php?rest_route=%2Fwp%2Fv2%2Fcategories&post=9263"},{"taxonomy":"post_tag","embeddable":true,"href":"https:\/\/fibrainternacional.org\/index.php?rest_route=%2Fwp%2Fv2%2Ftags&post=9263"}],"curies":[{"name":"wp","href":"https:\/\/api.w.org\/{rel}","templated":true}]}}