{"id":9499,"date":"2023-01-09T11:56:23","date_gmt":"2023-01-09T10:56:23","guid":{"rendered":"http:\/\/fibrainternacional.org\/?p=9499"},"modified":"2023-01-09T12:17:14","modified_gmt":"2023-01-09T11:17:14","slug":"contra-o-fascismo-unidade-na-luta","status":"publish","type":"post","link":"https:\/\/fibrainternacional.org\/?p=9499","title":{"rendered":"Contra o Fascismo, Unidade na Luta.","gt_translate_keys":[{"key":"rendered","format":"text"}]},"content":{"rendered":"\n<p style=\"font-size:30px\"><strong>Em Bras\u00edlia, Barcelona, Lima\u2026<\/strong><\/p>\n\n\n\n<p>De Fl\u00e1vio Carvalho, para o site da FIBRA. Soci\u00f3logo, escritor e professor de teatro..<\/p>\n\n\n\n<p><strong>Barcelona<\/strong>, 09 de janeiro de 2023.<\/p>\n\n\n\n<p class=\"has-text-align-right\"><strong>&#8220;Bras\u00edlia \u00e9 do Povo. O Brasil \u00e9 nosso.&#8221;<br>(Fl\u00e1vio Carvalho \u270a\ud83c\udffd\u2764\ufe0f) <\/strong><\/p>\n\n\n\n<p class=\"has-drop-cap\">Porque \u00e9 importante antecipar-se ao golpe e n\u00e3o deixar que os fascistas pautem a nossa agenda pol\u00edtica e tenhamos que ir nas pressas, correndo atr\u00e1s deles?<\/p>\n\n\n<div class=\"wp-block-image is-style-default\">\n<figure class=\"alignright size-medium\"><img fetchpriority=\"high\" decoding=\"async\" width=\"300\" height=\"169\" src=\"http:\/\/fibrainternacional.org\/wp-content\/uploads\/2023\/01\/Screenshot-2023-01-09-at-11.51.34-300x169.png\" alt=\"\" class=\"wp-image-9500\" srcset=\"https:\/\/fibrainternacional.org\/wp-content\/uploads\/2023\/01\/Screenshot-2023-01-09-at-11.51.34-300x169.png 300w, https:\/\/fibrainternacional.org\/wp-content\/uploads\/2023\/01\/Screenshot-2023-01-09-at-11.51.34-1024x577.png 1024w, https:\/\/fibrainternacional.org\/wp-content\/uploads\/2023\/01\/Screenshot-2023-01-09-at-11.51.34-768x433.png 768w, https:\/\/fibrainternacional.org\/wp-content\/uploads\/2023\/01\/Screenshot-2023-01-09-at-11.51.34-1536x866.png 1536w, https:\/\/fibrainternacional.org\/wp-content\/uploads\/2023\/01\/Screenshot-2023-01-09-at-11.51.34-2048x1154.png 2048w, https:\/\/fibrainternacional.org\/wp-content\/uploads\/2023\/01\/Screenshot-2023-01-09-at-11.51.34-1170x659.png 1170w, https:\/\/fibrainternacional.org\/wp-content\/uploads\/2023\/01\/Screenshot-2023-01-09-at-11.51.34-600x338.png 600w\" sizes=\"(max-width: 300px) 100vw, 300px\" \/><\/figure>\n<\/div>\n\n\n<p>Este golpe estava cantado, a pol\u00edcia e as armas s\u00e3o &#8220;deles&#8221;. Mas n\u00e3o condenemos o nosso direito de haver festejado vit\u00f3ria nas ruas. \u00c9 nosso direito tamb\u00e9m \u00e0 alegria, depois de tanta morte e genoc\u00eddio. <strong>Confian\u00e7a<\/strong>, <strong>Respeito<\/strong> e <strong>Di\u00e1logo<\/strong> com o nosso novo governo, em uma semana tr\u00e1gica para a democracia brasileira.<\/p>\n\n\n\n<p>Em 1964, guardadas as devidas propor\u00e7\u00f5es, aconteceu o mesmo. Confiemos na experi\u00eancia de quem sabe o que \u00e9 derrubar ditadura, por\u00e9m escutando tamb\u00e9m os mais jovens. Pois os tempos e formas mudam. Pressionemos o governo Lula, sempre com a cr\u00edtica construtiva, cada vez mais \u00e0 esquerda. Ele mesmo sabe e j\u00e1 disse o quanto necessita da nossa mobiliza\u00e7\u00e3o permanente.<\/p>\n\n\n\n<p>Sobre isso, ontem corri, quase na madrugada, a fazer live no Instagram da @fibrainternacional, tentando dialogar com o espanto do terr\u00edvel terrorismo em Bras\u00edlia. Estas ideias que agora escrevo nas pressas, est\u00e3o gravadas em <a href=\"https:\/\/www.instagram.com\/tv\/CnK4lk_DCqB\/?utm_source=ig_web_copy_link\" target=\"_blank\" rel=\"noreferrer noopener\">v\u00eddeo no Instagram da Fibra<\/a>, com a calma &#8211; e ao mesmo tempo urg\u00eancia compat\u00edvel &#8211; que a atualidade pol\u00edtica requer.<\/p>\n\n\n\n<blockquote class=\"instagram-media\" data-instgrm-captioned data-instgrm-permalink=\"https:\/\/www.instagram.com\/tv\/CnK4lk_DCqB\/?utm_source=ig_embed&amp;utm_campaign=loading\" data-instgrm-version=\"14\" style=\" background:#FFF; border:0; border-radius:3px; box-shadow:0 0 1px 0 rgba(0,0,0,0.5),0 1px 10px 0 rgba(0,0,0,0.15); margin: 1px; max-width:540px; min-width:326px; padding:0; width:99.375%; width:-webkit-calc(100% - 2px); width:calc(100% - 2px);\"><div style=\"padding:16px;\"> <a href=\"https:\/\/www.instagram.com\/tv\/CnK4lk_DCqB\/?utm_source=ig_embed&amp;utm_campaign=loading\" style=\" background:#FFFFFF; line-height:0; padding:0 0; text-align:center; text-decoration:none; width:100%;\" target=\"_blank\" rel=\"noopener\"> <div style=\" display: flex; flex-direction: row; align-items: center;\"> <div style=\"background-color: #F4F4F4; border-radius: 50%; flex-grow: 0; height: 40px; margin-right: 14px; width: 40px;\"><\/div> <div style=\"display: flex; flex-direction: column; flex-grow: 1; justify-content: center;\"> <div style=\" background-color: #F4F4F4; border-radius: 4px; flex-grow: 0; height: 14px; margin-bottom: 6px; width: 100px;\"><\/div> <div style=\" background-color: #F4F4F4; border-radius: 4px; flex-grow: 0; height: 14px; width: 60px;\"><\/div><\/div><\/div><div style=\"padding: 19% 0;\"><\/div> <div style=\"display:block; height:50px; margin:0 auto 12px; width:50px;\"><svg width=\"50px\" height=\"50px\" viewBox=\"0 0 60 60\" version=\"1.1\" xmlns=\"https:\/\/www.w3.org\/2000\/svg\" xmlns:xlink=\"https:\/\/www.w3.org\/1999\/xlink\"><g stroke=\"none\" stroke-width=\"1\" fill=\"none\" fill-rule=\"evenodd\"><g transform=\"translate(-511.000000, -20.000000)\" fill=\"#000000\"><g><path d=\"M556.869,30.41 C554.814,30.41 553.148,32.076 553.148,34.131 C553.148,36.186 554.814,37.852 556.869,37.852 C558.924,37.852 560.59,36.186 560.59,34.131 C560.59,32.076 558.924,30.41 556.869,30.41 M541,60.657 C535.114,60.657 530.342,55.887 530.342,50 C530.342,44.114 535.114,39.342 541,39.342 C546.887,39.342 551.658,44.114 551.658,50 C551.658,55.887 546.887,60.657 541,60.657 M541,33.886 C532.1,33.886 524.886,41.1 524.886,50 C524.886,58.899 532.1,66.113 541,66.113 C549.9,66.113 557.115,58.899 557.115,50 C557.115,41.1 549.9,33.886 541,33.886 M565.378,62.101 C565.244,65.022 564.756,66.606 564.346,67.663 C563.803,69.06 563.154,70.057 562.106,71.106 C561.058,72.155 560.06,72.803 558.662,73.347 C557.607,73.757 556.021,74.244 553.102,74.378 C549.944,74.521 548.997,74.552 541,74.552 C533.003,74.552 532.056,74.521 528.898,74.378 C525.979,74.244 524.393,73.757 523.338,73.347 C521.94,72.803 520.942,72.155 519.894,71.106 C518.846,70.057 518.197,69.06 517.654,67.663 C517.244,66.606 516.755,65.022 516.623,62.101 C516.479,58.943 516.448,57.996 516.448,50 C516.448,42.003 516.479,41.056 516.623,37.899 C516.755,34.978 517.244,33.391 517.654,32.338 C518.197,30.938 518.846,29.942 519.894,28.894 C520.942,27.846 521.94,27.196 523.338,26.654 C524.393,26.244 525.979,25.756 528.898,25.623 C532.057,25.479 533.004,25.448 541,25.448 C548.997,25.448 549.943,25.479 553.102,25.623 C556.021,25.756 557.607,26.244 558.662,26.654 C560.06,27.196 561.058,27.846 562.106,28.894 C563.154,29.942 563.803,30.938 564.346,32.338 C564.756,33.391 565.244,34.978 565.378,37.899 C565.522,41.056 565.552,42.003 565.552,50 C565.552,57.996 565.522,58.943 565.378,62.101 M570.82,37.631 C570.674,34.438 570.167,32.258 569.425,30.349 C568.659,28.377 567.633,26.702 565.965,25.035 C564.297,23.368 562.623,22.342 560.652,21.575 C558.743,20.834 556.562,20.326 553.369,20.18 C550.169,20.033 549.148,20 541,20 C532.853,20 531.831,20.033 528.631,20.18 C525.438,20.326 523.257,20.834 521.349,21.575 C519.376,22.342 517.703,23.368 516.035,25.035 C514.368,26.702 513.342,28.377 512.574,30.349 C511.834,32.258 511.326,34.438 511.181,37.631 C511.035,40.831 511,41.851 511,50 C511,58.147 511.035,59.17 511.181,62.369 C511.326,65.562 511.834,67.743 512.574,69.651 C513.342,71.625 514.368,73.296 516.035,74.965 C517.703,76.634 519.376,77.658 521.349,78.425 C523.257,79.167 525.438,79.673 528.631,79.82 C531.831,79.965 532.853,80.001 541,80.001 C549.148,80.001 550.169,79.965 553.369,79.82 C556.562,79.673 558.743,79.167 560.652,78.425 C562.623,77.658 564.297,76.634 565.965,74.965 C567.633,73.296 568.659,71.625 569.425,69.651 C570.167,67.743 570.674,65.562 570.82,62.369 C570.966,59.17 571,58.147 571,50 C571,41.851 570.966,40.831 570.82,37.631\"><\/path><\/g><\/g><\/g><\/svg><\/div><div style=\"padding-top: 8px;\"> <div style=\" color:#3897f0; font-family:Arial,sans-serif; font-size:14px; font-style:normal; font-weight:550; line-height:18px;\">View this post on Instagram<\/div><\/div><div style=\"padding: 12.5% 0;\"><\/div> <div style=\"display: flex; flex-direction: row; margin-bottom: 14px; align-items: center;\"><div> <div style=\"background-color: #F4F4F4; border-radius: 50%; height: 12.5px; width: 12.5px; transform: translateX(0px) translateY(7px);\"><\/div> <div style=\"background-color: #F4F4F4; height: 12.5px; transform: rotate(-45deg) translateX(3px) translateY(1px); width: 12.5px; flex-grow: 0; margin-right: 14px; margin-left: 2px;\"><\/div> <div style=\"background-color: #F4F4F4; border-radius: 50%; height: 12.5px; width: 12.5px; transform: translateX(9px) translateY(-18px);\"><\/div><\/div><div style=\"margin-left: 8px;\"> <div style=\" background-color: #F4F4F4; border-radius: 50%; flex-grow: 0; height: 20px; width: 20px;\"><\/div> <div style=\" width: 0; height: 0; border-top: 2px solid transparent; border-left: 6px solid #f4f4f4; border-bottom: 2px solid transparent; transform: translateX(16px) translateY(-4px) rotate(30deg)\"><\/div><\/div><div style=\"margin-left: auto;\"> <div style=\" width: 0px; border-top: 8px solid #F4F4F4; border-right: 8px solid transparent; transform: translateY(16px);\"><\/div> <div style=\" background-color: #F4F4F4; flex-grow: 0; height: 12px; width: 16px; transform: translateY(-4px);\"><\/div> <div style=\" width: 0; height: 0; border-top: 8px solid #F4F4F4; border-left: 8px solid transparent; transform: translateY(-4px) translateX(8px);\"><\/div><\/div><\/div> <div style=\"display: flex; flex-direction: column; flex-grow: 1; justify-content: center; margin-bottom: 24px;\"> <div style=\" background-color: #F4F4F4; border-radius: 4px; flex-grow: 0; height: 14px; margin-bottom: 6px; width: 224px;\"><\/div> <div style=\" background-color: #F4F4F4; border-radius: 4px; flex-grow: 0; height: 14px; width: 144px;\"><\/div><\/div><\/a><p style=\" color:#c9c8cd; font-family:Arial,sans-serif; font-size:14px; line-height:17px; margin-bottom:0; margin-top:8px; overflow:hidden; padding:8px 0 7px; text-align:center; text-overflow:ellipsis; white-space:nowrap;\"><a href=\"https:\/\/www.instagram.com\/tv\/CnK4lk_DCqB\/?utm_source=ig_embed&amp;utm_campaign=loading\" style=\" color:#c9c8cd; font-family:Arial,sans-serif; font-size:14px; font-style:normal; font-weight:normal; line-height:17px; text-decoration:none;\" target=\"_blank\" rel=\"noopener\">A post shared by Fibra Internacional (@fibrainternacional)<\/a><\/p><\/div><\/blockquote> <script async src=\"\/\/www.instagram.com\/embed.js\"><\/script>\n\n\n\n<p>Quem duvida que vir\u00e1 mais por a\u00ed? Quem duvida que n\u00e3o daremos a contundente resposta que os golpistas merecem? Hoje, em Barcelona, h\u00e1 &#8211; no m\u00ednimo! &#8211; 3 convocat\u00f3rias de atos de rua em defesa do Governo Lula.<\/p>\n\n\n\n<p>A primeira, <strong>\u00e0s 16h<\/strong>, <a href=\"https:\/\/www.gov.br\/mre\/pt-br\/consulado-barcelona\/consulado-geral-do-brasil-em-barcelona-2\" target=\"_blank\" rel=\"noreferrer noopener\">na frente do consulado<\/a>. S\u00f3 n\u00e3o irei exercer o meu leg\u00edtimo direito de participa\u00e7\u00e3o pois ser\u00e1 em hor\u00e1rio laboral e n\u00e3o posso, infelizmente. Mas j\u00e1 estou ajudando a divulgar e apoiando como posso.<\/p>\n\n\n\n<p>O outro est\u00e1 sendo convocado para <strong>as 19h<\/strong>, na <strong>Font de Canaletes, no in\u00edcio das Ramblas<\/strong>, tradicional local dos atos da Fibra, em Barcelona, concentra\u00e7\u00e3o unit\u00e1ria que j\u00e1 est\u00e1 sendo divulgada pelos principais partidos de esquerda da Espanha e principalmente da Catalunha. Acabei de ver <a href=\"https:\/\/es.wikipedia.org\/wiki\/Pablo_Iglesias_Turri%C3%B3n\" target=\"_blank\" rel=\"noreferrer noopener\">Pablo Iglesias<\/a> reproduzindo em suas redes e na TV uma repostagem sobre este ato, por iniciativa da nossa deputada <a href=\"https:\/\/en.wikipedia.org\/wiki\/Maria_Dantas\" target=\"_blank\" rel=\"noreferrer noopener\">Maria Dantas<\/a>. O cartaz deste ato remete ao quadro de Di Cavalcanti, vandalizado e destro\u00e7ado pelos fascistas. Todos os atos s\u00e3o compat\u00edveis!<\/p>\n\n\n<div class=\"wp-block-image is-style-default\">\n<figure class=\"aligncenter size-large\"><img decoding=\"async\" width=\"753\" height=\"1024\" src=\"http:\/\/fibrainternacional.org\/wp-content\/uploads\/2023\/01\/Screenshot-2023-01-09-at-11.47.25-753x1024.png\" alt=\"\" class=\"wp-image-9501\" srcset=\"https:\/\/fibrainternacional.org\/wp-content\/uploads\/2023\/01\/Screenshot-2023-01-09-at-11.47.25-753x1024.png 753w, https:\/\/fibrainternacional.org\/wp-content\/uploads\/2023\/01\/Screenshot-2023-01-09-at-11.47.25-221x300.png 221w, https:\/\/fibrainternacional.org\/wp-content\/uploads\/2023\/01\/Screenshot-2023-01-09-at-11.47.25-768x1045.png 768w, https:\/\/fibrainternacional.org\/wp-content\/uploads\/2023\/01\/Screenshot-2023-01-09-at-11.47.25-600x816.png 600w, https:\/\/fibrainternacional.org\/wp-content\/uploads\/2023\/01\/Screenshot-2023-01-09-at-11.47.25.png 810w\" sizes=\"(max-width: 753px) 100vw, 753px\" \/><figcaption class=\"wp-element-caption\">Cartaz do Ato em Barcelona.<\/figcaption><\/figure>\n<\/div>\n\n\n<p>E eu, aproveitando que j\u00e1 havia protesto convocado contra o Golpe de Estado no Peru, estarei na Pra\u00e7a Sant Jaume, <strong>\u00e0s 18h<\/strong>, na <strong>porta da <a href=\"https:\/\/www.barcelona.rn.gov.br\/\" target=\"_blank\" rel=\"noreferrer noopener\">Prefeitura de Barcelona<\/a> e do <a href=\"https:\/\/pt.wikipedia.org\/wiki\/Pal%C3%A1cio_da_Generalidade_da_Catalunha\" target=\"_blank\" rel=\"noreferrer noopener\">Pal\u00e1cio do Governo da Catalunha<\/a><\/strong>, pois o <em>lawfare<\/em> fascista \u00e9 internacionalmente financiado pelo pior capitalismo.<\/p>\n\n\n\n<p>De tudo isso, uma li\u00e7\u00e3o. Ou as pessoas que convocam e participam de todos esses atos sentam-se juntas e adotam a postura do velho conceito guevariano de <a href=\"https:\/\/esquerdaonline.com.br\/2017\/10\/08\/guevara-heroi-e-martir-da-revolucao-permanente\/\" target=\"_blank\" rel=\"noreferrer noopener\">Revolu\u00e7\u00e3o Permanente<\/a>, ou deixaremos passar a ideia que a luta antirracista e contra o machismo que mata, a cada dia, n\u00e3o \u00e9 coisa nossa. E seguiremos fazendo cartazes nas pressas, cada um por seu lado. Isto \u00e9 uma cr\u00edtica construtiva, das que o pr\u00f3prio Lula nos est\u00e1 avisando.<\/p>\n\n\n\n<p>Ou a luta antifascista \u00e9 permanente, nos sindicatos, nos nossos projetos socioculturais, feminista, antirracista, debatida e dialogada n\u00e3o somente &#8211; mas tamb\u00e9m! &#8211; nos gritos nas ruas e redes sociais e na m\u00eddia alternativa, ou continuarei correndo de ato em ato.<\/p>\n\n\n\n<p>Exijo de mim mesmo a chamada para sentar e dialogar, debater agendas de luta permanente, n\u00e3o somente entre brasileiros, embora principalmente entre todas n\u00f3s, aqui no exterior. Porque, sabe o principal?<\/p>\n\n\n\n<p>Corre nas redes tamb\u00e9m uma convocatoria bolsonarista em Barcelona. Sabias? Claro que n\u00e3o divulgarei nem onde nem quando. Mas, alerta, \u00e9 unit\u00e1ria: uma s\u00f3 concentra\u00e7\u00e3o dos golpistas. Sintom\u00e1tico? O privil\u00e9gio sabe operar de v\u00e1rias formas articuladas, at\u00e9 mesmo no meio de n\u00f3s.<\/p>\n\n\n\n<p>Por isso, eu sou ativista, n\u00e3o de hoje. Participo, n\u00e3o somente em atos p\u00fablicos. Escrevo, produzo atividades culturais, leio, n\u00e3o passo o dia inteiro no sof\u00e1, no Instagram (mas n\u00e3o deixo de us\u00e1-los como ferramenta de difus\u00e3o das coisas que fa\u00e7o e de como eu penso e me sinto). Me organizo, na Fibra, na catal\u00e3 <a href=\"https:\/\/ucfr.cat\/\" target=\"_blank\" rel=\"noreferrer noopener\">Unitat contra el Feixisme i el Racisme<\/a>, em Marx21, tento acompanhar ao m\u00e1ximo a <a href=\"https:\/\/www.cartacapital.com.br\/mundo\/cup-o-pequeno-partido-catalao-que-exige-independencia-e-agita-as-ruas\/\" target=\"_blank\" rel=\"noreferrer noopener\">CUP<\/a>, um partido catal\u00e3o anticapitalista e antifascista, e atuo localmente em diversos espa\u00e7os do movimento antimon\u00e1rquico e pelo direito de autodetermina\u00e7\u00e3o dos povos, como a Catalunha que eu quero livre e cada vez mais antifascista.<\/p>\n\n\n\n<p>Eu n\u00e3o nasci ontem. E tenho coragem de assumir o quanto ontem, como um &#8220;bom homem&#8221;, eu fiquei triste e preocupado. Sem hesitar. Admitir o meu medo \u00e9 alimentar minha esperan\u00e7a pra cima dele. Por isso, este ano, eu completarei duas d\u00e9cadas desde que me filiei ao PT. Sempre na coer\u00eancia da cr\u00edtica construtiva. Por isso, VOX, o fascismo espanhol n\u00e3o me pegar\u00e1 jamais desprevenido. Eu n\u00e3o o vivo promovendo com meu adesivo #stopvox. Eu, admitindo sua exist\u00eancia, ativo minha resist\u00eancia permanente at\u00e9 que ele n\u00e3o mais exista. <\/p>\n\n\n\n<p>Contra os intolerantes, intoler\u00e2ncia! N\u00e3o passar\u00e3o!<\/p>\n\n\n\n<p>Nem aqui, nem no Peru.<\/p>\n\n\n\n<p>Aquele abra\u00e7o.<\/p>\n\n\n\n<p>Acesse as m\u00eddias de Fl\u00e1vio Carvalho:<\/p>\n\n\n\n<p>T<em>witter e Instagram: <\/em><strong><em>@1flaviocarvalho<\/em><\/strong><br><em>Facebook: <\/em><strong><em>@quixotemacunaima<\/em><\/strong><br><em>Instagram: <\/em><strong>@amaconaima<\/strong> (para seguir informa\u00e7\u00f5es aqui contidas)<\/p>\n\n\n\n<p>#maconaima #quixotemacunaima<\/p>\n\n\n\n<p><strong>Nota: <\/strong>Os textos, cita\u00e7\u00f5es, e opini\u00f5es s\u00e3o fornecidos pelo autor, sendo de sua exclusiva responsabilidade, e podem n\u00e3o expressar \u2013 no todo ou em parte, a opini\u00e3o dos Coletivos da Fibra.<\/p>\n","protected":false,"gt_translate_keys":[{"key":"rendered","format":"html"}]},"excerpt":{"rendered":"<p>Em Bras\u00edlia, Barcelona, Lima\u2026 De Fl\u00e1vio Carvalho, para o site da FIBRA. Soci\u00f3logo, escritor e professor de teatro.. Barcelona, 09 de janeiro de 2023. &#8220;Bras\u00edlia<\/p>\n","protected":false,"gt_translate_keys":[{"key":"rendered","format":"html"}]},"author":2,"featured_media":9500,"comment_status":"open","ping_status":"open","sticky":false,"template":"","format":"standard","meta":{"om_disable_all_campaigns":false,"_eb_attr":"","footnotes":""},"categories":[49,202,10],"tags":[],"class_list":["post-9499","post","type-post","status-publish","format-standard","has-post-thumbnail","hentry","category-agenda","category-flavio","category-reportagens","three-columns"],"aioseo_notices":[],"rttpg_featured_image_url":{"full":["https:\/\/fibrainternacional.org\/wp-content\/uploads\/2023\/01\/Screenshot-2023-01-09-at-11.51.34.png",2534,1428,false],"landscape":["https:\/\/fibrainternacional.org\/wp-content\/uploads\/2023\/01\/Screenshot-2023-01-09-at-11.51.34.png",2534,1428,false],"portraits":["https:\/\/fibrainternacional.org\/wp-content\/uploads\/2023\/01\/Screenshot-2023-01-09-at-11.51.34.png",2534,1428,false],"thumbnail":["https:\/\/fibrainternacional.org\/wp-content\/uploads\/2023\/01\/Screenshot-2023-01-09-at-11.51.34-150x150.png",150,150,true],"medium":["https:\/\/fibrainternacional.org\/wp-content\/uploads\/2023\/01\/Screenshot-2023-01-09-at-11.51.34-300x169.png",300,169,true],"large":["https:\/\/fibrainternacional.org\/wp-content\/uploads\/2023\/01\/Screenshot-2023-01-09-at-11.51.34-1024x577.png",640,361,true],"1536x1536":["https:\/\/fibrainternacional.org\/wp-content\/uploads\/2023\/01\/Screenshot-2023-01-09-at-11.51.34-1536x866.png",1536,866,true],"2048x2048":["https:\/\/fibrainternacional.org\/wp-content\/uploads\/2023\/01\/Screenshot-2023-01-09-at-11.51.34-2048x1154.png",2048,1154,true],"refined-magazine-carousel-img":["https:\/\/fibrainternacional.org\/wp-content\/uploads\/2023\/01\/Screenshot-2023-01-09-at-11.51.34-783x450.png",783,450,true],"refined-magazine-carousel-img-landscape":["https:\/\/fibrainternacional.org\/wp-content\/uploads\/2023\/01\/Screenshot-2023-01-09-at-11.51.34-783x225.png",783,225,true],"refined-magazine-carousel-large-img":["https:\/\/fibrainternacional.org\/wp-content\/uploads\/2023\/01\/Screenshot-2023-01-09-at-11.51.34-1000x574.png",1000,574,true],"refined-magazine-carousel-large-img-landscape":["https:\/\/fibrainternacional.org\/wp-content\/uploads\/2023\/01\/Screenshot-2023-01-09-at-11.51.34-1000x287.png",1000,287,true],"refined-magazine-large-thumb":["https:\/\/fibrainternacional.org\/wp-content\/uploads\/2023\/01\/Screenshot-2023-01-09-at-11.51.34-1170x659.png",1170,659,true],"refined-magazine-small-thumb":["https:\/\/fibrainternacional.org\/wp-content\/uploads\/2023\/01\/Screenshot-2023-01-09-at-11.51.34-350x220.png",350,220,true]},"rttpg_author":{"display_name":"clearwaterdijk","author_link":"https:\/\/fibrainternacional.org\/?author=2"},"rttpg_comment":1,"rttpg_category":"<a href=\"https:\/\/fibrainternacional.org\/?cat=49\" rel=\"category\">Agenda<\/a> <a href=\"https:\/\/fibrainternacional.org\/?cat=202\" rel=\"category\">Fl\u00e1vio Carvalho<\/a> <a href=\"https:\/\/fibrainternacional.org\/?cat=10\" rel=\"category\">Reportagens<\/a>","rttpg_excerpt":"Em Bras\u00edlia, Barcelona, Lima\u2026 De Fl\u00e1vio Carvalho, para o site da FIBRA. Soci\u00f3logo, escritor e professor de teatro.. Barcelona, 09 de janeiro de 2023. &#8220;Bras\u00edlia","gt_translate_keys":[{"key":"link","format":"url"}],"_links":{"self":[{"href":"https:\/\/fibrainternacional.org\/index.php?rest_route=\/wp\/v2\/posts\/9499","targetHints":{"allow":["GET"]}}],"collection":[{"href":"https:\/\/fibrainternacional.org\/index.php?rest_route=\/wp\/v2\/posts"}],"about":[{"href":"https:\/\/fibrainternacional.org\/index.php?rest_route=\/wp\/v2\/types\/post"}],"author":[{"embeddable":true,"href":"https:\/\/fibrainternacional.org\/index.php?rest_route=\/wp\/v2\/users\/2"}],"replies":[{"embeddable":true,"href":"https:\/\/fibrainternacional.org\/index.php?rest_route=%2Fwp%2Fv2%2Fcomments&post=9499"}],"version-history":[{"count":4,"href":"https:\/\/fibrainternacional.org\/index.php?rest_route=\/wp\/v2\/posts\/9499\/revisions"}],"predecessor-version":[{"id":9507,"href":"https:\/\/fibrainternacional.org\/index.php?rest_route=\/wp\/v2\/posts\/9499\/revisions\/9507"}],"wp:featuredmedia":[{"embeddable":true,"href":"https:\/\/fibrainternacional.org\/index.php?rest_route=\/wp\/v2\/media\/9500"}],"wp:attachment":[{"href":"https:\/\/fibrainternacional.org\/index.php?rest_route=%2Fwp%2Fv2%2Fmedia&parent=9499"}],"wp:term":[{"taxonomy":"category","embeddable":true,"href":"https:\/\/fibrainternacional.org\/index.php?rest_route=%2Fwp%2Fv2%2Fcategories&post=9499"},{"taxonomy":"post_tag","embeddable":true,"href":"https:\/\/fibrainternacional.org\/index.php?rest_route=%2Fwp%2Fv2%2Ftags&post=9499"}],"curies":[{"name":"wp","href":"https:\/\/api.w.org\/{rel}","templated":true}]}}