{"id":9864,"date":"2023-04-30T08:47:20","date_gmt":"2023-04-30T06:47:20","guid":{"rendered":"http:\/\/fibrainternacional.org\/?p=9864"},"modified":"2023-05-01T19:41:44","modified_gmt":"2023-05-01T17:41:44","slug":"manifesto-dos-cravos","status":"publish","type":"post","link":"https:\/\/fibrainternacional.org\/?p=9864","title":{"rendered":"Manifesto dos Cravos","gt_translate_keys":[{"key":"rendered","format":"text"}]},"content":{"rendered":"\n<p class=\"has-background has-medium-font-size\" style=\"background-color:#faa6a6\"><strong>\u201cEm Portugal e no Brasil, sempre em defesa dos Valores de Abril\u2019\u2019<\/strong><\/p>\n\n\n\n<hr class=\"wp-block-separator has-alpha-channel-opacity\"\/>\n\n\n<div class=\"wp-block-image is-style-default\">\n<figure class=\"aligncenter size-large is-resized\"><img fetchpriority=\"high\" decoding=\"async\" src=\"http:\/\/fibrainternacional.org\/wp-content\/uploads\/2023\/04\/MANIFESTO-DOS-CRAVOS-twitter1-1024x576.jpg\" alt=\"\" class=\"wp-image-9870\" width=\"883\" height=\"496\" srcset=\"https:\/\/fibrainternacional.org\/wp-content\/uploads\/2023\/04\/MANIFESTO-DOS-CRAVOS-twitter1-1024x576.jpg 1024w, https:\/\/fibrainternacional.org\/wp-content\/uploads\/2023\/04\/MANIFESTO-DOS-CRAVOS-twitter1-300x169.jpg 300w, https:\/\/fibrainternacional.org\/wp-content\/uploads\/2023\/04\/MANIFESTO-DOS-CRAVOS-twitter1-768x432.jpg 768w, https:\/\/fibrainternacional.org\/wp-content\/uploads\/2023\/04\/MANIFESTO-DOS-CRAVOS-twitter1-1536x864.jpg 1536w, https:\/\/fibrainternacional.org\/wp-content\/uploads\/2023\/04\/MANIFESTO-DOS-CRAVOS-twitter1-1170x658.jpg 1170w, https:\/\/fibrainternacional.org\/wp-content\/uploads\/2023\/04\/MANIFESTO-DOS-CRAVOS-twitter1-600x338.jpg 600w, https:\/\/fibrainternacional.org\/wp-content\/uploads\/2023\/04\/MANIFESTO-DOS-CRAVOS-twitter1.jpg 1600w\" sizes=\"(max-width: 883px) 100vw, 883px\" \/><\/figure>\n<\/div>\n\n\n<p>No dia 25 de abril de 1974 o povo portugu\u00eas derrotou o autoritarismo salazarista e, com cravos nas m\u00e3os e nas armas, marchou nas ruas exigindo direitos civis e o fim do fascismo. Hoje, 49 anos depois e sete anos ap\u00f3s o mais recente golpe contra a democracia brasileira, n\u00f3s, que compomos a Frente Internacional Brasileira contra o Golpe e pela Democracia &#8211; FIBRA, dirigimos este manifesto ao povo brasileiro e \u00e0s autoridades do Brasil.<\/p>\n\n\n\n<p>A FIBRA, surgida em 2016, realizou nos dias 21, 22 e 23 de abril seu III Encontro Internacional: &#8220;Re-existir&#8221;. Re-construir.\u2019\u2019, evento embalado pelos Valores de Abril, onde a milit\u00e2ncia internacional, reunida em Lisboa, discutiu caminhos para aprofundar e retomar a democracia, a partir do olhar de quem mora fora do Brasil e segue comprometido com o povo brasileiro em suas lutas e utopias.<\/p>\n\n\n\n<p>Das discuss\u00f5es ficaram definidos 6 eixos de aten\u00e7\u00e3o: <\/p>\n\n\n\n<p>1. Solidariedade Internacional; <br>2. Pr\u00e1ticas Antirracistas e branquitude; <br>3. Direitos Humanos, Combate \u00e0 Xenofobia e ao Fascismo; <br>4. Meio Ambiente, Povos Origin\u00e1rios e Acordo UE-Mercosul; <br>5. Di\u00e1sporas e Direitos; e <br>6. Mobiliza\u00e7\u00e3o Internacional, Comunica\u00e7\u00e3o e Transm\u00eddias.<\/p>\n\n\n\n<p>Apoiamos uma (re)constru\u00e7\u00e3o coletiva e participativa, apontando as pautas b\u00e1sicas do que queremos:<\/p>\n\n\n\n<ul class=\"wp-block-list\">\n<li>Refor\u00e7ar as lutas dos direitos das pessoas migrantes nas comunidades de acolhimento, mas tamb\u00e9m das comunidades migrantes dentro do Brasil;<\/li>\n\n\n\n<li>Fortalecer as lutas contra todas as formas de opress\u00e3o, sejam elas xenof\u00f3bicas, racistas, lgbtf\u00f3bicas, transf\u00f3bicas, classistas, machistas, capacitistas, gordof\u00f3bicas, segregacionistas e ambientais, entre outras;<\/li>\n\n\n\n<li>Incentivar propostas populares de cria\u00e7\u00e3o de leis que visem a regulamenta\u00e7\u00e3o dos imigrantes com base na justi\u00e7a social, nos pa\u00edses em que vivem e atuam;<\/li>\n\n\n\n<li>Fortalecer a luta pela responsabiliza\u00e7\u00e3o judicial do ex-presidente Jair Bolsonaro e seus aliados pelos crimes cometidos, especialmente aqueles contra a humanidade;<\/li>\n\n\n\n<li>Apoiar intensivamente a defesa da demarca\u00e7\u00e3o das Terras Ind\u00edgenas no Brasil, como princ\u00edpio da dignidade humana e dos direitos dos povos origin\u00e1rios, de acordo com o artigo 230 da Constitui\u00e7\u00e3o Brasileira e a Conven\u00e7\u00e3o 169 da Organiza\u00e7\u00e3o Internacional do Trabalho (OIT);<\/li>\n\n\n\n<li>Que a comunidade emigrada possa votar e ser votada para cargos legislativos federais, bem como a cria\u00e7\u00e3o desse(s) cargo(s), garantindo a participa\u00e7\u00e3o da di\u00e1spora brasileira no Congresso Nacional;<\/li>\n\n\n\n<li>A n\u00e3o ratifica\u00e7\u00e3o do Acordo UE &#8211; Mercosul, uma vez que este acordo desrespeita os princ\u00edpios de justi\u00e7a, direitos sociais, ambientais, particularmente os dos povos origin\u00e1rios e demais povos tradicionais;<\/li>\n\n\n\n<li>Acompanhar a prepara\u00e7\u00e3o e os desenvolvimentos da Cimeira Uni\u00e3o Europeia &#8211; Am\u00e9rica Latina CELAC a realizar-se em Bruxelas em julho de 2023;<\/li>\n\n\n\n<li>Estabelecer um di\u00e1logo construtivo, cr\u00edtico e permanente com o atual governo, para a reconstru\u00e7\u00e3o de pol\u00edticas p\u00fablicas orientadas \u00e0s demandas da di\u00e1spora brasileira;<\/li>\n\n\n\n<li>Garantir o reconhecimento de t\u00edtulos acad\u00eamicos brasileiros no exterior em acordos bilaterais que priorizem processos simplificados e acess\u00edveis.<\/li>\n<\/ul>\n\n\n\n<p>Lisboa, 25 de abril de 2023<br><strong>Frente Internacional Brasileira Contra o Golpe e pela Democracia &#8211; FIBRA<\/strong><\/p>\n","protected":false,"gt_translate_keys":[{"key":"rendered","format":"html"}]},"excerpt":{"rendered":"<p>\u201cEm Portugal e no Brasil, sempre em defesa dos Valores de Abril\u2019\u2019 No dia 25 de abril de 1974 o povo portugu\u00eas derrotou o autoritarismo<\/p>\n","protected":false,"gt_translate_keys":[{"key":"rendered","format":"html"}]},"author":2,"featured_media":9870,"comment_status":"open","ping_status":"open","sticky":false,"template":"","format":"standard","meta":{"om_disable_all_campaigns":false,"_eb_attr":"","footnotes":""},"categories":[341,10],"tags":[],"class_list":["post-9864","post","type-post","status-publish","format-standard","has-post-thumbnail","hentry","category-encontro","category-reportagens","three-columns"],"aioseo_notices":[],"rttpg_featured_image_url":{"full":["https:\/\/fibrainternacional.org\/wp-content\/uploads\/2023\/04\/MANIFESTO-DOS-CRAVOS-twitter1.jpg",1600,900,false],"landscape":["https:\/\/fibrainternacional.org\/wp-content\/uploads\/2023\/04\/MANIFESTO-DOS-CRAVOS-twitter1.jpg",1600,900,false],"portraits":["https:\/\/fibrainternacional.org\/wp-content\/uploads\/2023\/04\/MANIFESTO-DOS-CRAVOS-twitter1.jpg",1600,900,false],"thumbnail":["https:\/\/fibrainternacional.org\/wp-content\/uploads\/2023\/04\/MANIFESTO-DOS-CRAVOS-twitter1-150x150.jpg",150,150,true],"medium":["https:\/\/fibrainternacional.org\/wp-content\/uploads\/2023\/04\/MANIFESTO-DOS-CRAVOS-twitter1-300x169.jpg",300,169,true],"large":["https:\/\/fibrainternacional.org\/wp-content\/uploads\/2023\/04\/MANIFESTO-DOS-CRAVOS-twitter1-1024x576.jpg",640,360,true],"1536x1536":["https:\/\/fibrainternacional.org\/wp-content\/uploads\/2023\/04\/MANIFESTO-DOS-CRAVOS-twitter1-1536x864.jpg",1536,864,true],"2048x2048":["https:\/\/fibrainternacional.org\/wp-content\/uploads\/2023\/04\/MANIFESTO-DOS-CRAVOS-twitter1.jpg",1600,900,false],"refined-magazine-carousel-img":["https:\/\/fibrainternacional.org\/wp-content\/uploads\/2023\/04\/MANIFESTO-DOS-CRAVOS-twitter1-783x450.jpg",783,450,true],"refined-magazine-carousel-img-landscape":["https:\/\/fibrainternacional.org\/wp-content\/uploads\/2023\/04\/MANIFESTO-DOS-CRAVOS-twitter1-783x225.jpg",783,225,true],"refined-magazine-carousel-large-img":["https:\/\/fibrainternacional.org\/wp-content\/uploads\/2023\/04\/MANIFESTO-DOS-CRAVOS-twitter1-1000x574.jpg",1000,574,true],"refined-magazine-carousel-large-img-landscape":["https:\/\/fibrainternacional.org\/wp-content\/uploads\/2023\/04\/MANIFESTO-DOS-CRAVOS-twitter1-1000x287.jpg",1000,287,true],"refined-magazine-large-thumb":["https:\/\/fibrainternacional.org\/wp-content\/uploads\/2023\/04\/MANIFESTO-DOS-CRAVOS-twitter1-1170x658.jpg",1170,658,true],"refined-magazine-small-thumb":["https:\/\/fibrainternacional.org\/wp-content\/uploads\/2023\/04\/MANIFESTO-DOS-CRAVOS-twitter1-350x220.jpg",350,220,true]},"rttpg_author":{"display_name":"clearwaterdijk","author_link":"https:\/\/fibrainternacional.org\/?author=2"},"rttpg_comment":6,"rttpg_category":"<a href=\"https:\/\/fibrainternacional.org\/?cat=341\" rel=\"category\">Encontro<\/a> <a href=\"https:\/\/fibrainternacional.org\/?cat=10\" rel=\"category\">Reportagens<\/a>","rttpg_excerpt":"\u201cEm Portugal e no Brasil, sempre em defesa dos Valores de Abril\u2019\u2019 No dia 25 de abril de 1974 o povo portugu\u00eas derrotou o autoritarismo","gt_translate_keys":[{"key":"link","format":"url"}],"_links":{"self":[{"href":"https:\/\/fibrainternacional.org\/index.php?rest_route=\/wp\/v2\/posts\/9864","targetHints":{"allow":["GET"]}}],"collection":[{"href":"https:\/\/fibrainternacional.org\/index.php?rest_route=\/wp\/v2\/posts"}],"about":[{"href":"https:\/\/fibrainternacional.org\/index.php?rest_route=\/wp\/v2\/types\/post"}],"author":[{"embeddable":true,"href":"https:\/\/fibrainternacional.org\/index.php?rest_route=\/wp\/v2\/users\/2"}],"replies":[{"embeddable":true,"href":"https:\/\/fibrainternacional.org\/index.php?rest_route=%2Fwp%2Fv2%2Fcomments&post=9864"}],"version-history":[{"count":4,"href":"https:\/\/fibrainternacional.org\/index.php?rest_route=\/wp\/v2\/posts\/9864\/revisions"}],"predecessor-version":[{"id":9915,"href":"https:\/\/fibrainternacional.org\/index.php?rest_route=\/wp\/v2\/posts\/9864\/revisions\/9915"}],"wp:featuredmedia":[{"embeddable":true,"href":"https:\/\/fibrainternacional.org\/index.php?rest_route=\/wp\/v2\/media\/9870"}],"wp:attachment":[{"href":"https:\/\/fibrainternacional.org\/index.php?rest_route=%2Fwp%2Fv2%2Fmedia&parent=9864"}],"wp:term":[{"taxonomy":"category","embeddable":true,"href":"https:\/\/fibrainternacional.org\/index.php?rest_route=%2Fwp%2Fv2%2Fcategories&post=9864"},{"taxonomy":"post_tag","embeddable":true,"href":"https:\/\/fibrainternacional.org\/index.php?rest_route=%2Fwp%2Fv2%2Ftags&post=9864"}],"curies":[{"name":"wp","href":"https:\/\/api.w.org\/{rel}","templated":true}]}}