{"id":9916,"date":"2023-05-03T08:52:32","date_gmt":"2023-05-03T06:52:32","guid":{"rendered":"http:\/\/fibrainternacional.org\/?p=9916"},"modified":"2023-05-08T16:12:40","modified_gmt":"2023-05-08T14:12:40","slug":"1o-de-maio-2023-nas-ruas-do-mundo","status":"publish","type":"post","link":"https:\/\/fibrainternacional.org\/?p=9916","title":{"rendered":"1o. de Maio 2023, nas ruas do mundo","gt_translate_keys":[{"key":"rendered","format":"text"}]},"content":{"rendered":"\n<p class=\"has-background\" style=\"background-color:#cf2d2d52\">Manifesta\u00e7\u00f5es coletivas internacionais pelo Dia dos Trabalhadores<\/p>\n\n\n<div class=\"wp-block-image is-style-default\">\n<figure class=\"aligncenter size-large is-resized\"><img fetchpriority=\"high\" decoding=\"async\" src=\"http:\/\/fibrainternacional.org\/wp-content\/uploads\/2023\/05\/Screenshot-2023-05-03-at-08.50.52-1024x575.png\" alt=\"\" class=\"wp-image-9917\" width=\"452\" height=\"253\" srcset=\"https:\/\/fibrainternacional.org\/wp-content\/uploads\/2023\/05\/Screenshot-2023-05-03-at-08.50.52-1024x575.png 1024w, https:\/\/fibrainternacional.org\/wp-content\/uploads\/2023\/05\/Screenshot-2023-05-03-at-08.50.52-300x168.png 300w, https:\/\/fibrainternacional.org\/wp-content\/uploads\/2023\/05\/Screenshot-2023-05-03-at-08.50.52-768x431.png 768w, https:\/\/fibrainternacional.org\/wp-content\/uploads\/2023\/05\/Screenshot-2023-05-03-at-08.50.52-1536x862.png 1536w, https:\/\/fibrainternacional.org\/wp-content\/uploads\/2023\/05\/Screenshot-2023-05-03-at-08.50.52-2048x1149.png 2048w, https:\/\/fibrainternacional.org\/wp-content\/uploads\/2023\/05\/Screenshot-2023-05-03-at-08.50.52-1170x657.png 1170w, https:\/\/fibrainternacional.org\/wp-content\/uploads\/2023\/05\/Screenshot-2023-05-03-at-08.50.52-600x337.png 600w\" sizes=\"(max-width: 452px) 100vw, 452px\" \/><\/figure>\n<\/div>\n\n\n<ol class=\"wp-block-list\">\n<li>\ud83c\udde9\ud83c\uddea <strong>Mannheim<\/strong> (Alemanha): <a href=\"http:\/\/fibrainternacional.org\/?p=9928\" target=\"_blank\" rel=\"noreferrer noopener\">Ato Solidariedade Ininterrupta, Resoluta e Inquebr\u00e1vel<\/a>, do grupo &#8220;Solidariedade com os Sindicatos Brasileiros&#8221; | Pra\u00e7a do Mercado (Marktplatz);<\/li>\n\n\n\n<li>\ud83c\uddee\ud83c\uddf9 <strong>Bolonha<\/strong> (It\u00e1lia): <a href=\"http:\/\/fibrainternacional.org\/?p=9937\" target=\"_blank\" rel=\"noreferrer noopener\">Ato <em>Festa i Lotta<\/em><\/a> | Comit\u00ea PT Bolonha | Piazza Maggiore; <\/li>\n\n\n\n<li>\ud83c\udde8\ud83c\udded <strong>Zurique<\/strong> (Su\u00ed\u00e7a): <a href=\"http:\/\/fibrainternacional.org\/?p=9920\" target=\"_blank\" rel=\"noreferrer noopener\">Comit\u00ea Internacional LULA LIVRE de Genebra, Comit\u00ea Internacional de Luta e Bloque Solidariedade Am\u00e9rica Unida de Genebra<\/a> | Place Lise Girardin | 13:30h<\/li>\n<\/ol>\n\n\n\n<p class=\"has-text-align-center has-background\" style=\"background-color:#cf2d2d52\"><strong>Clique nos links para ver as imagens e saber os detalhes de cada manifesta\u00e7\u00e3o!<\/strong><\/p>\n","protected":false,"gt_translate_keys":[{"key":"rendered","format":"html"}]},"excerpt":{"rendered":"<p>Manifesta\u00e7\u00f5es coletivas internacionais pelo Dia dos Trabalhadores Clique nos links para ver as imagens e saber os detalhes de cada manifesta\u00e7\u00e3o!<\/p>\n","protected":false,"gt_translate_keys":[{"key":"rendered","format":"html"}]},"author":2,"featured_media":9917,"comment_status":"open","ping_status":"open","sticky":false,"template":"","format":"standard","meta":{"om_disable_all_campaigns":false,"_eb_attr":"","footnotes":""},"categories":[49,10],"tags":[],"class_list":["post-9916","post","type-post","status-publish","format-standard","has-post-thumbnail","hentry","category-agenda","category-reportagens","three-columns"],"aioseo_notices":[],"rttpg_featured_image_url":{"full":["https:\/\/fibrainternacional.org\/wp-content\/uploads\/2023\/05\/Screenshot-2023-05-03-at-08.50.52.png",2548,1430,false],"landscape":["https:\/\/fibrainternacional.org\/wp-content\/uploads\/2023\/05\/Screenshot-2023-05-03-at-08.50.52.png",2548,1430,false],"portraits":["https:\/\/fibrainternacional.org\/wp-content\/uploads\/2023\/05\/Screenshot-2023-05-03-at-08.50.52.png",2548,1430,false],"thumbnail":["https:\/\/fibrainternacional.org\/wp-content\/uploads\/2023\/05\/Screenshot-2023-05-03-at-08.50.52-150x150.png",150,150,true],"medium":["https:\/\/fibrainternacional.org\/wp-content\/uploads\/2023\/05\/Screenshot-2023-05-03-at-08.50.52-300x168.png",300,168,true],"large":["https:\/\/fibrainternacional.org\/wp-content\/uploads\/2023\/05\/Screenshot-2023-05-03-at-08.50.52-1024x575.png",640,359,true],"1536x1536":["https:\/\/fibrainternacional.org\/wp-content\/uploads\/2023\/05\/Screenshot-2023-05-03-at-08.50.52-1536x862.png",1536,862,true],"2048x2048":["https:\/\/fibrainternacional.org\/wp-content\/uploads\/2023\/05\/Screenshot-2023-05-03-at-08.50.52-2048x1149.png",2048,1149,true],"refined-magazine-carousel-img":["https:\/\/fibrainternacional.org\/wp-content\/uploads\/2023\/05\/Screenshot-2023-05-03-at-08.50.52-783x450.png",783,450,true],"refined-magazine-carousel-img-landscape":["https:\/\/fibrainternacional.org\/wp-content\/uploads\/2023\/05\/Screenshot-2023-05-03-at-08.50.52-783x225.png",783,225,true],"refined-magazine-carousel-large-img":["https:\/\/fibrainternacional.org\/wp-content\/uploads\/2023\/05\/Screenshot-2023-05-03-at-08.50.52-1000x574.png",1000,574,true],"refined-magazine-carousel-large-img-landscape":["https:\/\/fibrainternacional.org\/wp-content\/uploads\/2023\/05\/Screenshot-2023-05-03-at-08.50.52-1000x287.png",1000,287,true],"refined-magazine-large-thumb":["https:\/\/fibrainternacional.org\/wp-content\/uploads\/2023\/05\/Screenshot-2023-05-03-at-08.50.52-1170x657.png",1170,657,true],"refined-magazine-small-thumb":["https:\/\/fibrainternacional.org\/wp-content\/uploads\/2023\/05\/Screenshot-2023-05-03-at-08.50.52-350x220.png",350,220,true]},"rttpg_author":{"display_name":"clearwaterdijk","author_link":"https:\/\/fibrainternacional.org\/?author=2"},"rttpg_comment":0,"rttpg_category":"<a href=\"https:\/\/fibrainternacional.org\/?cat=49\" rel=\"category\">Agenda<\/a> <a href=\"https:\/\/fibrainternacional.org\/?cat=10\" rel=\"category\">Reportagens<\/a>","rttpg_excerpt":"Manifesta\u00e7\u00f5es coletivas internacionais pelo Dia dos Trabalhadores Clique nos links para ver as imagens e saber os detalhes de cada manifesta\u00e7\u00e3o!","gt_translate_keys":[{"key":"link","format":"url"}],"_links":{"self":[{"href":"https:\/\/fibrainternacional.org\/index.php?rest_route=\/wp\/v2\/posts\/9916","targetHints":{"allow":["GET"]}}],"collection":[{"href":"https:\/\/fibrainternacional.org\/index.php?rest_route=\/wp\/v2\/posts"}],"about":[{"href":"https:\/\/fibrainternacional.org\/index.php?rest_route=\/wp\/v2\/types\/post"}],"author":[{"embeddable":true,"href":"https:\/\/fibrainternacional.org\/index.php?rest_route=\/wp\/v2\/users\/2"}],"replies":[{"embeddable":true,"href":"https:\/\/fibrainternacional.org\/index.php?rest_route=%2Fwp%2Fv2%2Fcomments&post=9916"}],"version-history":[{"count":4,"href":"https:\/\/fibrainternacional.org\/index.php?rest_route=\/wp\/v2\/posts\/9916\/revisions"}],"predecessor-version":[{"id":9941,"href":"https:\/\/fibrainternacional.org\/index.php?rest_route=\/wp\/v2\/posts\/9916\/revisions\/9941"}],"wp:featuredmedia":[{"embeddable":true,"href":"https:\/\/fibrainternacional.org\/index.php?rest_route=\/wp\/v2\/media\/9917"}],"wp:attachment":[{"href":"https:\/\/fibrainternacional.org\/index.php?rest_route=%2Fwp%2Fv2%2Fmedia&parent=9916"}],"wp:term":[{"taxonomy":"category","embeddable":true,"href":"https:\/\/fibrainternacional.org\/index.php?rest_route=%2Fwp%2Fv2%2Fcategories&post=9916"},{"taxonomy":"post_tag","embeddable":true,"href":"https:\/\/fibrainternacional.org\/index.php?rest_route=%2Fwp%2Fv2%2Ftags&post=9916"}],"curies":[{"name":"wp","href":"https:\/\/api.w.org\/{rel}","templated":true}]}}