{"id":9969,"date":"2023-05-25T23:37:21","date_gmt":"2023-05-25T21:37:21","guid":{"rendered":"http:\/\/fibrainternacional.org\/?p=9969"},"modified":"2023-05-25T23:37:22","modified_gmt":"2023-05-25T21:37:22","slug":"10-notas-de-barcelona-sobre-vinicius-e-o-racismo-na-espanha","status":"publish","type":"post","link":"https:\/\/fibrainternacional.org\/?p=9969","title":{"rendered":"10 Notas de Barcelona sobre Vin\u00edcius e o Racismo na Espanha","gt_translate_keys":[{"key":"rendered","format":"text"}]},"content":{"rendered":"\n<p>De <strong>Fl\u00e1vio Carvalho<\/strong>, para o site da FIBRA.<br><strong>@1flaviocarvalho<\/strong>, @quixotemacunaima. Soci\u00f3logo e Escritor.<\/p>\n\n\n\n<p>Barcelona, 25 de maio de 2023.<\/p>\n\n\n\n<p class=\"has-text-align-right\" style=\"font-size:15px\">\u201c<em>Un pa\u00eds en el que tiene que insultarse al jugador de un equipo grande de f\u00fatbol para que haya un debate durante horas sobre si el racismo es un problema, tras d\u00e9cadas viendo c\u00f3mo mueren decenas de personas cada a\u00f1o frente a sus costas, no solo tienen un problema con el racismo<\/em>.\u201c<\/p>\n\n\n\n<p class=\"has-text-align-right\" style=\"font-size:15px\">(<a href=\"https:\/\/twitter.com\/gabrielrufian\/status\/1660668004407836673\" target=\"_blank\" rel=\"noreferrer noopener\">Gabriel Rufi\u00e1n<\/a>, deputado da Esquerda Republicana da Catalunha no Parlamento Espanhol).<\/p>\n\n\n\n<p class=\"has-text-align-right\" style=\"font-size:15px\">\u201cQuando eu passo e vejo uma pessoa sendo chutada nas ruas eu defendo aquela pessoa que est\u00e1 sendo chutada, sen\u00e3o quem o est\u00e1 chutando sou eu.\u201d<\/p>\n\n\n\n<p class=\"has-text-align-right\" style=\"font-size:15px\">(Chico C\u00e9sar, no programa de TV Provoca\u00e7\u00f5es)<\/p>\n\n\n<div class=\"wp-block-image is-style-default\">\n<figure class=\"alignright size-large is-resized\"><img fetchpriority=\"high\" decoding=\"async\" src=\"http:\/\/fibrainternacional.org\/wp-content\/uploads\/2023\/05\/Screenshot-2023-05-25-at-23.19.23-1024x574.png\" alt=\"\" class=\"wp-image-9970\" width=\"349\" height=\"195\" srcset=\"https:\/\/fibrainternacional.org\/wp-content\/uploads\/2023\/05\/Screenshot-2023-05-25-at-23.19.23-1024x574.png 1024w, https:\/\/fibrainternacional.org\/wp-content\/uploads\/2023\/05\/Screenshot-2023-05-25-at-23.19.23-300x168.png 300w, https:\/\/fibrainternacional.org\/wp-content\/uploads\/2023\/05\/Screenshot-2023-05-25-at-23.19.23-768x431.png 768w, https:\/\/fibrainternacional.org\/wp-content\/uploads\/2023\/05\/Screenshot-2023-05-25-at-23.19.23-1536x861.png 1536w, https:\/\/fibrainternacional.org\/wp-content\/uploads\/2023\/05\/Screenshot-2023-05-25-at-23.19.23-2048x1148.png 2048w, https:\/\/fibrainternacional.org\/wp-content\/uploads\/2023\/05\/Screenshot-2023-05-25-at-23.19.23-1170x656.png 1170w, https:\/\/fibrainternacional.org\/wp-content\/uploads\/2023\/05\/Screenshot-2023-05-25-at-23.19.23-600x336.png 600w\" sizes=\"(max-width: 349px) 100vw, 349px\" \/><\/figure>\n<\/div>\n\n\n<p>1. O Racismo anda de m\u00e3os dadas com o capitalismo. Ainda que seja rico, <a href=\"https:\/\/pt.wikipedia.org\/wiki\/Vin%C3%ADcius_J%C3%BAnior\" target=\"_blank\" rel=\"noreferrer noopener\">Vin\u00edcius J\u00fanior <\/a>n\u00e3o est\u00e1 livre disso. Se confundem, um e outro, capitalismo e racismo, beneficiando-se das mesmas injusti\u00e7as.<\/p>\n\n\n\n<p>2. Branco que diz que n\u00e3o \u00e9 racista, desconfie. Pa\u00eds, Espanha, que diz que n\u00e3o \u00e9 racista, n\u00e3o acredite. Leia mais sobre o racismo estrutural, sobre as estruturas em que se desenvolve o racismo. N\u00e3o somente dentro das pessoas, mas nas estruturas hist\u00f3ricas que ajudou a construir ou a destruir cada pa\u00eds.<\/p>\n\n\n\n<p>3. Branco opina sempre desde uma situa\u00e7\u00e3o de privil\u00e9gio, ainda que n\u00e3o perceba ou que o negue. N\u00e3o depende dele, da pessoa branca. J\u00e1 existia, antes dele, branco, nascer. Mas isso n\u00e3o o exime, ao branco, de somente optar por duas situa\u00e7\u00f5es, sem meio termo: ou compactua e se beneficia do privil\u00e9gio; ou luta contra ele, contra o privil\u00e9gio, beneficiando-se da luta. Porque lutar contra qualquer injusti\u00e7a sempre nos faz crescer.<\/p>\n\n\n\n<p>4. Eu moro na prov\u00edncia de Barcelona e sou torcedor do <a href=\"https:\/\/pt.wikipedia.org\/wiki\/Futbol_Club_Barcelona\" target=\"_blank\" rel=\"noreferrer noopener\">Futebol Clube Barcelona<\/a>, principal advers\u00e1rio do Real Madri. Eu sempre tive muito orgulho do Bar\u00e7a, como carinhosamente o chamamos, por ser um time de futebol que defende valores importantes na vida. O seu lema \u00e9 Mais Que um Clube de Futebol. E eu, ao mesmo tempo, identifiquei no <a href=\"https:\/\/pt.wikipedia.org\/wiki\/Real_Madrid_Club_de_F%C3%BAtbol\" target=\"_blank\" rel=\"noreferrer noopener\">Real Madri <\/a>(RM), durante tantos estes anos, valores opostos aos do Barcelona; porque a ess\u00eancia de cria\u00e7\u00e3o do RM \u00e9 franquista, da ditadura, na sua ess\u00eancia, de m\u00e3os dadas com a monarquia corrupta. Tem gente no seu direito de torcer por um time qualquer, sem esses valores no meio. Eu, n\u00e3o. E isso \u00e9 um fato, o v\u00ednculo social do time de futebol com uma burguesia mon\u00e1rquica vinculada \u00e0s opress\u00f5es hist\u00f3ricas da capital do reino da Espanha. Um fato contra o qual podem tentar-se sem \u00eaxito, v\u00e1rios argumentos.<\/p>\n\n\n\n<p>5. Por\u00e9m, devo dizer, honestamente, que pela primeira vez na vida eu tive vergonha de poucos e determinados colegas torcedores do Barcelona, por terem sido incapazes de colocar a rivalidade esportiva em segundo plano e optaram por n\u00e3o condenar o racismo, pela conveni\u00eancia de olhar para o outro lado. E falar mal da v\u00edtima (principalmente por ser do time advers\u00e1rio), jamais do racismo que sofreu.<\/p>\n\n\n\n<p>6. O pior de tudo \u00e9 que n\u00e3o \u00e9 a primeira vez. Em tempos recentes, neste mesmo ano, eu sofri ao assistir um desfile de (poucos e determinados, insisto em destacar) torcedores do Barcelona que optaram por defender o criminoso Dani Alves, usando argumentos baratos de presun\u00e7\u00e3o de inoc\u00eancia. Insistiam em lamentar pelo algoz, sem nenhuma palavra em rela\u00e7\u00e3o \u00e0 v\u00edtima. Contra todos os fatos, ou at\u00e9 mesmo deixando-se levar pelo mais perverso instinto machista, na hora de defender corporativamente o ex-jogador brasileiro \u2013 hoje, preso.<\/p>\n\n\n\n<p>7. Hoje eu defendo que todos devemos agradecer ao esportista brasileiro, Vini Jr. N\u00e3o haver calado, como fizeram tantos outros, em leg\u00edtima defesa pr\u00f3pria ou at\u00e9 mesmo para evitar mais sofrimentos, tornaram Vin\u00edcius J\u00fanior, um atleta excepcional, n\u00e3o somente dentro do campo. Ele tamb\u00e9m poderia haver optado para olhar para o outro lado. Acabou ousando encarar o racismo. Ganhou o mundo com isso.<\/p>\n\n\n\n<p>8. \u00c9 preciso lembrar que, al\u00e9m de tudo, existe um vivo debate sobre v\u00e1rios aspectos que esta triste hist\u00f3ria de racismos, nos tenta encobrir. Primeiro, uma quest\u00e3o de origem: n\u00e3o haver nascido na Espanha ou na Europa. N\u00e3o \u00e9 \u00e0 toa que as mesmas pessoas que defendem o Estado Espanhol, como uma estrutura que n\u00e3o \u00e9 racista (como se n\u00e3o fosse), s\u00e3o as mesmas pessoas que apresentar\u00e3o elevad\u00edssimo grau de xenofobia, preconceito e discrimina\u00e7\u00e3o contra pessoas que imigraram \u00e0 Espanha. Revela-se, assim, uma soma de camadas distintas e cru\u00e9is de ignor\u00e2ncia, medo e \u00f3dio contra o que boa parte das pessoas espanholas consideram diferente delas.<\/p>\n\n\n\n<p>9. Al\u00e9m disso, o atleta do Real Madri representa uma forma de jogar futebol, diferente do que se poderia considerar um modelo europeu. Sem negar-se a colaborar com todo o jogo coletivo (assim dep\u00f5em seus pr\u00f3prios companheiros), destaca-se pela individualidade, no drible, no ritmo, na ousadia, principalmente. N\u00e3o se pode negar que na Am\u00e9rica Latina o nascer na pobreza transforma o futebol em uma das principais op\u00e7\u00f5es de lazer e \u00f3cio coletivo, fazendo parte da inf\u00e2ncia e juventude de todas as classes sociais (das mais pobres, principalmente). Diferencia o aprendizado \u201cpeladeiro\u201d (do futebol de rua) de quem teve dinheiro para, na Europa, j\u00e1 quase nascer dentro de uma cara escolinha de futebol. O importante \u00e9 que muitos brasileiros como Vin\u00edcius se dispuseram a migrar (tamb\u00e9m por dinheiro) para adaptar-se ao futebol europeu, sem negar as suas origens. Ensinam e aprendem ao mesmo tempo, numa mesma din\u00e2mica formativa. Enquanto os europeus n\u00e3o est\u00e3o acostumados ao contr\u00e1rio. Quantos europeus voc\u00ea conhece que migraram para jogar futebol no Brasil?<\/p>\n\n\n\n<p>10. E, por \u00faltimo, at\u00e9 mesmo na alegria da comemora\u00e7\u00e3o do gol, destacou-se Vin\u00edcius. Pra completar, reconhe\u00e7o \u2013 entre uns quantos, por aqui na Espanha &#8211; um tipo de europeu conservador, travado, votante de partidos com mensagens racistas e fascistas, incapaz de dan\u00e7ar uma \u00fanica vez na sua vida, e que castrada sua pr\u00f3pria express\u00e3o corporal, odeia quem o faz com alegria, espontaneidade e prazer.<\/p>\n\n\n\n<p>Aquele abra\u00e7o.<\/p>\n\n\n\n<hr class=\"wp-block-separator has-alpha-channel-opacity\"\/>\n\n\n\n<p>T<em>witter e Instagram: <strong>@1flaviocarvalho<\/strong><\/em><br><em>Facebook: <strong>@quixotemacunaima<\/strong><\/em> | <strong>@amaconaima<\/strong><\/p>\n\n\n\n<p>#maconaima #quixotemacunaima<\/p>\n\n\n\n<p class=\"has-background\" style=\"background-color:#e0eff8\"><strong>Nota: <\/strong>Os textos, cita\u00e7\u00f5es, e opini\u00f5es s\u00e3o fornecidos pelo autor, sendo de sua exclusiva responsabilidade, e podem n\u00e3o expressar \u2013 no todo ou em parte, a opini\u00e3o dos Coletivos da Fibra<\/p>\n","protected":false,"gt_translate_keys":[{"key":"rendered","format":"html"}]},"excerpt":{"rendered":"<p>De Fl\u00e1vio Carvalho, para o site da FIBRA.@1flaviocarvalho, @quixotemacunaima. Soci\u00f3logo e Escritor. Barcelona, 25 de maio de 2023. \u201cUn pa\u00eds en el que tiene que<\/p>\n","protected":false,"gt_translate_keys":[{"key":"rendered","format":"html"}]},"author":2,"featured_media":9970,"comment_status":"open","ping_status":"open","sticky":false,"template":"","format":"standard","meta":{"om_disable_all_campaigns":false,"_eb_attr":"","footnotes":""},"categories":[202,10],"tags":[],"class_list":["post-9969","post","type-post","status-publish","format-standard","has-post-thumbnail","hentry","category-flavio","category-reportagens","three-columns"],"aioseo_notices":[],"rttpg_featured_image_url":{"full":["https:\/\/fibrainternacional.org\/wp-content\/uploads\/2023\/05\/Screenshot-2023-05-25-at-23.19.23.png",2550,1430,false],"landscape":["https:\/\/fibrainternacional.org\/wp-content\/uploads\/2023\/05\/Screenshot-2023-05-25-at-23.19.23.png",2550,1430,false],"portraits":["https:\/\/fibrainternacional.org\/wp-content\/uploads\/2023\/05\/Screenshot-2023-05-25-at-23.19.23.png",2550,1430,false],"thumbnail":["https:\/\/fibrainternacional.org\/wp-content\/uploads\/2023\/05\/Screenshot-2023-05-25-at-23.19.23-150x150.png",150,150,true],"medium":["https:\/\/fibrainternacional.org\/wp-content\/uploads\/2023\/05\/Screenshot-2023-05-25-at-23.19.23-300x168.png",300,168,true],"large":["https:\/\/fibrainternacional.org\/wp-content\/uploads\/2023\/05\/Screenshot-2023-05-25-at-23.19.23-1024x574.png",640,359,true],"1536x1536":["https:\/\/fibrainternacional.org\/wp-content\/uploads\/2023\/05\/Screenshot-2023-05-25-at-23.19.23-1536x861.png",1536,861,true],"2048x2048":["https:\/\/fibrainternacional.org\/wp-content\/uploads\/2023\/05\/Screenshot-2023-05-25-at-23.19.23-2048x1148.png",2048,1148,true],"refined-magazine-carousel-img":["https:\/\/fibrainternacional.org\/wp-content\/uploads\/2023\/05\/Screenshot-2023-05-25-at-23.19.23-783x450.png",783,450,true],"refined-magazine-carousel-img-landscape":["https:\/\/fibrainternacional.org\/wp-content\/uploads\/2023\/05\/Screenshot-2023-05-25-at-23.19.23-783x225.png",783,225,true],"refined-magazine-carousel-large-img":["https:\/\/fibrainternacional.org\/wp-content\/uploads\/2023\/05\/Screenshot-2023-05-25-at-23.19.23-1000x574.png",1000,574,true],"refined-magazine-carousel-large-img-landscape":["https:\/\/fibrainternacional.org\/wp-content\/uploads\/2023\/05\/Screenshot-2023-05-25-at-23.19.23-1000x287.png",1000,287,true],"refined-magazine-large-thumb":["https:\/\/fibrainternacional.org\/wp-content\/uploads\/2023\/05\/Screenshot-2023-05-25-at-23.19.23-1170x656.png",1170,656,true],"refined-magazine-small-thumb":["https:\/\/fibrainternacional.org\/wp-content\/uploads\/2023\/05\/Screenshot-2023-05-25-at-23.19.23-350x220.png",350,220,true]},"rttpg_author":{"display_name":"clearwaterdijk","author_link":"https:\/\/fibrainternacional.org\/?author=2"},"rttpg_comment":1,"rttpg_category":"<a href=\"https:\/\/fibrainternacional.org\/?cat=202\" rel=\"category\">Fl\u00e1vio Carvalho<\/a> <a href=\"https:\/\/fibrainternacional.org\/?cat=10\" rel=\"category\">Reportagens<\/a>","rttpg_excerpt":"De Fl\u00e1vio Carvalho, para o site da FIBRA.@1flaviocarvalho, @quixotemacunaima. Soci\u00f3logo e Escritor. Barcelona, 25 de maio de 2023. \u201cUn pa\u00eds en el que tiene que","gt_translate_keys":[{"key":"link","format":"url"}],"_links":{"self":[{"href":"https:\/\/fibrainternacional.org\/index.php?rest_route=\/wp\/v2\/posts\/9969","targetHints":{"allow":["GET"]}}],"collection":[{"href":"https:\/\/fibrainternacional.org\/index.php?rest_route=\/wp\/v2\/posts"}],"about":[{"href":"https:\/\/fibrainternacional.org\/index.php?rest_route=\/wp\/v2\/types\/post"}],"author":[{"embeddable":true,"href":"https:\/\/fibrainternacional.org\/index.php?rest_route=\/wp\/v2\/users\/2"}],"replies":[{"embeddable":true,"href":"https:\/\/fibrainternacional.org\/index.php?rest_route=%2Fwp%2Fv2%2Fcomments&post=9969"}],"version-history":[{"count":1,"href":"https:\/\/fibrainternacional.org\/index.php?rest_route=\/wp\/v2\/posts\/9969\/revisions"}],"predecessor-version":[{"id":9971,"href":"https:\/\/fibrainternacional.org\/index.php?rest_route=\/wp\/v2\/posts\/9969\/revisions\/9971"}],"wp:featuredmedia":[{"embeddable":true,"href":"https:\/\/fibrainternacional.org\/index.php?rest_route=\/wp\/v2\/media\/9970"}],"wp:attachment":[{"href":"https:\/\/fibrainternacional.org\/index.php?rest_route=%2Fwp%2Fv2%2Fmedia&parent=9969"}],"wp:term":[{"taxonomy":"category","embeddable":true,"href":"https:\/\/fibrainternacional.org\/index.php?rest_route=%2Fwp%2Fv2%2Fcategories&post=9969"},{"taxonomy":"post_tag","embeddable":true,"href":"https:\/\/fibrainternacional.org\/index.php?rest_route=%2Fwp%2Fv2%2Ftags&post=9969"}],"curies":[{"name":"wp","href":"https:\/\/api.w.org\/{rel}","templated":true}]}}