{"id":9982,"date":"2023-06-05T13:15:30","date_gmt":"2023-06-05T11:15:30","guid":{"rendered":"http:\/\/fibrainternacional.org\/?p=9982"},"modified":"2023-06-05T13:15:44","modified_gmt":"2023-06-05T11:15:44","slug":"ato-contra-o-pl490","status":"publish","type":"post","link":"https:\/\/fibrainternacional.org\/?p=9982","title":{"rendered":"Ato contra o PL490","gt_translate_keys":[{"key":"rendered","format":"text"}]},"content":{"rendered":"\n<p>Londres, 04 de junho de 2023<\/p>\n\n\n<div class=\"wp-block-image is-style-default\">\n<figure class=\"alignright size-large is-resized\"><img fetchpriority=\"high\" decoding=\"async\" src=\"http:\/\/fibrainternacional.org\/wp-content\/uploads\/2023\/06\/Screenshot-2023-06-05-at-11.22.16-1024x576.png\" alt=\"\" class=\"wp-image-9983\" width=\"332\" height=\"186\" srcset=\"https:\/\/fibrainternacional.org\/wp-content\/uploads\/2023\/06\/Screenshot-2023-06-05-at-11.22.16-1024x576.png 1024w, https:\/\/fibrainternacional.org\/wp-content\/uploads\/2023\/06\/Screenshot-2023-06-05-at-11.22.16-300x169.png 300w, https:\/\/fibrainternacional.org\/wp-content\/uploads\/2023\/06\/Screenshot-2023-06-05-at-11.22.16-768x432.png 768w, https:\/\/fibrainternacional.org\/wp-content\/uploads\/2023\/06\/Screenshot-2023-06-05-at-11.22.16-1536x864.png 1536w, https:\/\/fibrainternacional.org\/wp-content\/uploads\/2023\/06\/Screenshot-2023-06-05-at-11.22.16-2048x1151.png 2048w, https:\/\/fibrainternacional.org\/wp-content\/uploads\/2023\/06\/Screenshot-2023-06-05-at-11.22.16-1170x658.png 1170w, https:\/\/fibrainternacional.org\/wp-content\/uploads\/2023\/06\/Screenshot-2023-06-05-at-11.22.16-600x337.png 600w\" sizes=\"(max-width: 332px) 100vw, 332px\" \/><\/figure>\n<\/div>\n\n\n<p>O <a href=\"https:\/\/bit.ly\/3NbVOMs\" target=\"_blank\" rel=\"noreferrer noopener\">Coletivo Democracy for Brazil<\/a> juntamente com <a href=\"https:\/\/bit.ly\/3Cc2q7h\" target=\"_blank\" rel=\"noreferrer noopener\">Amazon Rebellion<\/a> e <a href=\"https:\/\/bit.ly\/42pTcip\" target=\"_blank\" rel=\"noreferrer noopener\">BrazilMatters<\/a> convida para o Ato <a href=\"https:\/\/www.facebook.com\/events\/s\/stop-brazilian-politicians-ste\/628334338956958\/\" target=\"_blank\" rel=\"noreferrer noopener\">STOP BRAZILIAN POLITICIANS STEALING INDIGENOUS LAND. SAY NO TO THE BILL 490!<\/a> a ser realizado amanh\u00e3 ter\u00e7a-feira, dia 06 de junho de 2023, na frente da embaixada do Brasil em Londres. <\/p>\n\n\n\n<p>Evento idealizado e criado pela <strong>APIB Action Group London<\/strong> e conta com o apoio do <a href=\"https:\/\/bit.ly\/3OXvTJF\" target=\"_blank\" rel=\"noreferrer noopener\">Greenpeace UK<\/a>. <\/p>\n\n\n\n<p class=\"has-luminous-vivid-amber-background-color has-background\"><strong>Dia<\/strong>: 06 de junho | ter\u00e7a-feira<br><strong>Local<\/strong>: Em frente \u00e0 Embaixada do Brasil em Londres<br><strong>Hora<\/strong>: 6 p.m. (hora local)<\/p>\n\n\n\n<hr class=\"wp-block-separator has-alpha-channel-opacity\"\/>\n\n\n\n<p>TUESDAY, JUNE 6, 2023 AT 6 PM UTC+02<\/p>\n\n\n\n<p> event was created by <\/p>\n\n\n\n<p>H\u00e1 uma semana, os deputados do Congresso conservador brasileiro aprovaram por 283 votos contra 155 o projecto de lei n\u00ba 490, que imp\u00f5e uma data-limite arbitr\u00e1ria que restringe os direitos dos povos ind\u00edgenas \u00e0 terra.<\/p>\n\n\n\n<p>Se o projecto de lei for aprovado pelo Senado (ainda n\u00e3o h\u00e1 data para vota\u00e7\u00e3o) e sancionado pelo Presidente da Rep\u00fablica, as comunidades ind\u00edgenas brasileiras s\u00f3 ter\u00e3o direito ao reconhecimento formal dos seus territ\u00f3rios protegidos e ancestrais se provarem que estavam fisicamente presentes nos mesmos em 5 de Outubro de 1988. dia em que a Constitui\u00e7\u00e3o do Brasil foi promulgada, ou se n\u00e3o tiverem iniciado reivindica\u00e7\u00f5es legais at\u00e9 essa data.<\/p>\n\n\n\n<p>Para al\u00e9m deste &#8220;truque do prazo&#8221; ser ilegal, se for aprovado, criar\u00e1 espa\u00e7o para mais desfloresta\u00e7\u00e3o, perda de biodiversidade e polui\u00e7\u00e3o dos corpos de \u00e1gua, uma vez que as terras ind\u00edgenas desempenham um papel crucial na batalha contra a emerg\u00eancia clim\u00e1tica.<\/p>\n\n\n\n<p>Enquanto isso, na pr\u00f3xima quarta-feira (7 de junho), o Supremo Tribunal Federal decidir\u00e1 sobre os crit\u00e9rios de demarca\u00e7\u00e3o de terras para a tribo Xokleng do estado de Santa Catarina (regi\u00e3o sul do Brasil), o que abrir\u00e1 jurisdi\u00e7\u00e3o para as pr\u00f3ximas decis\u00f5es sobre a demarca\u00e7\u00e3o de terras ind\u00edgenas no pa\u00eds.<\/p>\n\n\n\n<p>Por favor, ajude-nos a pressionar o Supremo Tribunal Federal e o Senado brasileiro para que protejam aqueles que mais protegem o nosso planeta.<\/p>\n\n\n\n<p>Junte-se a n\u00f3s na pr\u00f3xima ter\u00e7a-feira (6 de junho), entre 17h e 19h, em solidariedade aos Povos Ind\u00edgenas brasileiros que lutam pelo reconhecimento formal de suas terras ancestrais e pelo fim do genoc\u00eddio devido a conflitos hist\u00f3ricos de terra.<\/p>\n\n\n\n<p>Participe! Espalhe a palavra!<\/p>\n\n\n\n<p>Vamos lutar pelos Guardi\u00f5es da Natureza e da Biodiversidade!<\/p>\n\n\n\n<p>A week ago, members of Brazil\u2019s conservative- congress overwhelmingly endorsed bill number 490, by 283 votes to 155, imposing an arbitrary cutoff date that curtails the land rights of Indigenous people.<\/p>\n\n\n\n<p>If such a bill is approved by the Senate (there\u2019s no polling date yet), and endorsed by the Brazilian President, Brazilian indigenous communities would be entitled to have their protected and ancestral territories formally recognised only if they are able to prove they were physically present on them on October 5, 1988. The day Brazil\u2019s Constitution was enacted, or if they had not initiated legal claims by that date.<\/p>\n\n\n\n<p>Apart from this \u201ctime limit trick\u201d bill being illegal, if approved, it will create room for more deforestation, biodiversity loss and water bodies pollution as Indigenous lands play a crucial role in the battle against Climate Emergency.<\/p>\n\n\n\n<p>Meanwhile, this coming Wednesday (7th of June), the Brazilian Supreme Court will decide on land demarcation criteria for the Xokleng tribe from Santa Catarina state (south region of Brazil), which will be opening up jurisdiction for the next decisions on the demarcation of Indigenous lands within the country.<\/p>\n\n\n\n<p>Please help us to put pressure on the Brazilian Supreme Court and Senate to protect those who protect our planet mostly.<\/p>\n\n\n\n<p>Join us this coming Tuesday (6th of June), between 5 and 7 pm, in solidarity with Brazilian Indigenous Peoples fighting to have formal recognition of their ancestral lands and to stop their genocide due to historical land conflicts.<\/p>\n\n\n\n<p>Engage! Spread the word!<\/p>\n\n\n\n<p>Let\u2019s fight for our nature and biodiversity Guardians!<\/p>\n\n\n\n<p><a href=\"https:\/\/www.facebook.com\/hashtag\/notimelimittrick?__eep__=6&amp;__cft__[0]=AZVuL92LfWyKEIEurobsj9pEro8I0LZCVW1SbyzFgrSmJWPOfR88p1kLezKUXLvQrNqWWxCEABaWFZiAMUqCyUPcJhotCBLSyYULB7xG8Ehj4FbRy-8Yo6d1-tQjaVMJPBA&amp;__tn__=q\">#NoTimeLimitTrick<\/a><\/p>\n\n\n\n<p><a href=\"https:\/\/www.facebook.com\/hashtag\/marcotemporalno?__eep__=6&amp;__cft__[0]=AZVuL92LfWyKEIEurobsj9pEro8I0LZCVW1SbyzFgrSmJWPOfR88p1kLezKUXLvQrNqWWxCEABaWFZiAMUqCyUPcJhotCBLSyYULB7xG8Ehj4FbRy-8Yo6d1-tQjaVMJPBA&amp;__tn__=q\">#MarcotemporalNO<\/a><\/p>\n\n\n\n<p>MORE INFO:<\/p>\n\n\n\n<p>This event was created by APIB Action Group London.<\/p>\n\n\n\n<p>Donations to APIB (Articulation of Indigenous Peoples of Brazil) <a href=\"https:\/\/l.facebook.com\/l.php?u=https%3A%2F%2Fbit.ly%2F3qi7swa%3Ffbclid%3DIwAR3phqTm-8r2Mclhik4zVCcriHqYL7QQo8DB29gTc05WSwK6WLA63RA-jME&amp;h=AT26mVMWlMGc33RdIhMUZqG5xKrbKajEGuxtF1Nu07ue3o4R6tTqhLAPU3RiV5zJSfxdFb0c2kb2PXnAwahOjSoumkOtx_GeE_9gTB0-dC3KHZG3kqXIpZEpYNqzWniYpI6-rOzBXsqx47g8_3yM47M&amp;__tn__=q&amp;c[0]=AT2ftNUTw7cb0bnYa6OWAvB4UySq0UgnW_Xj90mKnnbbjmeUcj30YySzp-Oy0yK_JHflj9pYi4CCGXIeCi9QdZTjavH-4Z72MEpWQ-roMvsHQE2Sp0YwgcwuyHWr2Xf3_VjLXZycZCQ6UFtqyp-_9f-8Tiko\" rel=\"noreferrer noopener\" target=\"_blank\">https:\/\/bit.ly\/3qi7swa<\/a><\/p>\n\n\n\n<p>Co-hosted by:<\/p>\n\n\n\n<p>Amazon Rebellion. <a href=\"https:\/\/l.facebook.com\/l.php?u=https%3A%2F%2Fbit.ly%2F3Cc2q7h%3Ffbclid%3DIwAR3F0_WdMlAeQDIsN7ArsLT4Wm-bZNyUsIjvmKCo76pRdMKc0GE69eGPV2U&amp;h=AT11If7XRphyoF-9iVWO_PqMPs4bLBiFHCfvtytrGb3ulCx59ZYIKh_wgSJ-uPMlvV6UYsHB2wEKaMlAFiTa4N_pCUWwMEVUW_n3U24qwGkoYw-QMaTs_ZqslM1AmL3M3E7pocoVKksPsoF-TX20h84&amp;__tn__=q&amp;c[0]=AT2ftNUTw7cb0bnYa6OWAvB4UySq0UgnW_Xj90mKnnbbjmeUcj30YySzp-Oy0yK_JHflj9pYi4CCGXIeCi9QdZTjavH-4Z72MEpWQ-roMvsHQE2Sp0YwgcwuyHWr2Xf3_VjLXZycZCQ6UFtqyp-_9f-8Tiko\" rel=\"noreferrer noopener\" target=\"_blank\">https:\/\/bit.ly\/3Cc2q7h<\/a><\/p>\n\n\n\n<p>BrazilMatters. <a href=\"https:\/\/l.facebook.com\/l.php?u=https%3A%2F%2Fbit.ly%2F42pTcip%3Ffbclid%3DIwAR2CaD8GeHVjmaKC1rkvovGcxHUkq36sNXnqXrrsjYsPrx1xJNPi__oTY-w&amp;h=AT3aG8Y0CYfX6Kq0MgN311qK-3C_HD-K-BQ6pA6sBte75us8-0buBLpCFB4aWpT1Cx-zhdWIBTwXnYZlnREBG8a4llAVdFQ6ydIjqhmaHSMioPSyatIyoNFFpTBNMsuQhIytJmXzneK12rRLhS34HBM&amp;__tn__=q&amp;c[0]=AT2ftNUTw7cb0bnYa6OWAvB4UySq0UgnW_Xj90mKnnbbjmeUcj30YySzp-Oy0yK_JHflj9pYi4CCGXIeCi9QdZTjavH-4Z72MEpWQ-roMvsHQE2Sp0YwgcwuyHWr2Xf3_VjLXZycZCQ6UFtqyp-_9f-8Tiko\" rel=\"noreferrer noopener\" target=\"_blank\">https:\/\/bit.ly\/42pTcip<\/a><\/p>\n\n\n\n<p>Democracy for Brazil <a href=\"https:\/\/l.facebook.com\/l.php?u=https%3A%2F%2Fbit.ly%2F3NbVOMs%3Ffbclid%3DIwAR3326vZp-OLr_mxu2LtZYWAMoOL_HfzK8TxPBLRi3QshGygyK09Spyu2QE&amp;h=AT2JcPxEHTQ-Xq-QAP4QSlnZgftGX3Dc2553KYFEDSHDj1mw6EXcxQCm9906c1YKw2PscI5FGI2MCiFpB_TdYH4RGrhFKgsjdRUoS3fC_ybx5B4642LhVBqdXSWtSuOjbEi5pJNcbrhLKSeZi1TR7lM&amp;__tn__=q&amp;c[0]=AT2ftNUTw7cb0bnYa6OWAvB4UySq0UgnW_Xj90mKnnbbjmeUcj30YySzp-Oy0yK_JHflj9pYi4CCGXIeCi9QdZTjavH-4Z72MEpWQ-roMvsHQE2Sp0YwgcwuyHWr2Xf3_VjLXZycZCQ6UFtqyp-_9f-8Tiko\" rel=\"noreferrer noopener\" target=\"_blank\">https:\/\/bit.ly\/3NbVOMs<\/a><\/p>\n\n\n\n<p>Supported by:<\/p>\n\n\n\n<p>Greenpeace UK. <a href=\"https:\/\/l.facebook.com\/l.php?u=https%3A%2F%2Fbit.ly%2F3OXvTJF%3Ffbclid%3DIwAR308EJ4WgD2NcKGNuZQVy_Atj8y_79vYY9PzUKbh7r6ki8C9nkVTn7awrI&amp;h=AT2uly3h9Q67pfAoGXtIyUWZNQEvS_KJlIFozhvKcyFk3HU889JXJvYD9IWX1b46-U6T2yne45SYSz_WC1qyEi-8jB_m7cbkSGzQRuq0urOEIwRdZYeFrHav9ui5mTc4yhrXemqmxuS4z4tlhdHHLQM&amp;__tn__=q&amp;c[0]=AT2ftNUTw7cb0bnYa6OWAvB4UySq0UgnW_Xj90mKnnbbjmeUcj30YySzp-Oy0yK_JHflj9pYi4CCGXIeCi9QdZTjavH-4Z72MEpWQ-roMvsHQE2Sp0YwgcwuyHWr2Xf3_VjLXZycZCQ6UFtqyp-_9f-8Tiko\" rel=\"noreferrer noopener\" target=\"_blank\">https:\/\/bit.ly\/3OXvTJF<\/a><\/p>\n","protected":false,"gt_translate_keys":[{"key":"rendered","format":"html"}]},"excerpt":{"rendered":"<p>Londres, 04 de junho de 2023 O Coletivo Democracy for Brazil juntamente com Amazon Rebellion e BrazilMatters convida para o Ato STOP BRAZILIAN POLITICIANS STEALING<\/p>\n","protected":false,"gt_translate_keys":[{"key":"rendered","format":"html"}]},"author":2,"featured_media":9983,"comment_status":"open","ping_status":"open","sticky":false,"template":"","format":"standard","meta":{"om_disable_all_campaigns":false,"_eb_attr":"","footnotes":""},"categories":[49,10],"tags":[],"class_list":["post-9982","post","type-post","status-publish","format-standard","has-post-thumbnail","hentry","category-agenda","category-reportagens","three-columns"],"aioseo_notices":[],"rttpg_featured_image_url":{"full":["https:\/\/fibrainternacional.org\/wp-content\/uploads\/2023\/06\/Screenshot-2023-06-05-at-11.22.16.png",2540,1428,false],"landscape":["https:\/\/fibrainternacional.org\/wp-content\/uploads\/2023\/06\/Screenshot-2023-06-05-at-11.22.16.png",2540,1428,false],"portraits":["https:\/\/fibrainternacional.org\/wp-content\/uploads\/2023\/06\/Screenshot-2023-06-05-at-11.22.16.png",2540,1428,false],"thumbnail":["https:\/\/fibrainternacional.org\/wp-content\/uploads\/2023\/06\/Screenshot-2023-06-05-at-11.22.16-150x150.png",150,150,true],"medium":["https:\/\/fibrainternacional.org\/wp-content\/uploads\/2023\/06\/Screenshot-2023-06-05-at-11.22.16-300x169.png",300,169,true],"large":["https:\/\/fibrainternacional.org\/wp-content\/uploads\/2023\/06\/Screenshot-2023-06-05-at-11.22.16-1024x576.png",640,360,true],"1536x1536":["https:\/\/fibrainternacional.org\/wp-content\/uploads\/2023\/06\/Screenshot-2023-06-05-at-11.22.16-1536x864.png",1536,864,true],"2048x2048":["https:\/\/fibrainternacional.org\/wp-content\/uploads\/2023\/06\/Screenshot-2023-06-05-at-11.22.16-2048x1151.png",2048,1151,true],"refined-magazine-carousel-img":["https:\/\/fibrainternacional.org\/wp-content\/uploads\/2023\/06\/Screenshot-2023-06-05-at-11.22.16-783x450.png",783,450,true],"refined-magazine-carousel-img-landscape":["https:\/\/fibrainternacional.org\/wp-content\/uploads\/2023\/06\/Screenshot-2023-06-05-at-11.22.16-783x225.png",783,225,true],"refined-magazine-carousel-large-img":["https:\/\/fibrainternacional.org\/wp-content\/uploads\/2023\/06\/Screenshot-2023-06-05-at-11.22.16-1000x574.png",1000,574,true],"refined-magazine-carousel-large-img-landscape":["https:\/\/fibrainternacional.org\/wp-content\/uploads\/2023\/06\/Screenshot-2023-06-05-at-11.22.16-1000x287.png",1000,287,true],"refined-magazine-large-thumb":["https:\/\/fibrainternacional.org\/wp-content\/uploads\/2023\/06\/Screenshot-2023-06-05-at-11.22.16-1170x658.png",1170,658,true],"refined-magazine-small-thumb":["https:\/\/fibrainternacional.org\/wp-content\/uploads\/2023\/06\/Screenshot-2023-06-05-at-11.22.16-350x220.png",350,220,true]},"rttpg_author":{"display_name":"clearwaterdijk","author_link":"https:\/\/fibrainternacional.org\/?author=2"},"rttpg_comment":0,"rttpg_category":"<a href=\"https:\/\/fibrainternacional.org\/?cat=49\" rel=\"category\">Agenda<\/a> <a href=\"https:\/\/fibrainternacional.org\/?cat=10\" rel=\"category\">Reportagens<\/a>","rttpg_excerpt":"Londres, 04 de junho de 2023 O Coletivo Democracy for Brazil juntamente com Amazon Rebellion e BrazilMatters convida para o Ato STOP BRAZILIAN POLITICIANS STEALING","gt_translate_keys":[{"key":"link","format":"url"}],"_links":{"self":[{"href":"https:\/\/fibrainternacional.org\/index.php?rest_route=\/wp\/v2\/posts\/9982","targetHints":{"allow":["GET"]}}],"collection":[{"href":"https:\/\/fibrainternacional.org\/index.php?rest_route=\/wp\/v2\/posts"}],"about":[{"href":"https:\/\/fibrainternacional.org\/index.php?rest_route=\/wp\/v2\/types\/post"}],"author":[{"embeddable":true,"href":"https:\/\/fibrainternacional.org\/index.php?rest_route=\/wp\/v2\/users\/2"}],"replies":[{"embeddable":true,"href":"https:\/\/fibrainternacional.org\/index.php?rest_route=%2Fwp%2Fv2%2Fcomments&post=9982"}],"version-history":[{"count":1,"href":"https:\/\/fibrainternacional.org\/index.php?rest_route=\/wp\/v2\/posts\/9982\/revisions"}],"predecessor-version":[{"id":9984,"href":"https:\/\/fibrainternacional.org\/index.php?rest_route=\/wp\/v2\/posts\/9982\/revisions\/9984"}],"wp:featuredmedia":[{"embeddable":true,"href":"https:\/\/fibrainternacional.org\/index.php?rest_route=\/wp\/v2\/media\/9983"}],"wp:attachment":[{"href":"https:\/\/fibrainternacional.org\/index.php?rest_route=%2Fwp%2Fv2%2Fmedia&parent=9982"}],"wp:term":[{"taxonomy":"category","embeddable":true,"href":"https:\/\/fibrainternacional.org\/index.php?rest_route=%2Fwp%2Fv2%2Fcategories&post=9982"},{"taxonomy":"post_tag","embeddable":true,"href":"https:\/\/fibrainternacional.org\/index.php?rest_route=%2Fwp%2Fv2%2Ftags&post=9982"}],"curies":[{"name":"wp","href":"https:\/\/api.w.org\/{rel}","templated":true}]}}