{"id":9985,"date":"2023-06-05T15:49:27","date_gmt":"2023-06-05T13:49:27","guid":{"rendered":"http:\/\/fibrainternacional.org\/?p=9985"},"modified":"2023-06-06T13:44:49","modified_gmt":"2023-06-06T11:44:49","slug":"agir-na-emergencia-climatica-lisboa","status":"publish","type":"post","link":"https:\/\/fibrainternacional.org\/?p=9985","title":{"rendered":"&#8220;Agir na Emerg\u00eancia Clim\u00e1tica&#8221;- Lisboa","gt_translate_keys":[{"key":"rendered","format":"text"}]},"content":{"rendered":"<div class=\"wp-block-image is-style-default\">\n<figure class=\"alignright size-large is-resized\"><img decoding=\"async\" src=\"http:\/\/fibrainternacional.org\/wp-content\/uploads\/2023\/06\/Screenshot-2023-06-06-at-12.08.29-1024x574.png\" alt=\"\" class=\"wp-image-9988\" width=\"-125\" height=\"-70\" srcset=\"https:\/\/fibrainternacional.org\/wp-content\/uploads\/2023\/06\/Screenshot-2023-06-06-at-12.08.29-1024x574.png 1024w, https:\/\/fibrainternacional.org\/wp-content\/uploads\/2023\/06\/Screenshot-2023-06-06-at-12.08.29-300x168.png 300w, https:\/\/fibrainternacional.org\/wp-content\/uploads\/2023\/06\/Screenshot-2023-06-06-at-12.08.29-768x430.png 768w, https:\/\/fibrainternacional.org\/wp-content\/uploads\/2023\/06\/Screenshot-2023-06-06-at-12.08.29-1536x861.png 1536w, https:\/\/fibrainternacional.org\/wp-content\/uploads\/2023\/06\/Screenshot-2023-06-06-at-12.08.29-2048x1148.png 2048w, https:\/\/fibrainternacional.org\/wp-content\/uploads\/2023\/06\/Screenshot-2023-06-06-at-12.08.29-1170x656.png 1170w, https:\/\/fibrainternacional.org\/wp-content\/uploads\/2023\/06\/Screenshot-2023-06-06-at-12.08.29-600x336.png 600w\" sizes=\"(max-width: 1024px) 100vw, 1024px\" \/><\/figure>\n<\/div>\n\n\n<p>O Coletivo Andorinha de Lisboa, est\u00e1 convocando a milit\u00e2ncia brasileira em Portugal e ativistas amigos do Brasil para irem \u00e0s ruas em Lisboa protestar contra a imposi\u00e7\u00e3o do Marco Temporal \u00e0 agenda brasileira.<\/p>\n\n\n\n<p>Mais uma tentativa agressiva de legislar contra os povos ind\u00edgenas e a favor do grande capital e do agroneg\u00f3cio que se constitui em destrui\u00e7\u00e3o e amea\u00e7as aos povos origin\u00e1rios, seus territ\u00f3rios e \u00e0 toda realidade ambiental que precisa de prote\u00e7\u00e3o mais do que nunca!<\/p>\n\n\n\n<p class=\"has-background\" style=\"background-color:#ff6a00cc\"><strong>Onde<\/strong>: Pra\u00e7a Luiz de Cam\u00f5es, Lisboa<br><strong>Quando<\/strong>: 7 de junho | quarta-feira<br><strong>Hor\u00e1rio<\/strong>: 17h (hora local)<\/p>\n\n\n\n<hr class=\"wp-block-separator has-alpha-channel-opacity\"\/>\n\n\n\n<p>Ato-debate em apoio aos povos ind\u00edgenas alerta para os impactos irrevers\u00edveis com a aprova\u00e7\u00e3o do <a href=\"https:\/\/apiboficial.org\/marco-temporal\/\" target=\"_blank\" rel=\"noreferrer noopener\">Marco Temporal<\/a> no Brasil, nesta quarta-feira (7\/6).<br>Com a participa\u00e7\u00e3o da indigenista e Doutora em Direito <a href=\"https:\/\/www.escavador.com\/sobre\/5419394\/carolina-ribeiro-santana\" target=\"_blank\" rel=\"noreferrer noopener\">Carolina Santana <\/a>e da poetisa e pesquisadora ind\u00edgena <a href=\"https:\/\/www.instagram.com\/ellenlimawassu\/\" target=\"_blank\" rel=\"noreferrer noopener\">Ellen Lima Wassu<\/a>, organiza\u00e7\u00f5es baseadas em Portugal realizam o ato-debate p\u00fablico \u00e0s 17h, no Largo Cam\u00f5es em Lisboa, pouco antes da vota\u00e7\u00e3o do Supremo Tribunal Federal em Bras\u00edlia.<\/p>\n\n\n\n<p>Um \u201cgenoc\u00eddio legislado\u201d, com impactos ambientais irrevers\u00edveis para todo o planeta, s\u00e3o as consequ\u00eancias previstas, caso o projeto de lei conhecido como Marco Legal for institu\u00eddo pelo Estado Brasileiro. O risco \u00e9 iminente. Na pr\u00f3xima quarta-feira, o julgamento do caso ser\u00e1 retomado pelo Supremo Tribunal Federal (Bras\u00edlia). Como forma de mobilizar a comunidade internacional para que esta tese seja negada pelo STF brasileiro, e n\u00e3o avance no legislativo do pa\u00eds, ser\u00e1 realizado o Ato-debate em apoio aos povos ind\u00edgenas: agir na emerg\u00eancia clim\u00e1tica contra o marco temporal no Brasil, nesta quarta-feira (7\/6), na Pra\u00e7a de Lu\u00eds de Cam\u00f5es (Lisboa), a partir das 17h.<\/p>\n\n\n\n<p>O ato-debate ser\u00e1 realizado por organiza\u00e7\u00f5es baseadas em Portugal como o <a href=\"https:\/\/www.facebook.com\/coletivoandorinha?locale=pt_BR\" target=\"_blank\" rel=\"noreferrer noopener\">Coletivo Andorinha \u2013 Frente Democr\u00e1tica Brasileira<\/a> em Lisboa; <a href=\"https:\/\/www.facebook.com\/casadobrasildelisboa?locale=pt_BR\" target=\"_blank\" rel=\"noreferrer noopener\">Casa do Brasil de Lisboa<\/a>; <a href=\"https:\/\/www.facebook.com\/diasporasemfronteiras\/?locale=pt_BR\" target=\"_blank\" rel=\"noreferrer noopener\">Di\u00e1spora Sem Fronteiras<\/a> e <a href=\"https:\/\/comitedesolidariedade.noblogs.org\/\" target=\"_blank\" rel=\"noreferrer noopener\">Comit\u00ea de Solidariedade entre os Povos<\/a>. A den\u00fancia p\u00fablica ser\u00e1 fundamentada pela indigenista Carolina Santana, que realizou pesquisa de Doutoramento sobre a tese do Marco Temporal; e a pesquisadora ind\u00edgena e escritora Ellen Lima Wassu, com media\u00e7\u00e3o da antrop\u00f3loga Susana Matos Vi\u00e9gas.<\/p>\n\n\n\n<p>O julgamento do STF do Recurso Extraordin\u00e1rio (RE) 1017365 estava suspenso por pedido de vista do ministro Alexandre de Moraes. At\u00e9 o momento, foram proferidos dois votos: o do relator, ministro Edson Fachin, que se manifestou contra o marco temporal, e o do ministro Nunes Marques, a favor. No entanto, o projeto de lei tamb\u00e9m corre o risco de ser aprovado no legislativo. A C\u00e2mara dos Deputados aprovou no \u00faltimo dia 24 de maio, o regime de urg\u00eancia do Projeto de Lei sobre o marco temporal da demarca\u00e7\u00e3o de terras ind\u00edgenas.<\/p>\n\n\n\n<p><br>O que \u00e9 o Marco Temporal?<\/p>\n\n\n\n<ul class=\"wp-block-list\">\n<li>O Marco Temporal \u00e9 uma tese jur\u00eddica defendida pela agroind\u00fastria brasileira que prop\u00f5e que apenas os territ\u00f3rios ocupados por povos ind\u00edgenas no dia 5 de outubro de 1988, data de promulga\u00e7\u00e3o da Constitui\u00e7\u00e3o Federal, podem ser reconhecidos e demarcados.<\/li>\n\n\n\n<li>O Marco Temporal \u00e9 uma interpreta\u00e7\u00e3o legal perversa e inconstitucional, que ignora que devido aos s\u00e9culos de persegui\u00e7\u00e3o e exterm\u00ednio, muitos povos ind\u00edgenas foram expulsos de seus territ\u00f3rios. No dia 7 de junho, o Supremo Tribunal Federal (STF) ir\u00e1 retomar o julgamento do Marco Temporal, relacionada ao caso do <a href=\"https:\/\/pib.socioambiental.org\/pt\/Povo:Xokleng\" target=\"_blank\" rel=\"noreferrer noopener\">Povo Xokleng<\/a> e de aplica\u00e7\u00e3o nacional.<\/li>\n\n\n\n<li>Caso a tese do Marco Temporal seja aprovada no Congresso, a demarca\u00e7\u00e3o das Terras Ind\u00edgenas (TI) ser\u00e1 transferida do Poder Executivo para o Poder Legislativo; a Lei Permite a constru\u00e7\u00e3o de rodovias, hidrel\u00e9tricas e outras obras em TIs, sem consulta pr\u00e9via, livre e informada; autoriza que fazendeiros fa\u00e7am contratos com ind\u00edgenas para planta\u00e7\u00e3o de soja, cria\u00e7\u00e3o de gado, promo\u00e7\u00e3o de garimpo e minera\u00e7\u00e3o em Tis; Permite que qualquer pessoa questione os processos de demarca\u00e7\u00e3o dos territ\u00f3rios, inclusive dos j\u00e1 demarcados; reconhece a legitimidade da posse de terra de invasores de TIs, facilitando a grilagem de terras; recupera ordenamento jur\u00eddico ditatorial que promove acultura\u00e7\u00e3o dos povos ind\u00edgenas; flexibiliza a pol\u00edtica de n\u00e3o-contato com povos ind\u00edgenas em situa\u00e7\u00e3o de isolamento volunt\u00e1rio; reformula conceitos constitucionais da pol\u00edtica indigenista, como a tradicionalidade da ocupa\u00e7\u00e3o, o direito origin\u00e1rio e o usufruto exclusivo.<\/li>\n<\/ul>\n\n\n\n<p class=\"has-background\" style=\"background-color:#ff6a00cc\"><strong>Saiba mais:<\/strong><br>&#8211; <strong><a href=\"https:\/\/www.escavador.com\/sobre\/5419394\/carolina-ribeiro-santana\" target=\"_blank\" rel=\"noreferrer noopener\">Carolina Santana<\/a>:<\/strong> foi indigenista Especializada da Funai (Funda\u00e7\u00e3o Nacional dos Povos Ind\u00edgenas) por dez anos. Atua como assessora jur\u00eddica do OPI &#8211; Observat\u00f3rio dos Direitos Humanos dos Povos Ind\u00edgenas Isolados e de Recente Contato. \u00c9 Diretora Jur\u00eddica do Instituto AmazoniAlerta e representante no Brasil do <em>Indigenous Peoples Rights International<\/em>. Atualmente, comp\u00f5e o Grupo de Trabalho \u201cDireitos ind\u00edgenas: acesso \u00e0 justi\u00e7a e singularidades processuais\u201d, do Conselho Nacional de Justi\u00e7a.<br>&#8211; <strong><a href=\"https:\/\/www.instagram.com\/ellenlimawassu\/\" target=\"_blank\" rel=\"noreferrer noopener\">Ellen Lima<\/a><\/strong>: Poetisa, autora do livro Ix\u00e9 Ygar\u00e1 voltando para `y\u00b4k\u00fb\u00e1 (canoa voltando para enseada do rio), todo escrito num entrela\u00e7amento das duas l\u00ednguas. A autora trata por meio de uma sequ\u00eancia de poemas curtos sobre a hist\u00f3ria de uma mulher ind\u00edgena atravessada pela ocidentaliza\u00e7\u00e3o que, numa dada altura da vida, aceita o caminho de retorno e de retomada da sua ancestralidade para viver, portanto, num limbo de identidades originalmente antag\u00f4nicas.<\/p>\n\n\n\n<p class=\"has-black-color has-white-background-color has-text-color has-background\"><strong>Ato debate em apoio aos povos ind\u00edgenas:<\/strong><br>Agir na Emerg\u00eancia Clim\u00e1tica contra o Marco Temporal no Brasil<br>Dia 7\/6 (quarta-feira) | na Pra\u00e7a de Lu\u00eds de Cam\u00f5es (Lisboa) | \u00e0s 17h<\/p>\n\n\n\n<p class=\"has-background\" style=\"background-color:#ff6a00cc\"><strong>Informa\u00e7\u00f5es \u00e0 imprensa:<\/strong><br>E-mail: coletivoandorinha.fdbl@gmail.com<br>Whatsapp: + 351 917883081<br>https:\/\/www.facebook.com\/coletivoandorinha<\/p>\n\n\n\n<p><\/p>\n","protected":false,"gt_translate_keys":[{"key":"rendered","format":"html"}]},"excerpt":{"rendered":"<p>O Coletivo Andorinha de Lisboa, est\u00e1 convocando a milit\u00e2ncia brasileira em Portugal e ativistas amigos do Brasil para irem \u00e0s ruas em Lisboa protestar contra<\/p>\n","protected":false,"gt_translate_keys":[{"key":"rendered","format":"html"}]},"author":2,"featured_media":9988,"comment_status":"open","ping_status":"open","sticky":false,"template":"","format":"standard","meta":{"om_disable_all_campaigns":false,"_eb_attr":"","footnotes":""},"categories":[49,10],"tags":[],"class_list":["post-9985","post","type-post","status-publish","format-standard","has-post-thumbnail","hentry","category-agenda","category-reportagens","three-columns"],"aioseo_notices":[],"rttpg_featured_image_url":{"full":["https:\/\/fibrainternacional.org\/wp-content\/uploads\/2023\/06\/Screenshot-2023-06-06-at-12.08.29.png",2552,1430,false],"landscape":["https:\/\/fibrainternacional.org\/wp-content\/uploads\/2023\/06\/Screenshot-2023-06-06-at-12.08.29.png",2552,1430,false],"portraits":["https:\/\/fibrainternacional.org\/wp-content\/uploads\/2023\/06\/Screenshot-2023-06-06-at-12.08.29.png",2552,1430,false],"thumbnail":["https:\/\/fibrainternacional.org\/wp-content\/uploads\/2023\/06\/Screenshot-2023-06-06-at-12.08.29-150x150.png",150,150,true],"medium":["https:\/\/fibrainternacional.org\/wp-content\/uploads\/2023\/06\/Screenshot-2023-06-06-at-12.08.29-300x168.png",300,168,true],"large":["https:\/\/fibrainternacional.org\/wp-content\/uploads\/2023\/06\/Screenshot-2023-06-06-at-12.08.29-1024x574.png",640,359,true],"1536x1536":["https:\/\/fibrainternacional.org\/wp-content\/uploads\/2023\/06\/Screenshot-2023-06-06-at-12.08.29-1536x861.png",1536,861,true],"2048x2048":["https:\/\/fibrainternacional.org\/wp-content\/uploads\/2023\/06\/Screenshot-2023-06-06-at-12.08.29-2048x1148.png",2048,1148,true],"refined-magazine-carousel-img":["https:\/\/fibrainternacional.org\/wp-content\/uploads\/2023\/06\/Screenshot-2023-06-06-at-12.08.29-783x450.png",783,450,true],"refined-magazine-carousel-img-landscape":["https:\/\/fibrainternacional.org\/wp-content\/uploads\/2023\/06\/Screenshot-2023-06-06-at-12.08.29-783x225.png",783,225,true],"refined-magazine-carousel-large-img":["https:\/\/fibrainternacional.org\/wp-content\/uploads\/2023\/06\/Screenshot-2023-06-06-at-12.08.29-1000x574.png",1000,574,true],"refined-magazine-carousel-large-img-landscape":["https:\/\/fibrainternacional.org\/wp-content\/uploads\/2023\/06\/Screenshot-2023-06-06-at-12.08.29-1000x287.png",1000,287,true],"refined-magazine-large-thumb":["https:\/\/fibrainternacional.org\/wp-content\/uploads\/2023\/06\/Screenshot-2023-06-06-at-12.08.29-1170x656.png",1170,656,true],"refined-magazine-small-thumb":["https:\/\/fibrainternacional.org\/wp-content\/uploads\/2023\/06\/Screenshot-2023-06-06-at-12.08.29-350x220.png",350,220,true]},"rttpg_author":{"display_name":"clearwaterdijk","author_link":"https:\/\/fibrainternacional.org\/?author=2"},"rttpg_comment":1,"rttpg_category":"<a href=\"https:\/\/fibrainternacional.org\/?cat=49\" rel=\"category\">Agenda<\/a> <a href=\"https:\/\/fibrainternacional.org\/?cat=10\" rel=\"category\">Reportagens<\/a>","rttpg_excerpt":"O Coletivo Andorinha de Lisboa, est\u00e1 convocando a milit\u00e2ncia brasileira em Portugal e ativistas amigos do Brasil para irem \u00e0s ruas em Lisboa protestar contra","gt_translate_keys":[{"key":"link","format":"url"}],"_links":{"self":[{"href":"https:\/\/fibrainternacional.org\/index.php?rest_route=\/wp\/v2\/posts\/9985","targetHints":{"allow":["GET"]}}],"collection":[{"href":"https:\/\/fibrainternacional.org\/index.php?rest_route=\/wp\/v2\/posts"}],"about":[{"href":"https:\/\/fibrainternacional.org\/index.php?rest_route=\/wp\/v2\/types\/post"}],"author":[{"embeddable":true,"href":"https:\/\/fibrainternacional.org\/index.php?rest_route=\/wp\/v2\/users\/2"}],"replies":[{"embeddable":true,"href":"https:\/\/fibrainternacional.org\/index.php?rest_route=%2Fwp%2Fv2%2Fcomments&post=9985"}],"version-history":[{"count":4,"href":"https:\/\/fibrainternacional.org\/index.php?rest_route=\/wp\/v2\/posts\/9985\/revisions"}],"predecessor-version":[{"id":9994,"href":"https:\/\/fibrainternacional.org\/index.php?rest_route=\/wp\/v2\/posts\/9985\/revisions\/9994"}],"wp:featuredmedia":[{"embeddable":true,"href":"https:\/\/fibrainternacional.org\/index.php?rest_route=\/wp\/v2\/media\/9988"}],"wp:attachment":[{"href":"https:\/\/fibrainternacional.org\/index.php?rest_route=%2Fwp%2Fv2%2Fmedia&parent=9985"}],"wp:term":[{"taxonomy":"category","embeddable":true,"href":"https:\/\/fibrainternacional.org\/index.php?rest_route=%2Fwp%2Fv2%2Fcategories&post=9985"},{"taxonomy":"post_tag","embeddable":true,"href":"https:\/\/fibrainternacional.org\/index.php?rest_route=%2Fwp%2Fv2%2Ftags&post=9985"}],"curies":[{"name":"wp","href":"https:\/\/api.w.org\/{rel}","templated":true}]}}