{"id":9995,"date":"2023-06-09T16:04:43","date_gmt":"2023-06-09T14:04:43","guid":{"rendered":"http:\/\/fibrainternacional.org\/?p=9995"},"modified":"2023-06-09T16:04:44","modified_gmt":"2023-06-09T14:04:44","slug":"paris-diz-nao-ao-marco-temporal","status":"publish","type":"post","link":"https:\/\/fibrainternacional.org\/?p=9995","title":{"rendered":"Paris diz N\u00e3o ao Marco Temporal","gt_translate_keys":[{"key":"rendered","format":"text"}]},"content":{"rendered":"\n<p>Paris, 08 de junho de 2023<\/p>\n\n\n\n<p>Enviado por M\u00e1rcia Camargos, para o site da Fibra.<\/p>\n\n\n\n<p class=\"has-background\" style=\"background-color:#f7e0a0\"><strong>Contra o Marco Temporal<\/strong><\/p>\n\n\n\n<p>Nessa quarta-feira, por volta das 18h30 houve outra manifesta\u00e7\u00e3o na porta da embaixada brasileira de Paris. Dessa vez n\u00e3o protestavam contra o governo como ocorreu nos \u00faltimos 4 anos. Agora, artistas e cidad\u00e3os brasileiros e franceses indignados vieram denunciar a atrocidade do Marco Temporal. Aprovado pela C\u00e2mara dos Deputados, a medida representa um dos maiores retrocessos para os povos ind\u00edgenas e suas terras. Deixa aberto o caminho para o avan\u00e7o do agroneg\u00f3cio e a destrui\u00e7\u00e3o da Floresta Amaz\u00f4nica.<br>N\u00e3o ao PL 490!<br>Autres Br\u00e9sils<br>Alerte France Br\u00e9sil<br>Femmes de la R\u00e9sistance<\/p>\n\n\n\n<p><strong>Confira as Imagens do dia:<\/strong><\/p>\n\n\n\n<figure class=\"wp-block-image size-large is-style-default\"><img fetchpriority=\"high\" decoding=\"async\" width=\"1024\" height=\"575\" src=\"http:\/\/fibrainternacional.org\/wp-content\/uploads\/2023\/06\/Screenshot-2023-06-09-at-16.00.36-1024x575.png\" alt=\"\" class=\"wp-image-9997\" srcset=\"https:\/\/fibrainternacional.org\/wp-content\/uploads\/2023\/06\/Screenshot-2023-06-09-at-16.00.36-1024x575.png 1024w, https:\/\/fibrainternacional.org\/wp-content\/uploads\/2023\/06\/Screenshot-2023-06-09-at-16.00.36-300x168.png 300w, https:\/\/fibrainternacional.org\/wp-content\/uploads\/2023\/06\/Screenshot-2023-06-09-at-16.00.36-768x431.png 768w, https:\/\/fibrainternacional.org\/wp-content\/uploads\/2023\/06\/Screenshot-2023-06-09-at-16.00.36-1536x862.png 1536w, https:\/\/fibrainternacional.org\/wp-content\/uploads\/2023\/06\/Screenshot-2023-06-09-at-16.00.36-2048x1149.png 2048w, https:\/\/fibrainternacional.org\/wp-content\/uploads\/2023\/06\/Screenshot-2023-06-09-at-16.00.36-1170x657.png 1170w, https:\/\/fibrainternacional.org\/wp-content\/uploads\/2023\/06\/Screenshot-2023-06-09-at-16.00.36-600x337.png 600w\" sizes=\"(max-width: 1024px) 100vw, 1024px\" \/><figcaption class=\"wp-element-caption\"><strong>Cr\u00e9ditos v\u00eddeo<\/strong>: Alerte France Br\u00e9sil\/MD18<\/figcaption><\/figure>\n\n\n\n<figure class=\"wp-block-image size-large is-style-default\"><img decoding=\"async\" width=\"1024\" height=\"575\" src=\"http:\/\/fibrainternacional.org\/wp-content\/uploads\/2023\/06\/Screenshot-2023-06-09-at-16.00.40-1024x575.png\" alt=\"\" class=\"wp-image-9998\" srcset=\"https:\/\/fibrainternacional.org\/wp-content\/uploads\/2023\/06\/Screenshot-2023-06-09-at-16.00.40-1024x575.png 1024w, https:\/\/fibrainternacional.org\/wp-content\/uploads\/2023\/06\/Screenshot-2023-06-09-at-16.00.40-300x168.png 300w, https:\/\/fibrainternacional.org\/wp-content\/uploads\/2023\/06\/Screenshot-2023-06-09-at-16.00.40-768x431.png 768w, https:\/\/fibrainternacional.org\/wp-content\/uploads\/2023\/06\/Screenshot-2023-06-09-at-16.00.40-1536x862.png 1536w, https:\/\/fibrainternacional.org\/wp-content\/uploads\/2023\/06\/Screenshot-2023-06-09-at-16.00.40-2048x1149.png 2048w, https:\/\/fibrainternacional.org\/wp-content\/uploads\/2023\/06\/Screenshot-2023-06-09-at-16.00.40-1170x657.png 1170w, https:\/\/fibrainternacional.org\/wp-content\/uploads\/2023\/06\/Screenshot-2023-06-09-at-16.00.40-600x337.png 600w\" sizes=\"(max-width: 1024px) 100vw, 1024px\" \/><figcaption class=\"wp-element-caption\"><strong>Cr\u00e9ditos v\u00eddeo<\/strong>: Alerte France Br\u00e9sil\/MD18<\/figcaption><\/figure>\n\n\n\n<figure class=\"wp-block-embed is-type-video is-provider-youtube wp-block-embed-youtube wp-embed-aspect-16-9 wp-has-aspect-ratio\"><div class=\"wp-block-embed__wrapper\">\n<iframe title=\"Paris Contra o Marco Temporal\" width=\"640\" height=\"360\" src=\"https:\/\/www.youtube.com\/embed\/XkkVhSNe3vY?feature=oembed\" frameborder=\"0\" allow=\"accelerometer; autoplay; clipboard-write; encrypted-media; gyroscope; picture-in-picture; web-share\" referrerpolicy=\"strict-origin-when-cross-origin\" allowfullscreen><\/iframe>\n<\/div><figcaption class=\"wp-element-caption\"><strong>Cr\u00e9ditos v\u00eddeo<\/strong>: Alerte France Br\u00e9sil\/MD18<\/figcaption><\/figure>\n","protected":false,"gt_translate_keys":[{"key":"rendered","format":"html"}]},"excerpt":{"rendered":"<p>Paris, 08 de junho de 2023 Enviado por M\u00e1rcia Camargos, para o site da Fibra. Contra o Marco Temporal Nessa quarta-feira, por volta das 18h30<\/p>\n","protected":false,"gt_translate_keys":[{"key":"rendered","format":"html"}]},"author":2,"featured_media":9996,"comment_status":"open","ping_status":"open","sticky":false,"template":"","format":"standard","meta":{"om_disable_all_campaigns":false,"_eb_attr":"","footnotes":""},"categories":[10],"tags":[],"class_list":["post-9995","post","type-post","status-publish","format-standard","has-post-thumbnail","hentry","category-reportagens","three-columns"],"aioseo_notices":[],"rttpg_featured_image_url":{"full":["https:\/\/fibrainternacional.org\/wp-content\/uploads\/2023\/06\/Screenshot-2023-06-09-at-16.00.31.png",2548,1430,false],"landscape":["https:\/\/fibrainternacional.org\/wp-content\/uploads\/2023\/06\/Screenshot-2023-06-09-at-16.00.31.png",2548,1430,false],"portraits":["https:\/\/fibrainternacional.org\/wp-content\/uploads\/2023\/06\/Screenshot-2023-06-09-at-16.00.31.png",2548,1430,false],"thumbnail":["https:\/\/fibrainternacional.org\/wp-content\/uploads\/2023\/06\/Screenshot-2023-06-09-at-16.00.31-150x150.png",150,150,true],"medium":["https:\/\/fibrainternacional.org\/wp-content\/uploads\/2023\/06\/Screenshot-2023-06-09-at-16.00.31-300x168.png",300,168,true],"large":["https:\/\/fibrainternacional.org\/wp-content\/uploads\/2023\/06\/Screenshot-2023-06-09-at-16.00.31-1024x575.png",640,359,true],"1536x1536":["https:\/\/fibrainternacional.org\/wp-content\/uploads\/2023\/06\/Screenshot-2023-06-09-at-16.00.31-1536x862.png",1536,862,true],"2048x2048":["https:\/\/fibrainternacional.org\/wp-content\/uploads\/2023\/06\/Screenshot-2023-06-09-at-16.00.31-2048x1149.png",2048,1149,true],"refined-magazine-carousel-img":["https:\/\/fibrainternacional.org\/wp-content\/uploads\/2023\/06\/Screenshot-2023-06-09-at-16.00.31-783x450.png",783,450,true],"refined-magazine-carousel-img-landscape":["https:\/\/fibrainternacional.org\/wp-content\/uploads\/2023\/06\/Screenshot-2023-06-09-at-16.00.31-783x225.png",783,225,true],"refined-magazine-carousel-large-img":["https:\/\/fibrainternacional.org\/wp-content\/uploads\/2023\/06\/Screenshot-2023-06-09-at-16.00.31-1000x574.png",1000,574,true],"refined-magazine-carousel-large-img-landscape":["https:\/\/fibrainternacional.org\/wp-content\/uploads\/2023\/06\/Screenshot-2023-06-09-at-16.00.31-1000x287.png",1000,287,true],"refined-magazine-large-thumb":["https:\/\/fibrainternacional.org\/wp-content\/uploads\/2023\/06\/Screenshot-2023-06-09-at-16.00.31-1170x657.png",1170,657,true],"refined-magazine-small-thumb":["https:\/\/fibrainternacional.org\/wp-content\/uploads\/2023\/06\/Screenshot-2023-06-09-at-16.00.31-350x220.png",350,220,true]},"rttpg_author":{"display_name":"clearwaterdijk","author_link":"https:\/\/fibrainternacional.org\/?author=2"},"rttpg_comment":4,"rttpg_category":"<a href=\"https:\/\/fibrainternacional.org\/?cat=10\" rel=\"category\">Reportagens<\/a>","rttpg_excerpt":"Paris, 08 de junho de 2023 Enviado por M\u00e1rcia Camargos, para o site da Fibra. Contra o Marco Temporal Nessa quarta-feira, por volta das 18h30","gt_translate_keys":[{"key":"link","format":"url"}],"_links":{"self":[{"href":"https:\/\/fibrainternacional.org\/index.php?rest_route=\/wp\/v2\/posts\/9995","targetHints":{"allow":["GET"]}}],"collection":[{"href":"https:\/\/fibrainternacional.org\/index.php?rest_route=\/wp\/v2\/posts"}],"about":[{"href":"https:\/\/fibrainternacional.org\/index.php?rest_route=\/wp\/v2\/types\/post"}],"author":[{"embeddable":true,"href":"https:\/\/fibrainternacional.org\/index.php?rest_route=\/wp\/v2\/users\/2"}],"replies":[{"embeddable":true,"href":"https:\/\/fibrainternacional.org\/index.php?rest_route=%2Fwp%2Fv2%2Fcomments&post=9995"}],"version-history":[{"count":1,"href":"https:\/\/fibrainternacional.org\/index.php?rest_route=\/wp\/v2\/posts\/9995\/revisions"}],"predecessor-version":[{"id":9999,"href":"https:\/\/fibrainternacional.org\/index.php?rest_route=\/wp\/v2\/posts\/9995\/revisions\/9999"}],"wp:featuredmedia":[{"embeddable":true,"href":"https:\/\/fibrainternacional.org\/index.php?rest_route=\/wp\/v2\/media\/9996"}],"wp:attachment":[{"href":"https:\/\/fibrainternacional.org\/index.php?rest_route=%2Fwp%2Fv2%2Fmedia&parent=9995"}],"wp:term":[{"taxonomy":"category","embeddable":true,"href":"https:\/\/fibrainternacional.org\/index.php?rest_route=%2Fwp%2Fv2%2Fcategories&post=9995"},{"taxonomy":"post_tag","embeddable":true,"href":"https:\/\/fibrainternacional.org\/index.php?rest_route=%2Fwp%2Fv2%2Ftags&post=9995"}],"curies":[{"name":"wp","href":"https:\/\/api.w.org\/{rel}","templated":true}]}}